{"id":1003,"date":"2017-01-22T14:09:03","date_gmt":"2017-01-22T13:09:03","guid":{"rendered":"http:\/\/www.prochoix.org\/wordpress\/?p=1003"},"modified":"2017-01-22T18:38:44","modified_gmt":"2017-01-22T17:38:44","slug":"une-marche-pour-la-vie-benie-par-le-pape","status":"publish","type":"post","link":"https:\/\/prochoix.org\/?p=1003","title":{"rendered":"Une Marche pour la vie b\u00e9nie par le Pape"},"content":{"rendered":"<p>Alors que Donald Trump s&rsquo;appr\u00eate \u00e0 signer un d\u00e9cret pour d\u00e9-subventionner le planning familial, la\u00a0Marche pour la vie s&rsquo;\u00e9lance dans les rues de Paris, ravie de cette nouvelle.<\/p>\n<div style=\"width: 474px;\" class=\"wp-video\"><!--[if lt IE 9]><script>document.createElement('video');<\/script><![endif]-->\n<video class=\"wp-video-shortcode\" id=\"video-1003-1\" width=\"474\" height=\"263\" preload=\"metadata\" controls=\"controls\"><source type=\"video\/mp4\" src=\"http:\/\/www.prochoix.org\/wordpress\/wp-content\/uploads\/2017\/01\/video-1485090285.mp4?_=1\" \/><a href=\"http:\/\/www.prochoix.org\/wordpress\/wp-content\/uploads\/2017\/01\/video-1485090285.mp4\">http:\/\/www.prochoix.org\/wordpress\/wp-content\/uploads\/2017\/01\/video-1485090285.mp4<\/a><\/video><\/div>\n<p>&nbsp;<\/p>\n<p>La Marche pour la vie est un moment clef de la mobilisation des association anti-IVG. Pour ces militants, il s&rsquo;agit de \u00ab\u00a0<em>promouvoir un mod\u00e8le de soci\u00e9t\u00e9 qui ne banalisera plus l\u2019IVG<\/em>\u00a0\u00bb<\/p>\n<p>Le Pape Fran\u00e7ois, a salu\u00e9\u00a0dans une lettre aux organisateurs, le 18\u00a0janvier\u00a0<em>\u00ab cordialement les participants (\u2026) \u00e0 cette l\u00e9gitime manifestation en faveur de la\u00a0d\u00e9fense\u00a0de la vie humaine\u00a0\u00bb.\u00a0<\/em><\/p>\n<p>La Marche a les moyens, puisque des pages de publicit\u00e9 ont \u00e9t\u00e9 achet\u00e9e dans le Figaro et Valeurs actuelles.<\/p>\n<p><img loading=\"lazy\" decoding=\"async\" class=\" size-full wp-image-1042 aligncenter\" src=\"http:\/\/www.prochoix.org\/wordpress\/wp-content\/uploads\/2017\/01\/DSC060092.jpg\" alt=\"DSC06009\" width=\"1350\" height=\"900\" srcset=\"https:\/\/prochoix.org\/wp-content\/uploads\/2017\/01\/DSC060092.jpg 1350w, https:\/\/prochoix.org\/wp-content\/uploads\/2017\/01\/DSC060092-300x200.jpg 300w, https:\/\/prochoix.org\/wp-content\/uploads\/2017\/01\/DSC060092-1024x683.jpg 1024w\" sizes=\"(max-width: 1350px) 100vw, 1350px\" \/><\/p>\n<p>&nbsp;<\/p>\n<p>Au premier rang, derri\u00e8re une banni\u00e8re g\u00e9ante \u00ab\u00a0IVG tous concern\u00e9s\u00a0\u00bb, Christine Boutin, Philippe de Villiers,\u00a0Jean-Marie Le M\u00e9n\u00e9 et quelques \u00e9lus m\u00e8nent la Marche.<\/p>\n<p><img loading=\"lazy\" decoding=\"async\" class=\" size-full wp-image-1040 aligncenter\" src=\"http:\/\/www.prochoix.org\/wordpress\/wp-content\/uploads\/2017\/01\/DSC060162.jpg\" alt=\"DSC06016\" width=\"600\" height=\"400\" srcset=\"https:\/\/prochoix.org\/wp-content\/uploads\/2017\/01\/DSC060162.jpg 600w, https:\/\/prochoix.org\/wp-content\/uploads\/2017\/01\/DSC060162-300x200.jpg 300w\" sizes=\"(max-width: 600px) 100vw, 600px\" \/><\/p>\n<p>&nbsp;<\/p>\n<p>Le char derri\u00e8re diffuse de la musique branch\u00e9e. Des ballons de toutes les couleurs sont accroch\u00e9s dessus. Un organisateur y inscrit des expressions (plus ou moins encore \u00e0 la mode) telles que \u00ab\u00a0swag\u00a0\u00bb, \u00ab\u00a0fr\u00e8re\u00a0\u00bb. Les organisateurs essaient au maximum de faire jeune. Ils invitent les participants \u00e0 rev\u00eatir des v\u00eatements de couleurs, et distribuent d&rsquo;innombrables pancartes jaunes bleues ou rose fluos.<\/p>\n<p><img loading=\"lazy\" decoding=\"async\" class=\"alignnone size-full wp-image-1036\" src=\"http:\/\/www.prochoix.org\/wordpress\/wp-content\/uploads\/2017\/01\/DSC059812.jpg\" alt=\"DSC05981\" width=\"600\" height=\"400\" srcset=\"https:\/\/prochoix.org\/wp-content\/uploads\/2017\/01\/DSC059812.jpg 600w, https:\/\/prochoix.org\/wp-content\/uploads\/2017\/01\/DSC059812-300x200.jpg 300w\" sizes=\"(max-width: 600px) 100vw, 600px\" \/><\/p>\n<p>&nbsp;<\/p>\n<p>Deux jeunes femmes venus pacifiquement sur le trottoir avec un drapeau LGBT, un t-shirt \u00ab\u00a0We can do it\u00a0\u00bb et un papier crayonn\u00e9 \u00ab\u00a0mon corps mes droits\u00a0\u00bb sont prises \u00e0 partie, leur papier aussit\u00f4t d\u00e9chir\u00e9.<\/p>\n<p><img loading=\"lazy\" decoding=\"async\" class=\"alignnone size-full wp-image-1041\" src=\"http:\/\/www.prochoix.org\/wordpress\/wp-content\/uploads\/2017\/01\/DSC060182.jpg\" alt=\"DSC06018\" width=\"600\" height=\"400\" srcset=\"https:\/\/prochoix.org\/wp-content\/uploads\/2017\/01\/DSC060182.jpg 600w, https:\/\/prochoix.org\/wp-content\/uploads\/2017\/01\/DSC060182-300x200.jpg 300w\" sizes=\"(max-width: 600px) 100vw, 600px\" \/><\/p>\n<p>&nbsp;<\/p>\n<p>\u00c0 la Tribune, un discours victimaire et apocalyptique est d\u00e9livr\u00e9 : on y parle d'\u00a0\u00bbenjeu de civilisation\u00a0\u00bb, de \u00ab\u00a0privation grave du droit de parler d&rsquo;avortement en France\u00a0\u00bb. Les intervenants finissent tous leurs discours par une r\u00e9f\u00e9rence \u00e0 Dieu : \u00ab\u00a0que Dieu b\u00e9nisse cette Marche\u00a0\u00bb, \u00ab\u00a0que Dieu vous b\u00e9nisse\u00a0\u00bb. Des hommages au professeur Lejeune et \u00e0 Jean-Paul II se succ\u00e8dent. Un pr\u00eatre am\u00e9ricain a m\u00eame \u00e9t\u00e9 d\u00e9p\u00each\u00e9 pour l&rsquo;occasion. Parmi les slogans on entend :<\/p>\n<p>\u00ab\u00a0La France catholique va dispara\u00eetre\u00a0\u00bb<\/p>\n<p>\u00ab\u00a0On va abolir la loi Veil avec l&rsquo;aide de Dieu\u00a0\u00bb.<\/p>\n<p>Dans la Marche, un monsieur distribue une lettre ouverte au Pr\u00e9sident de la R\u00e9publique. Il voit derri\u00e8re l&rsquo;avortement le \u00ab\u00a0plus grand complot du gigantesque syst\u00e8me de corruption de Bruxelles\u00a0\u00bb et de \u00ab\u00a0la superclasse mondiale\u00a0\u00bb. Il d\u00e9nonce la \u00ab\u00a0r\u00e9publique la\u00efciste\u00a0\u00bb, la \u00ab\u00a0lesbian and gay association, d&rsquo;une puissance insoup\u00e7onn\u00e9e et dont le si\u00e8ge est \u00e0 Bruxelles\u00a0\u00bb, Manuel Valls qui \u00ab\u00a0est influenc\u00e9 par les sionistes\u00a0\u00bb, \u00ab\u00a0les francs-ma\u00e7ons\u00a0\u00bb, \u00ab\u00a0la religion satanique de l&rsquo;Islam gauchiste qui enl\u00e8ve et viole les femmes\u00a0\u00bb, \u00ab\u00a0les illuminatifs\u00a0\u00bb.<\/p>\n<p>En fin de cort\u00e8ge, statique sur la place Denfert-Rochereau, Xavier Dor dirige une pri\u00e8re de rue, face aux militants de son association SOS tout petits. On y prie Marie et le Seigneur pour venir en aide.<\/p>\n<p>&nbsp;<\/p>\n<div style=\"width: 474px;\" class=\"wp-video\"><video class=\"wp-video-shortcode\" id=\"video-1003-2\" width=\"474\" height=\"267\" preload=\"metadata\" controls=\"controls\"><source type=\"video\/mp4\" src=\"http:\/\/www.prochoix.org\/wordpress\/wp-content\/uploads\/2017\/01\/00006-online-video-cutter.com_.mp4?_=2\" \/><a href=\"http:\/\/www.prochoix.org\/wordpress\/wp-content\/uploads\/2017\/01\/00006-online-video-cutter.com_.mp4\">http:\/\/www.prochoix.org\/wordpress\/wp-content\/uploads\/2017\/01\/00006-online-video-cutter.com_.mp4<\/a><\/video><\/div>\n<p>Alain Escada arrive ensuite aux c\u00f4t\u00e9s de Xavier Dor, avec un pr\u00eatre en soutane pour conduire la pri\u00e8re.<\/p>\n<p>On aper\u00e7oit dans le cort\u00e8ge quelques drapeaux royalistes, ou faisant r\u00e9f\u00e9rence aux rois de France. Les militants de l&rsquo;Action fran\u00e7aise \u00e9taient tr\u00e8s pr\u00e9sents.<\/p>\n<p><img loading=\"lazy\" decoding=\"async\" class=\"alignnone size-full wp-image-1037\" src=\"http:\/\/www.prochoix.org\/wordpress\/wp-content\/uploads\/2017\/01\/DSC059852.jpg\" alt=\"DSC05985\" width=\"600\" height=\"400\" srcset=\"https:\/\/prochoix.org\/wp-content\/uploads\/2017\/01\/DSC059852.jpg 600w, https:\/\/prochoix.org\/wp-content\/uploads\/2017\/01\/DSC059852-300x200.jpg 300w\" sizes=\"(max-width: 600px) 100vw, 600px\" \/><\/p>\n<p>Parmi les personnalit\u00e9s pr\u00e9sentes on a pu voir :<\/p>\n<p><strong>Phillipe de Villiers<\/strong> qui a longtemps fait subventionner une structure anti-IVG.<\/p>\n<p><a href=\"http:\/\/www.prochoix.org\/wordpress\/wp-content\/uploads\/2017\/01\/Capture-d\u2019\u00e9cran-2017-01-22-\u00e0-13.41.15.jpg\"><img loading=\"lazy\" decoding=\"async\" class=\"alignnone size-full wp-image-1006\" src=\"http:\/\/www.prochoix.org\/wordpress\/wp-content\/uploads\/2017\/01\/Capture-d\u2019\u00e9cran-2017-01-22-\u00e0-13.40.50.jpg\" alt=\"Capture d\u2019\u00e9cran 2017-01-22 \u00e0 13.40.50\" width=\"1182\" height=\"970\" srcset=\"https:\/\/prochoix.org\/wp-content\/uploads\/2017\/01\/Capture-d\u2019\u00e9cran-2017-01-22-\u00e0-13.40.50.jpg 1182w, https:\/\/prochoix.org\/wp-content\/uploads\/2017\/01\/Capture-d\u2019\u00e9cran-2017-01-22-\u00e0-13.40.50-300x246.jpg 300w, https:\/\/prochoix.org\/wp-content\/uploads\/2017\/01\/Capture-d\u2019\u00e9cran-2017-01-22-\u00e0-13.40.50-1024x840.jpg 1024w\" sizes=\"(max-width: 1182px) 100vw, 1182px\" \/><\/a><\/p>\n<p>Mais aussi <strong>\u00c9mile Duport,<\/strong> leader des \u00ab\u00a0Survivants\u00a0\u00bb.<\/p>\n<p><strong><img loading=\"lazy\" decoding=\"async\" class=\"alignnone size-full wp-image-1039\" src=\"http:\/\/www.prochoix.org\/wordpress\/wp-content\/uploads\/2017\/01\/DSC060143.jpg\" alt=\"DSC06014\" width=\"600\" height=\"400\" srcset=\"https:\/\/prochoix.org\/wp-content\/uploads\/2017\/01\/DSC060143.jpg 600w, https:\/\/prochoix.org\/wp-content\/uploads\/2017\/01\/DSC060143-300x200.jpg 300w\" sizes=\"(max-width: 600px) 100vw, 600px\" \/><\/strong><\/p>\n<p>&nbsp;<\/p>\n<p><strong>Tugdual Derville<\/strong> d&rsquo;Alliance Vita, souvent pr\u00e9sent dans les m\u00e9dias<\/p>\n<p>&nbsp;<\/p>\n<p><a href=\"http:\/\/www.prochoix.org\/wordpress\/wp-content\/uploads\/2017\/01\/Capture-d\u2019\u00e9cran-2017-01-22-\u00e0-13.41.15.jpg\"><img loading=\"lazy\" decoding=\"async\" class=\"alignnone size-full wp-image-1005\" src=\"http:\/\/www.prochoix.org\/wordpress\/wp-content\/uploads\/2017\/01\/Capture-d\u2019\u00e9cran-2017-01-22-\u00e0-13.41.15.jpg\" alt=\"Capture d\u2019\u00e9cran 2017-01-22 \u00e0 13.41.15\" width=\"1182\" height=\"1056\" srcset=\"https:\/\/prochoix.org\/wp-content\/uploads\/2017\/01\/Capture-d\u2019\u00e9cran-2017-01-22-\u00e0-13.41.15.jpg 1182w, https:\/\/prochoix.org\/wp-content\/uploads\/2017\/01\/Capture-d\u2019\u00e9cran-2017-01-22-\u00e0-13.41.15-300x268.jpg 300w, https:\/\/prochoix.org\/wp-content\/uploads\/2017\/01\/Capture-d\u2019\u00e9cran-2017-01-22-\u00e0-13.41.15-1024x915.jpg 1024w\" sizes=\"(max-width: 1182px) 100vw, 1182px\" \/><\/a><\/p>\n<p>&nbsp;<\/p>\n<p><strong>Gr\u00e9gor Puppinck<\/strong>, directeur de l&rsquo;European Centre for Law and Justice (ECJL) est aussi annonc\u00e9. Lobbyiste europ\u00e9en, il a, \u00e0 plusieurs reprises tent\u00e9 de bloquer les droits des femmes.<\/p>\n<p>&nbsp;<\/p>\n<p><a href=\"http:\/\/www.prochoix.org\/wordpress\/wp-content\/uploads\/2017\/01\/Capture-d\u2019\u00e9cran-2017-01-22-\u00e0-13.42.37.png\"><img loading=\"lazy\" decoding=\"async\" class=\"alignnone size-full wp-image-1008\" src=\"http:\/\/www.prochoix.org\/wordpress\/wp-content\/uploads\/2017\/01\/Capture-d\u2019\u00e9cran-2017-01-22-\u00e0-13.42.37.png\" alt=\"Capture d\u2019\u00e9cran 2017-01-22 \u00e0 13.42.37\" width=\"1168\" height=\"1038\" srcset=\"https:\/\/prochoix.org\/wp-content\/uploads\/2017\/01\/Capture-d\u2019\u00e9cran-2017-01-22-\u00e0-13.42.37.png 1168w, https:\/\/prochoix.org\/wp-content\/uploads\/2017\/01\/Capture-d\u2019\u00e9cran-2017-01-22-\u00e0-13.42.37-300x267.png 300w, https:\/\/prochoix.org\/wp-content\/uploads\/2017\/01\/Capture-d\u2019\u00e9cran-2017-01-22-\u00e0-13.42.37-1024x910.png 1024w\" sizes=\"(max-width: 1168px) 100vw, 1168px\" \/><\/a><\/p>\n<p>&nbsp;<\/p>\n<p>Jean-Marie Le Men\u00e9 de la Fondation Jer\u00f4me Lejeune fait lui aussi partie des organisateurs.<\/p>\n<p><img loading=\"lazy\" decoding=\"async\" class=\"alignnone size-full wp-image-1007\" src=\"http:\/\/www.prochoix.org\/wordpress\/wp-content\/uploads\/2017\/01\/Capture-d\u2019\u00e9cran-2017-01-22-\u00e0-13.42.44.png\" alt=\"Capture d\u2019\u00e9cran 2017-01-22 \u00e0 13.42.44\" width=\"1270\" height=\"972\" srcset=\"https:\/\/prochoix.org\/wp-content\/uploads\/2017\/01\/Capture-d\u2019\u00e9cran-2017-01-22-\u00e0-13.42.44.png 1270w, https:\/\/prochoix.org\/wp-content\/uploads\/2017\/01\/Capture-d\u2019\u00e9cran-2017-01-22-\u00e0-13.42.44-300x230.png 300w, https:\/\/prochoix.org\/wp-content\/uploads\/2017\/01\/Capture-d\u2019\u00e9cran-2017-01-22-\u00e0-13.42.44-1024x784.png 1024w\" sizes=\"(max-width: 1270px) 100vw, 1270px\" \/><\/p>\n<p><strong>Jean-Fr\u00e9d\u00e9ric Poisson <\/strong>a, lui, \u00a0annonc\u00e9 sa participation\u00a0sur twitter.<\/p>\n<p>Madeleine Bazin de Jessey, soutien de Fran\u00e7ois Fillon et responsable durant la campagne de la \u00ab\u00a0France p\u00e9riph\u00e9rique\u00a0\u00bb, a elle aussi annonc\u00e9 sa participation. Elle avait confond\u00e9 les Veilleurs et elle est porte-parole de Sens Commun.<\/p>\n<p>On notera par ailleurs l&rsquo;absence regrett\u00e9e mais excus\u00e9e d&rsquo;Hugues Foucault qui se pr\u00e9sente comme Maire de Bretagne et incidemment royaliste et favorable \u00e0 Trump pour qui\u00a0\u00a0\u00ab\u00a0<em>Une soci\u00e9t\u00e9 qui tue ses enfants perd son \u00e2me.<\/em>\u00a0\u00bb<\/p>\n<p><a href=\"http:\/\/www.prochoix.org\/wordpress\/wp-content\/uploads\/2017\/01\/Capture-d\u2019\u00e9cran-2017-01-22-\u00e0-13.38.23.jpg\"><img loading=\"lazy\" decoding=\"async\" class=\"  wp-image-1004 aligncenter\" src=\"http:\/\/www.prochoix.org\/wordpress\/wp-content\/uploads\/2017\/01\/Capture-d\u2019\u00e9cran-2017-01-22-\u00e0-13.38.23.jpg\" alt=\"Capture d\u2019\u00e9cran 2017-01-22 \u00e0 13.38.23\" width=\"361\" height=\"318\" srcset=\"https:\/\/prochoix.org\/wp-content\/uploads\/2017\/01\/Capture-d\u2019\u00e9cran-2017-01-22-\u00e0-13.38.23.jpg 1862w, https:\/\/prochoix.org\/wp-content\/uploads\/2017\/01\/Capture-d\u2019\u00e9cran-2017-01-22-\u00e0-13.38.23-300x264.jpg 300w, https:\/\/prochoix.org\/wp-content\/uploads\/2017\/01\/Capture-d\u2019\u00e9cran-2017-01-22-\u00e0-13.38.23-1024x902.jpg 1024w\" sizes=\"(max-width: 361px) 100vw, 361px\" \/><\/a><\/p>\n<p>&nbsp;<\/p>\n<p><img loading=\"lazy\" decoding=\"async\" class=\"alignnone  wp-image-1013\" src=\"http:\/\/www.prochoix.org\/wordpress\/wp-content\/uploads\/2017\/01\/16251338_10209357528749192_1464661773_o.jpg\" alt=\"16251338_10209357528749192_1464661773_o\" width=\"336\" height=\"598\" srcset=\"https:\/\/prochoix.org\/wp-content\/uploads\/2017\/01\/16251338_10209357528749192_1464661773_o.jpg 750w, https:\/\/prochoix.org\/wp-content\/uploads\/2017\/01\/16251338_10209357528749192_1464661773_o-169x300.jpg 169w, https:\/\/prochoix.org\/wp-content\/uploads\/2017\/01\/16251338_10209357528749192_1464661773_o-576x1024.jpg 576w\" sizes=\"(max-width: 336px) 100vw, 336px\" \/><\/p>\n<p>&nbsp;<\/p>\n<p><img loading=\"lazy\" decoding=\"async\" class=\"alignnone  wp-image-1014\" src=\"http:\/\/www.prochoix.org\/wordpress\/wp-content\/uploads\/2017\/01\/16231517_10209357561910021_401875545_o.jpg\" alt=\"16231517_10209357561910021_401875545_o\" width=\"369\" height=\"492\" srcset=\"https:\/\/prochoix.org\/wp-content\/uploads\/2017\/01\/16231517_10209357561910021_401875545_o.jpg 1000w, https:\/\/prochoix.org\/wp-content\/uploads\/2017\/01\/16231517_10209357561910021_401875545_o-225x300.jpg 225w, https:\/\/prochoix.org\/wp-content\/uploads\/2017\/01\/16231517_10209357561910021_401875545_o-768x1024.jpg 768w\" sizes=\"(max-width: 369px) 100vw, 369px\" \/><\/p>\n<p><a href=\"http:\/\/www.prochoix.org\/wordpress\/wp-content\/uploads\/2017\/01\/DSC059712.jpg\"><img loading=\"lazy\" decoding=\"async\" class=\"alignnone size-full wp-image-1035\" src=\"http:\/\/www.prochoix.org\/wordpress\/wp-content\/uploads\/2017\/01\/DSC059712.jpg\" alt=\"DSC05971\" width=\"400\" height=\"600\" srcset=\"https:\/\/prochoix.org\/wp-content\/uploads\/2017\/01\/DSC059712.jpg 400w, https:\/\/prochoix.org\/wp-content\/uploads\/2017\/01\/DSC059712-200x300.jpg 200w\" sizes=\"(max-width: 400px) 100vw, 400px\" \/><\/a>\u00a0\u00a0 <a href=\"http:\/\/www.prochoix.org\/wordpress\/wp-content\/uploads\/2017\/01\/DSC059882.jpg\"><img loading=\"lazy\" decoding=\"async\" class=\"alignnone size-full wp-image-1038\" src=\"http:\/\/www.prochoix.org\/wordpress\/wp-content\/uploads\/2017\/01\/DSC059882.jpg\" alt=\"DSC05988\" width=\"600\" height=\"400\" srcset=\"https:\/\/prochoix.org\/wp-content\/uploads\/2017\/01\/DSC059882.jpg 600w, https:\/\/prochoix.org\/wp-content\/uploads\/2017\/01\/DSC059882-300x200.jpg 300w\" sizes=\"(max-width: 600px) 100vw, 600px\" \/><\/a><\/p>\n<p><strong><em>Catherine Herv\u00e9<\/em><\/strong><\/p>\n","protected":false},"excerpt":{"rendered":"<p>Alors que Donald Trump s&rsquo;appr\u00eate \u00e0 signer un d\u00e9cret pour d\u00e9-subventionner le planning familial, la\u00a0Marche pour la vie s&rsquo;\u00e9lance dans les rues de Paris, ravie de cette nouvelle. &nbsp; La Marche pour la vie est un moment clef de la mobilisation des association anti-IVG. Pour ces militants, il s&rsquo;agit de \u00ab\u00a0promouvoir un mod\u00e8le de soci\u00e9t\u00e9 &hellip; <a href=\"https:\/\/prochoix.org\/?p=1003\" class=\"more-link\">Continuer la lecture de <span class=\"screen-reader-text\">Une Marche pour la vie b\u00e9nie par le Pape<\/span>  <span class=\"meta-nav\">&rarr;<\/span><\/a><\/p>\n","protected":false},"author":1,"featured_media":1045,"comment_status":"open","ping_status":"open","sticky":false,"template":"","format":"standard","meta":{"footnotes":""},"categories":[16,17],"tags":[],"_links":{"self":[{"href":"https:\/\/prochoix.org\/index.php?rest_route=\/wp\/v2\/posts\/1003"}],"collection":[{"href":"https:\/\/prochoix.org\/index.php?rest_route=\/wp\/v2\/posts"}],"about":[{"href":"https:\/\/prochoix.org\/index.php?rest_route=\/wp\/v2\/types\/post"}],"author":[{"embeddable":true,"href":"https:\/\/prochoix.org\/index.php?rest_route=\/wp\/v2\/users\/1"}],"replies":[{"embeddable":true,"href":"https:\/\/prochoix.org\/index.php?rest_route=%2Fwp%2Fv2%2Fcomments&post=1003"}],"version-history":[{"count":8,"href":"https:\/\/prochoix.org\/index.php?rest_route=\/wp\/v2\/posts\/1003\/revisions"}],"predecessor-version":[{"id":1051,"href":"https:\/\/prochoix.org\/index.php?rest_route=\/wp\/v2\/posts\/1003\/revisions\/1051"}],"wp:featuredmedia":[{"embeddable":true,"href":"https:\/\/prochoix.org\/index.php?rest_route=\/wp\/v2\/media\/1045"}],"wp:attachment":[{"href":"https:\/\/prochoix.org\/index.php?rest_route=%2Fwp%2Fv2%2Fmedia&parent=1003"}],"wp:term":[{"taxonomy":"category","embeddable":true,"href":"https:\/\/prochoix.org\/index.php?rest_route=%2Fwp%2Fv2%2Fcategories&post=1003"},{"taxonomy":"post_tag","embeddable":true,"href":"https:\/\/prochoix.org\/index.php?rest_route=%2Fwp%2Fv2%2Ftags&post=1003"}],"curies":[{"name":"wp","href":"https:\/\/api.w.org\/{rel}","templated":true}]}}