{"id":1052,"date":"2017-01-27T23:34:04","date_gmt":"2017-01-27T22:34:04","guid":{"rendered":"http:\/\/www.prochoix.org\/wordpress\/?p=1052"},"modified":"2017-09-21T11:57:40","modified_gmt":"2017-09-21T10:57:40","slug":"jaimerai-retirer-leur-vagin-une-nouvelle-facon-detre-feministe","status":"publish","type":"post","link":"https:\/\/prochoix.org\/?p=1052","title":{"rendered":"\u00ab\u00a0J\u2019aimerai retirer leur vagin\u00a0\u00bb\u00a0: une nouvelle fa\u00e7on d\u2019\u00eatre f\u00e9ministe."},"content":{"rendered":"<p>\u00ab\u00a0J\u2019aimerai leur retirer le vagin\u00a0\u00bb.\u00a0Ce genre de tweet rel\u00e8ve habituellement de la production litt\u00e9raire d\u2019un boutonneux pr\u00e9pub\u00e8re dans le sous-sol de ses parents. Et bien pas du tout. L\u2019auteur de ce tweet est f\u00e9ministe. Enfin c\u2019est ce qu\u2019elle dit, et le questionner pourrait vous valoir quelques oukases.<\/p>\n<div>\n<div>\u00a0<a href=\"http:\/\/www.prochoix.org\/wordpress\/wp-content\/uploads\/2017\/01\/Capture-d\u2019\u00e9cran-2017-01-27-\u00e0-08.49.34.png\"><img loading=\"lazy\" decoding=\"async\" class=\"alignnone size-full wp-image-1058\" src=\"http:\/\/www.prochoix.org\/wordpress\/wp-content\/uploads\/2017\/01\/Capture-d\u2019\u00e9cran-2017-01-27-\u00e0-08.49.34.png\" alt=\"Capture d\u2019\u00e9cran 2017-01-27 \u00e0 08.49.34\" width=\"1222\" height=\"614\" srcset=\"https:\/\/prochoix.org\/wp-content\/uploads\/2017\/01\/Capture-d\u2019\u00e9cran-2017-01-27-\u00e0-08.49.34.png 1222w, https:\/\/prochoix.org\/wp-content\/uploads\/2017\/01\/Capture-d\u2019\u00e9cran-2017-01-27-\u00e0-08.49.34-300x151.png 300w, https:\/\/prochoix.org\/wp-content\/uploads\/2017\/01\/Capture-d\u2019\u00e9cran-2017-01-27-\u00e0-08.49.34-1024x515.png 1024w\" sizes=\"(max-width: 1222px) 100vw, 1222px\" \/><\/a><\/div>\n<div><\/div>\n<div><\/div>\n<div><\/div>\n<div>Linda Sarsour\u00a0n\u2019est pas n\u2019importe qui. C\u2019est\u00a0\u00e9g\u00e9rie et la co-organisatrice de la Marche des femmes anti-Trump. Une marche historique et n\u00e9cessaire, mais\u00a0qui a g\u00ean\u00e9 de nombreuses f\u00e9ministes am\u00e9ricaines et \u00e0 l\u2019\u00e9tranger. A la tribune, ce jour-l\u00e0,\u00a0<span style=\"color: #333333; font-family: NotoNashkArabic, 'Helvetica Neue', Helvetica, Roboto, Arial, sans-serif;\">Linda Sarsour s\u2019est content\u00e9 de revendiquer le\u00a0succ\u00e8s de la marche, mais elle l\u2019incarne depuis. Et cela risque de se retourner contre lui et toute l\u2019opposition progressiste am\u00e9ricaine, au moment o\u00f9 le\u00a0monde\u00a0en a le plus besoin.<\/span><\/div>\n<div><span style=\"color: #333333; font-family: NotoNashkArabic, 'Helvetica Neue', Helvetica, Roboto, Arial, sans-serif;\">\u00a0<\/span><\/div>\n<div><em><b>Qui est Linda Sarsour ?<\/b><\/em><\/div>\n<div><\/div>\n<div><span style=\"color: #333333; font-family: NotoNashkArabic, 'Helvetica Neue', Helvetica, Roboto, Arial, sans-serif;\">Dans ses tweets, Linda Sarsour\u00a0n\u2019h\u00e9site pas \u00e0 dire que des enfants musulmans \u00e9taient \u00ab\u00a0ex\u00e9cut\u00e9s\u00a0\u00bb aux Etats-Unis ou que la CIA \u00e9tait derri\u00e8re chaque terroriste islamiste.<\/span><\/div>\n<div><\/div>\n<div><\/div>\n<div><a href=\"http:\/\/www.prochoix.org\/wordpress\/wp-content\/uploads\/2017\/01\/Capture-d\u2019\u00e9cran-2017-01-22-\u00e0-10.47.17.jpg\"><img loading=\"lazy\" decoding=\"async\" class=\"alignnone size-full wp-image-1054\" src=\"http:\/\/www.prochoix.org\/wordpress\/wp-content\/uploads\/2017\/01\/Capture-d\u2019\u00e9cran-2017-01-22-\u00e0-10.47.17.jpg\" alt=\"Capture d\u2019\u00e9cran 2017-01-22 \u00e0 10.47.17\" width=\"1238\" height=\"550\" srcset=\"https:\/\/prochoix.org\/wp-content\/uploads\/2017\/01\/Capture-d\u2019\u00e9cran-2017-01-22-\u00e0-10.47.17.jpg 1238w, https:\/\/prochoix.org\/wp-content\/uploads\/2017\/01\/Capture-d\u2019\u00e9cran-2017-01-22-\u00e0-10.47.17-300x133.jpg 300w, https:\/\/prochoix.org\/wp-content\/uploads\/2017\/01\/Capture-d\u2019\u00e9cran-2017-01-22-\u00e0-10.47.17-1024x455.jpg 1024w\" sizes=\"(max-width: 1238px) 100vw, 1238px\" \/><\/a><\/div>\n<div><\/div>\n<div>Elle m\u00eale n&rsquo;h\u00e9site pas \u00e0 user de sa popularit\u00e9 pour promouvoir sa amis\u00a0politiques.\u00a0Rien de tr\u00e8s surprenant puisque la famille de Linda Sarsour est\u00a0<a href=\"https:\/\/www.globalmbwatch.com\/2012\/08\/08\/exclusive-family-member-of-hamas-operatives-claims-new-stage-of-islamophobia\/\" target=\"_blank\" rel=\"nofollow\">li\u00e9e<\/a>\u00a0au Hamas.<\/div>\n<div><\/div>\n<div><\/div>\n<div><a href=\"http:\/\/www.prochoix.org\/wordpress\/wp-content\/uploads\/2017\/01\/Capture-d\u2019\u00e9cran-2017-01-22-\u00e0-10.30.01.jpg\"><img loading=\"lazy\" decoding=\"async\" class=\"alignnone size-full wp-image-1053\" src=\"http:\/\/www.prochoix.org\/wordpress\/wp-content\/uploads\/2017\/01\/Capture-d\u2019\u00e9cran-2017-01-22-\u00e0-10.30.01.jpg\" alt=\"Capture d\u2019\u00e9cran 2017-01-22 \u00e0 10.30.01\" width=\"1230\" height=\"1198\" srcset=\"https:\/\/prochoix.org\/wp-content\/uploads\/2017\/01\/Capture-d\u2019\u00e9cran-2017-01-22-\u00e0-10.30.01.jpg 1230w, https:\/\/prochoix.org\/wp-content\/uploads\/2017\/01\/Capture-d\u2019\u00e9cran-2017-01-22-\u00e0-10.30.01-300x292.jpg 300w, https:\/\/prochoix.org\/wp-content\/uploads\/2017\/01\/Capture-d\u2019\u00e9cran-2017-01-22-\u00e0-10.30.01-1024x997.jpg 1024w\" sizes=\"(max-width: 1230px) 100vw, 1230px\" \/><\/a><\/div>\n<div><\/div>\n<div><span style=\"color: #333333; font-family: NotoNashkArabic, 'Helvetica Neue', Helvetica, Roboto, Arial, sans-serif;\">\u00a0<\/span><\/div>\n<div><\/div>\n<div><\/div>\n<div><span style=\"color: #333333; font-family: NotoNashkArabic, 'Helvetica Neue', Helvetica, Roboto, Arial, sans-serif;\">Quand des progressistes ont os\u00e9\u00a0\u00e9mettre des doutes sur le choix de cette organisatrice comme \u00e9g\u00e9rie pour incarner la r\u00e9sistance des femmes (\u00e9galement symbolis\u00e9e par un poster de femme portant le voile), ils ont\u00a0imm\u00e9diatement \u00e9t\u00e9 pris en chasse et diffam\u00e9s comme<\/span>\u00a0\u00ab\u00a0islamophobes\u00a0\u00bb membres du\u00a0Ku Klux Klan.<\/div>\n<div><span style=\"color: #333333; font-family: NotoNashkArabic, 'Helvetica Neue', Helvetica, Roboto, Arial, sans-serif;\">\u00a0<\/span><\/div>\n<div><span style=\"color: #333333; font-family: NotoNashkArabic, 'Helvetica Neue', Helvetica, Roboto, Arial, sans-serif;\">Quelques bonnes \u00e2mes ont m\u00eame lanc\u00e9 le hashtag\u00a0\u00ab\u00a0Je marche av<span style=\"color: #000000;\">ec Linda\u00a0\u00bb (\u00a0<\/span><\/span><span style=\"font-family: 'Helvetica Neue', Helvetica, Arial, sans-serif; font-size: medium; color: #000000;\">#IMarchWithLinda) pour soutenir l\u2019\u00e9g\u00e9rie\u00a0int\u00e9griste et antif\u00e9ministe.<\/span><\/div>\n<div><\/div>\n<div><span style=\"color: #000000;\"><a style=\"color: #000000;\" href=\" https:\/\/twitter.com\/hrw_fr\/status\/823991097026285569 \">\u00a0Human Rights Watch\u00a0<\/a>a m\u00eame relay\u00e9 la campagne.\u00a0<span style=\"font-family: NotoNashkArabic, 'Helvetica Neue', Helvetica, Roboto, Arial, sans-serif;\">\u00a0Bernie Sanders l\u2019a retweet\u00e9.<\/span><\/span><\/div>\n<div><span style=\"color: #000000; font-family: NotoNashkArabic, 'Helvetica Neue', Helvetica, Roboto, Arial, sans-serif;\">\u00a0<\/span><\/div>\n<div><span style=\"color: #000000;\">En quelques heures, \u00ab\u00a0Je marche avec Linda\u00a0\u00bb est devenu\u00a0<a style=\"color: #000000;\" href=\"https:\/\/www.democracynow.org\/2017\/1\/24\/headlines\/imarchwithlinda_goes_viral_in_response_to_islamophobic_attacks_against_linda_sarsour\">viral<\/a>.\u00a0<\/span><\/div>\n<div><\/div>\n<div><span style=\"color: #000000;\">Les f\u00e9ministes ne forment pas un bloc monolithique, \u00e9videmment. Dans tous les pays, dans toutes les couches sociales il y a des d\u00e9bat, des empoignades. Et c\u2019est tant mieux, c\u2019est comme \u00e7a qu\u2019un courant de pens\u00e9e s\u2019enrichit.<\/span><\/div>\n<div><\/div>\n<div><span style=\"color: #000000;\">Il y a m\u00eame des antif\u00e9ministes qui se revendiquent f\u00e9ministes. On a eu cel\u00e0 dans les ann\u00e9es 90, des militantes oppos\u00e9es \u00e0 l\u2019avortement qui se revendiquaient f\u00e9ministes contre m\u00e9chant m\u00e9decins hommes qui voulaient les avorter. Elles se revendiquaient\u00a0<a style=\"color: #000000;\" href=\"https:\/\/www.jstor.org\/stable\/42844213?seq=1#page_scan_tab_contents\">f\u00e9ministes<\/a>, d\u2019o\u00f9\u00a0parlions-nous pour le contester ? (<a href=\"https:\/\/www.jstor.org\/stable\/42844213?seq=1#page_scan_tab_contents\">Ici<\/a>)<\/span><\/div>\n<div><\/div>\n<div><span style=\"color: #000000;\">Une nouvelle mode est<\/span> apparue. Seules les femmes qui exp\u00e9rimentaient une situation pouvaient en parler.\u00a0Par exemple seules les prostitu\u00e9es avaient le droit de parler de la prostitution.\u00a0Seules les femmes voil\u00e9es pouvaient parler du voile. Exit dans ce paradigme, les prostitu\u00e9es qui t\u00e9moigneraient de ce qu\u2019elles ont v\u00e9cu, si elles ont cess\u00e9 d&rsquo;\u00eatre prostitu\u00e9es. Idem, seules les femmes voil\u00e9es sont habilit\u00e9es \u00e0 parler du voile. Exit, l\u00e0 aussi, les femmes musulmanes qui ne le portent pas, ou plus. Et\u00a0\u00e9videmment celles qui ont \u00e9t\u00e9 forc\u00e9es \u00e0 le porter.<\/div>\n<div><\/div>\n<div>Ce moment d\u2019irrationalit\u00e9 a perdur\u00e9, renforc\u00e9 par d\u2019autres postures amalgamant islam et islamisme, musulmans et islamistes, musulmans lib\u00e9raux et int\u00e9gristes.\u00a0Cette autre posture a le vent en poupe grace \u00e0 nos petites pudeurs exotiques. Elle a pris place \u00e0 Washington ou elle d\u00e9critorera les faibles avanc\u00e9es de ce monde et appliquera avec la d\u00e9licatesse d\u2019un grutier les revendications biliaires d\u2019un peuple en col\u00e8re.<\/div>\n<div><\/div>\n<div>Est ce une raison pour la personne qui a\u00a0\u00e9crit \u00ab\u00a0J\u2019aimerai leur retirer le vagin\u00a0\u00bb soit le parangon de la gauche.<\/div>\n<div><\/div>\n<div><em><strong>Ayaan Hirsi Ali ou Linda Sarsour ?<\/strong><\/em><\/div>\n<div>Juste pour ceux qui l\u2019ignorent, Ayaan Hirsi Ali, a qui Linda Sarsour voudrait\u00a0retirer le vagin est une somalienne qui lutte contre l\u2019islamisme. Enfant, elle a \u00e9t\u00e9\u00a0excis\u00e9e.<\/div>\n<div><\/div>\n<div>Les relativistes vous diront que toutes les\u00a0exicisions ne se valent pas, que certaines sont moins violentes que d\u2019autres.\u00a0L\u2019excision d\u2019Ayaan Hirsi Ali fait bien partie des plus violentes. Celles dont peu de petites filles ressortent. Comme ses compagnes d&rsquo;\u00e9cole, Ayaan Hirsi Ali a vu un jour sa vie\u00a0changer. On lui a ras\u00e9\u00a0totalement le\u00a0clitoris. D\u00e9coup\u00e9 les petites l\u00e8vres et les grandes l\u00e8vres. Ensuite, on lui a\u00a0<span style=\"color: #252525; font-family: sans-serif;\">cousu l\u2019entr\u00e9e du vagin jusqu\u2019\u00e0 ce qu\u2019il ne reste qu\u2019une fine ouverture\u00a0pour les \u00e9coulements menstruels. Pendant la mutilation, on a appliqu\u00e9, dans son vagin de petite fille, une cr\u00e8me\u00a0abrasive. Une cr\u00e8me qui a pour cons\u00e9quence un r\u00e9tr\u00e9cissement du\u00a0vagin.\u00a0Elle a surv\u00e9cu \u00e0\u00a0cela, pendant que la plupart\u00a0de ses amies\u00a0mourraient de\u00a0septic\u00e9mie. Adulte, elle a subit plusieurs op\u00e9rations pour simplement arr\u00eater de hurler quand elle urinait. Uriner. Juste uriner.<\/span><\/div>\n<div><span style=\"color: #252525; font-family: sans-serif;\">\u00a0<\/span><\/div>\n<div><span style=\"color: #252525; font-family: sans-serif;\">Pouvez-vous imaginer ce que signifie se tordre de douleur\u00a0plusieurs fois par jours. Se rappeler du rasoir, des \u00e9pines d\u2019acacia tenant la suture \u00a0? Pouvez-vous imaginer arriver en Occident et qu\u2019une gauche\u00a0f\u00e9ministe et progressiste adoube comme h\u00e9ro\u00efne des droits des femmes, une femme qui voudrait finir le travail.\u00a0<\/span><\/div>\n<div><span style=\"color: #252525; font-family: sans-serif;\">\u00a0<\/span><\/div>\n<div><span style=\"color: #252525; font-family: sans-serif;\">Le grand n\u2019importe quoi est le credo de notre temps.\u00a0<\/span><\/div>\n<div><span style=\"color: #252525; font-family: sans-serif;\">Sommes-nous oblig\u00e9s de tous y c\u00e9der ? <\/span><\/div>\n<div><span style=\"color: #252525; font-family: sans-serif;\">Le besoin de gauche est pressant face aux partisans de la v\u00e9rit\u00e9 alternative, au prix de c\u00e9der nous aussi au grand n&rsquo;importe quoi ?<\/span><\/div>\n<div><span style=\"color: #252525; font-family: sans-serif;\">Est-il possible de r\u00e9sister en marchant avec<\/span>\u00a0Linda ?<\/div>\n<div>Et les vraies victimes ? Doivent-elles venir avec ou sans vagin ?<\/div>\n<\/div>\n<div><\/div>\n<div><\/div>\n<div><em><strong>Fiammetta Venner.\u00a0<\/strong><\/em><\/div>\n","protected":false},"excerpt":{"rendered":"<p>\u00ab\u00a0J\u2019aimerai leur retirer le vagin\u00a0\u00bb.\u00a0Ce genre de tweet rel\u00e8ve habituellement de la production litt\u00e9raire d\u2019un boutonneux pr\u00e9pub\u00e8re dans le sous-sol de ses parents. Et bien pas du tout. L\u2019auteur de ce tweet est f\u00e9ministe. Enfin c\u2019est ce qu\u2019elle dit, et le questionner pourrait vous valoir quelques oukases. \u00a0 Linda Sarsour\u00a0n\u2019est pas n\u2019importe qui. C\u2019est\u00a0\u00e9g\u00e9rie et &hellip; <a href=\"https:\/\/prochoix.org\/?p=1052\" class=\"more-link\">Continuer la lecture de <span class=\"screen-reader-text\">\u00ab\u00a0J\u2019aimerai retirer leur vagin\u00a0\u00bb\u00a0: une nouvelle fa\u00e7on d\u2019\u00eatre f\u00e9ministe.<\/span>  <span class=\"meta-nav\">&rarr;<\/span><\/a><\/p>\n","protected":false},"author":1,"featured_media":0,"comment_status":"closed","ping_status":"closed","sticky":false,"template":"","format":"standard","meta":{"footnotes":""},"categories":[16,7],"tags":[118,53,154,155],"_links":{"self":[{"href":"https:\/\/prochoix.org\/index.php?rest_route=\/wp\/v2\/posts\/1052"}],"collection":[{"href":"https:\/\/prochoix.org\/index.php?rest_route=\/wp\/v2\/posts"}],"about":[{"href":"https:\/\/prochoix.org\/index.php?rest_route=\/wp\/v2\/types\/post"}],"author":[{"embeddable":true,"href":"https:\/\/prochoix.org\/index.php?rest_route=\/wp\/v2\/users\/1"}],"replies":[{"embeddable":true,"href":"https:\/\/prochoix.org\/index.php?rest_route=%2Fwp%2Fv2%2Fcomments&post=1052"}],"version-history":[{"count":4,"href":"https:\/\/prochoix.org\/index.php?rest_route=\/wp\/v2\/posts\/1052\/revisions"}],"predecessor-version":[{"id":1060,"href":"https:\/\/prochoix.org\/index.php?rest_route=\/wp\/v2\/posts\/1052\/revisions\/1060"}],"wp:attachment":[{"href":"https:\/\/prochoix.org\/index.php?rest_route=%2Fwp%2Fv2%2Fmedia&parent=1052"}],"wp:term":[{"taxonomy":"category","embeddable":true,"href":"https:\/\/prochoix.org\/index.php?rest_route=%2Fwp%2Fv2%2Fcategories&post=1052"},{"taxonomy":"post_tag","embeddable":true,"href":"https:\/\/prochoix.org\/index.php?rest_route=%2Fwp%2Fv2%2Ftags&post=1052"}],"curies":[{"name":"wp","href":"https:\/\/api.w.org\/{rel}","templated":true}]}}