{"id":1071,"date":"2017-08-20T07:50:42","date_gmt":"2017-08-20T06:50:42","guid":{"rendered":"http:\/\/www.prochoix.org\/wordpress\/?p=1071"},"modified":"2017-09-21T11:57:29","modified_gmt":"2017-09-21T10:57:29","slug":"service-civique-un-pot-de-miel-pour-associations-confessionnelles","status":"publish","type":"post","link":"https:\/\/prochoix.org\/?p=1071","title":{"rendered":"Service Civique d\u00e9tourn\u00e9 par des associations confessionnelles ?"},"content":{"rendered":"<div>\n<p>Le Service civique a \u00e9t\u00e9 cr\u00e9\u00e9 par une loi du 10 mars 2010 sous l&rsquo;impulsion de Martin Hirsh. Il s&rsquo;agit alors d&rsquo;un dispositif visant \u00e0 encourager l&rsquo;engagement. Il donne la possibilit\u00e9aux jeunes de 16 \u00e0 25 ans de s&rsquo;engager pour une dur\u00e9e de 6 \u00e0 12 mois dans une mission d&rsquo;int\u00e9r\u00eat g\u00e9n\u00e9ral dans 9 domaines diff\u00e9rents, reconnus prioritaires pour la Nation : \u00e9ducation, solidarit\u00e9, sant\u00e9, culture et loisirs, environnement, d\u00e9veloppement international et humanitaire, m\u00e9moire et citoyennet\u00e9, sports, intervention d&rsquo;urgence en cas de crise.<\/p>\n<p>Les structures accueillant les jeunes de Service civique sont clairement d\u00e9finies.<\/p>\n<p><em>\u00ab\u00a0La personne morale agr\u00e9\u00e9e est un organisme sans but lucratif de droit fran\u00e7ais ou une personne morale de droit public. Une association cultuelle, politique, une congr\u00e9gation, une fondation d\u2019entreprise ou un comit\u00e9 d\u2019entreprise ne peuvent recevoir d\u2019agr\u00e9ment pour organiser le service civique.\u00a0\u00bb <a href=\"http:\/\/www.service-civique.gouv.fr\/uploads\/content\/files\/62e7beb5b01d63981097e854af03cf38f8efdbeb.pdf\">( Loi no 2010-241 du 10 mars 2010 relative au service civique. Article 8)<\/a><\/em><\/p>\n<p>En ao\u00fbt 2017, Lallab, une association de femmes qui a pour but de lutter contre \u00ab\u00a0les pr\u00e9jug\u00e9s et discriminations subies par les femmes musulmanes\u00a0\u00bb, annonce qu&rsquo;elle va b\u00e9n\u00e9ficier de Service civique. Une pol\u00e9mique d\u00e9marre alors. En effet l&rsquo;association est tr\u00e8s marqu\u00e9e politiquement. Elle diffuse ainsi la pens\u00e9e d&rsquo;Asma Lamrabet, comme le mod\u00e8le \u00e0 suivre. Auteure d&rsquo;un livre sur les femmes, l&rsquo;auteur explique que les intellectuels musulmans qui critiquent l&rsquo;islam politique \u00ab\u00a0<em>font serment d&rsquo;all\u00e9geance aux m\u00e9dias occidentaux<\/em>\u00ab\u00a0. Ou encore : \u00ab\u00a0<em>Il est \u00e0 noter ici que nombreuses sont les femmes qui finissent, lors d&rsquo;une sc\u00e8ne conjugale, par sombrer dans l&rsquo;hyst\u00e9rie.<\/em>\u00a0\u00bb L&rsquo;association Lallab n&rsquo;a pas h\u00e9sit\u00e9 \u00e0 mettre en valeur une d\u00e9put\u00e9 du mouvement Ennahda. Par ailleurs, Lallab lutte contre la loi de 2004. (Voir <a href=\"http:\/\/www.ikhwan.whoswho\/blog\/archives\/11198\">ici<\/a>)<\/p>\n<p>Suite \u00e0 la pol\u00e9mique, Service civique retire l&rsquo;annonce.\u00a0 (17 aout 2017). Il explique :<em> \u00ab\u00a0La mission propos\u00e9e ne correspond pas aux principes fondamentaux du@ServiceCivique, elle n&rsquo;est plus en ligne sur notre site.\u00a0\u00bb<\/em><\/p>\n<p>Le Service Civique est clair :<\/p>\n<p><em>\u00ab\u00a0La mission propos\u00e9e doit r\u00e9pondre \u00e0 l\u2019exigence de neutralit\u00e9 et de la\u00efcit\u00e9 que doit rev\u00eatir toute mission confi\u00e9e au titre d\u2019une politique publique et dans un objectif d\u2019int\u00e9r\u00eat g\u00e9n\u00e9ral. Ainsi la participation \u00e0 un mouvement ou \u00e0 une manifestation politique, \u00e0 un enseignement religieux ou \u00e0 la pratique d\u2019un culte sont autant d\u2019activit\u00e9s qui ne peuvent pas \u00eatre int\u00e9gr\u00e9es dans une mission de Service Civique\u00a0\u00bb<\/em> (Voir <a href=\"http:\/\/www.prochoix.org\/wordpress\/wp-admin\/uv.fr\/uploads\/content\/files\/b2ae4b9d91633c67fed6c65e86b3cdfd35afefd5.pdf\">ici<\/a>)<\/p>\n<p><strong>\u00a0Cette affaire a permis, entre autre, de mettre en lumi\u00e8re de nombreuses autres associations b\u00e9n\u00e9ficiant de services civiques malgr\u00e9 leur caract\u00e8re religieux.<\/strong><\/p>\n<p>Voici quelques exemples d&rsquo;annonces en ligne sur le site web du Service Civique :<\/p>\n<p>&#8211; une annonce pour \u00ab\u00a0participer aux s\u00e9jours des activit\u00e9s paroissiales ou s\u00e9jours \u00e0 th\u00e8mes avec l&rsquo;aum\u00f4nerie catholique\u00a0\u00bb.<\/p>\n<\/div>\n<div><\/div>\n<div><\/div>\n<div><\/div>\n<div><a href=\"http:\/\/www.prochoix.org\/wordpress\/wp-content\/uploads\/2017\/08\/aa.jpg\"><img loading=\"lazy\" decoding=\"async\" class=\" size-medium wp-image-1075 aligncenter\" src=\"http:\/\/www.prochoix.org\/wordpress\/wp-content\/uploads\/2017\/08\/aa-300x280.jpg\" alt=\"aa\" width=\"300\" height=\"280\" srcset=\"https:\/\/prochoix.org\/wp-content\/uploads\/2017\/08\/aa-300x280.jpg 300w, https:\/\/prochoix.org\/wp-content\/uploads\/2017\/08\/aa.jpg 596w\" sizes=\"(max-width: 300px) 100vw, 300px\" \/><\/a><\/div>\n<div><\/div>\n<div><\/div>\n<div><\/div>\n<div>&#8211; une annonce pour organiser \u00ab\u00a0un travail relationnel avec la paroisse catholique pourra aussi \u00eatre fait pour faire vivre le lien chr\u00e9tien\u00a0\u00bb.<\/div>\n<div><\/div>\n<div><img loading=\"lazy\" decoding=\"async\" class=\" size-medium wp-image-1072 aligncenter\" src=\"http:\/\/www.prochoix.org\/wordpress\/wp-content\/uploads\/2017\/08\/bb-300x277.jpg\" alt=\"bb\" width=\"300\" height=\"277\" srcset=\"https:\/\/prochoix.org\/wp-content\/uploads\/2017\/08\/bb-300x277.jpg 300w, https:\/\/prochoix.org\/wp-content\/uploads\/2017\/08\/bb.jpg 596w\" sizes=\"(max-width: 300px) 100vw, 300px\" \/><\/div>\n<div><\/div>\n<div>&#8211; une annonce \u00ab\u00a0participer \u00e0 l&rsquo;\u00e9laboration d&rsquo;outils papier et num\u00e9riques pour accompagner les projets de d\u00e9veloppent international des \u00e9tablissements du r\u00e9seau catholique\u00a0\u00bb avec le Secr\u00e9tariat G\u00e9n\u00e9ral de l&rsquo;Enseignement Catholique.<\/div>\n<div><\/div>\n<div><img loading=\"lazy\" decoding=\"async\" class=\" size-medium wp-image-1074 aligncenter\" src=\"http:\/\/www.prochoix.org\/wordpress\/wp-content\/uploads\/2017\/08\/cc-300x261.jpg\" alt=\"cc\" width=\"300\" height=\"261\" srcset=\"https:\/\/prochoix.org\/wp-content\/uploads\/2017\/08\/cc-300x261.jpg 300w, https:\/\/prochoix.org\/wp-content\/uploads\/2017\/08\/cc.jpg 590w\" sizes=\"(max-width: 300px) 100vw, 300px\" \/><\/div>\n<div><\/div>\n<div><\/div>\n<div>&#8211; une annonce pour \u00ab\u00a0participer \u00e0 la r\u00e9alisation de projets \u00e9ducatifs en milieux d\u00e9favoris\u00e9s\u00a0\u00bb avec \u00ab\u00a0l\u2019aum\u00f4nerie catholique des coll\u00e8ges et lyc\u00e9e Claudel, Faur\u00e9, Gallois\u00a0\u00bb.<\/div>\n<div><a href=\"http:\/\/www.prochoix.org\/wordpress\/wp-content\/uploads\/2017\/08\/ee.jpg\"><img loading=\"lazy\" decoding=\"async\" class=\"alignnone size-medium wp-image-1085\" src=\"http:\/\/www.prochoix.org\/wordpress\/wp-content\/uploads\/2017\/08\/ee-300x289.jpg\" alt=\"ee\" width=\"300\" height=\"289\" srcset=\"https:\/\/prochoix.org\/wp-content\/uploads\/2017\/08\/ee-300x289.jpg 300w, https:\/\/prochoix.org\/wp-content\/uploads\/2017\/08\/ee.jpg 496w\" sizes=\"(max-width: 300px) 100vw, 300px\" \/><\/a><\/div>\n<div><\/div>\n<div><\/div>\n<div>&#8211; une annonce pour \u00ab\u00a0en lien avec l\u2019\u00e9quipe de la Pastorale jeunes, relayer par diff\u00e9rents moyens de communication, notamment vid\u00e9o, les temps forts v\u00e9cus par les jeunes dans le dioc\u00e8se\u00a0\u00bb, et \u00ab\u00a0en lien avec l\u2019\u00e9quipe du Service dioc\u00e9sain de Communication, contribuer \u00e0 l\u2019activit\u00e9 en en d\u00e9couvrant divers aspects\u00a0\u00bb.<\/div>\n<div><\/div>\n<div><\/div>\n<div><\/div>\n<div><img loading=\"lazy\" decoding=\"async\" class=\" size-medium wp-image-1073 aligncenter\" src=\"http:\/\/www.prochoix.org\/wordpress\/wp-content\/uploads\/2017\/08\/dd-300x193.jpg\" alt=\"dd\" width=\"300\" height=\"193\" srcset=\"https:\/\/prochoix.org\/wp-content\/uploads\/2017\/08\/dd-300x193.jpg 300w, https:\/\/prochoix.org\/wp-content\/uploads\/2017\/08\/dd.jpg 596w\" sizes=\"(max-width: 300px) 100vw, 300px\" \/><\/div>\n<div><\/div>\n<div><\/div>\n<div><\/div>\n<div>On peut s&rsquo;interroger\u00a0quant au non-respect possible de l&rsquo;exigence de neutralit\u00e9 et de la\u00efcit\u00e9 dans les missions de Service Civique. Que des associations \u00e0 but confessionnel investissent le terrain social pour remplacer des services parfois d\u00e9faillants n&rsquo;est pas un myst\u00e8re. Il serait dommageable que l\u2019\u00c9tat ne respecte pas la loi en mati\u00e8re de la\u00efcit\u00e9 d&rsquo;une part, et fournisse \u00e0 ces associations religieuses une aide budg\u00e9taire en leur finan\u00e7ant des postes de service civique d&rsquo;autre part.<\/div>\n","protected":false},"excerpt":{"rendered":"<p>Le Service civique a \u00e9t\u00e9 cr\u00e9\u00e9 par une loi du 10 mars 2010 sous l&rsquo;impulsion de Martin Hirsh. Il s&rsquo;agit alors d&rsquo;un dispositif visant \u00e0 encourager l&rsquo;engagement. Il donne la possibilit\u00e9aux jeunes de 16 \u00e0 25 ans de s&rsquo;engager pour une dur\u00e9e de 6 \u00e0 12 mois dans une mission d&rsquo;int\u00e9r\u00eat g\u00e9n\u00e9ral dans 9 domaines &hellip; <a href=\"https:\/\/prochoix.org\/?p=1071\" class=\"more-link\">Continuer la lecture de <span class=\"screen-reader-text\">Service Civique d\u00e9tourn\u00e9 par des associations confessionnelles ?<\/span>  <span class=\"meta-nav\">&rarr;<\/span><\/a><\/p>\n","protected":false},"author":1,"featured_media":1081,"comment_status":"closed","ping_status":"closed","sticky":false,"template":"","format":"standard","meta":{"footnotes":""},"categories":[17],"tags":[157,74,156],"_links":{"self":[{"href":"https:\/\/prochoix.org\/index.php?rest_route=\/wp\/v2\/posts\/1071"}],"collection":[{"href":"https:\/\/prochoix.org\/index.php?rest_route=\/wp\/v2\/posts"}],"about":[{"href":"https:\/\/prochoix.org\/index.php?rest_route=\/wp\/v2\/types\/post"}],"author":[{"embeddable":true,"href":"https:\/\/prochoix.org\/index.php?rest_route=\/wp\/v2\/users\/1"}],"replies":[{"embeddable":true,"href":"https:\/\/prochoix.org\/index.php?rest_route=%2Fwp%2Fv2%2Fcomments&post=1071"}],"version-history":[{"count":8,"href":"https:\/\/prochoix.org\/index.php?rest_route=\/wp\/v2\/posts\/1071\/revisions"}],"predecessor-version":[{"id":1086,"href":"https:\/\/prochoix.org\/index.php?rest_route=\/wp\/v2\/posts\/1071\/revisions\/1086"}],"wp:featuredmedia":[{"embeddable":true,"href":"https:\/\/prochoix.org\/index.php?rest_route=\/wp\/v2\/media\/1081"}],"wp:attachment":[{"href":"https:\/\/prochoix.org\/index.php?rest_route=%2Fwp%2Fv2%2Fmedia&parent=1071"}],"wp:term":[{"taxonomy":"category","embeddable":true,"href":"https:\/\/prochoix.org\/index.php?rest_route=%2Fwp%2Fv2%2Fcategories&post=1071"},{"taxonomy":"post_tag","embeddable":true,"href":"https:\/\/prochoix.org\/index.php?rest_route=%2Fwp%2Fv2%2Ftags&post=1071"}],"curies":[{"name":"wp","href":"https:\/\/api.w.org\/{rel}","templated":true}]}}