{"id":1088,"date":"2017-09-05T09:34:22","date_gmt":"2017-09-05T08:34:22","guid":{"rendered":"http:\/\/www.prochoix.org\/wordpress\/?p=1088"},"modified":"2017-09-05T12:33:20","modified_gmt":"2017-09-05T11:33:20","slug":"la-mode-pudique-des-nouvelles-bigotes","status":"publish","type":"post","link":"https:\/\/prochoix.org\/?p=1088","title":{"rendered":"La &lsquo;mode pudique&rsquo; des nouvelles bigotes"},"content":{"rendered":"<p>Nous sommes en 2017 et la \u00ab\u00a0mode pudique\u00a0\u00bb is the new \u00ab\u00a0mode islamique\u00a0\u00bb, qui devenait trop marqu\u00e9e religieusement. Pour certains, la \u00ab\u00a0mode pudique\u00a0\u00bb est d\u00e9sormais \u00e9galement un nouveau f\u00e9minisme, compl\u00e8tement d\u00e9politis\u00e9, mais surtout sharia-compatible.<\/p>\n<p><img loading=\"lazy\" decoding=\"async\" class=\" size-medium wp-image-1094 aligncenter\" src=\"http:\/\/www.prochoix.org\/wordpress\/wp-content\/uploads\/2017\/09\/Capture-d\u2019\u00e9cran-2017-09-05-\u00e0-10.06.48-300x88.png\" alt=\"Capture d\u2019\u00e9cran 2017-09-05 \u00e0 10.06.48\" width=\"300\" height=\"88\" srcset=\"https:\/\/prochoix.org\/wp-content\/uploads\/2017\/09\/Capture-d\u2019\u00e9cran-2017-09-05-\u00e0-10.06.48-300x88.png 300w, https:\/\/prochoix.org\/wp-content\/uploads\/2017\/09\/Capture-d\u2019\u00e9cran-2017-09-05-\u00e0-10.06.48.png 786w\" sizes=\"(max-width: 300px) 100vw, 300px\" \/><\/p>\n<p>En 2016, l&rsquo;expression \u00ab\u00a0mode pudique\u00a0\u00bb est apparue progressivement dans les m\u00e9dias apr\u00e8s que plusieurs grandes marques telles que H&amp;M, Zara, Dolce &amp; Gabbana ou encore Uniqlo aient sorti une ligne de v\u00eatements \u00e0 destination des femmes voil\u00e9es. Le march\u00e9 est en plein essor\u00a0: les pr\u00e9visions envisagent un march\u00e9 \u00e0 327 milliards de dollars en 2020. La ministre des Droits des Femmes, Laurence Rossignol s&rsquo;en \u00e9tait \u00e9mue, jugeant ces marques \u00ab\u00a0irresponsables\u00a0\u00bb. Rokhaya Diallo s&rsquo;\u00e9tait alors indign\u00e9e des propos de la ministre dans Jeune Afrique\u00a0:<\/p>\n<blockquote><p>\u00ab\u00a0Et pour moi, la premi\u00e8re victoire des femmes est de pouvoir disposer de leur corps librement. Et je trouve \u00e7a scandaleux qu\u2019une ministre du Droit des femmes consid\u00e8re qu\u2019elle doive prot\u00e9ger une partie des femmes seulement. Elle manque de respect \u00e0 ces femmes qui font le choix de porter le foulard : elle ne consid\u00e8re pas que leur droit \u00e0 s\u2019habiller comme elles le souhaitent soit un droit\u00a0\u00bb.<\/p><\/blockquote>\n<p><img loading=\"lazy\" decoding=\"async\" class=\" size-medium wp-image-1097 aligncenter\" src=\"http:\/\/www.prochoix.org\/wordpress\/wp-content\/uploads\/2017\/09\/Capture-d\u2019\u00e9cran-2017-09-05-\u00e0-10.30.00-252x300.jpg\" alt=\"Capture d\u2019\u00e9cran 2017-09-05 \u00e0 10.30.00\" width=\"252\" height=\"300\" srcset=\"https:\/\/prochoix.org\/wp-content\/uploads\/2017\/09\/Capture-d\u2019\u00e9cran-2017-09-05-\u00e0-10.30.00-252x300.jpg 252w, https:\/\/prochoix.org\/wp-content\/uploads\/2017\/09\/Capture-d\u2019\u00e9cran-2017-09-05-\u00e0-10.30.00.jpg 796w\" sizes=\"(max-width: 252px) 100vw, 252px\" \/><\/p>\n<p>&nbsp;<\/p>\n<p>Ce qui \u00e9tait pr\u00e9c\u00e9demment consid\u00e9r\u00e9 comme \u00ab\u00a0mode islamique\u00a0\u00bb devient \u00ab\u00a0mode pudique\u00a0\u00bb. Citons \u00e9galement les Hijab Day, organis\u00e9s notamment \u00e0 Sciences Po, promus de la m\u00eame mani\u00e8re. La \u00ab mode pudique \u00bb est alors plut\u00f4t d\u00e9fendue au nom du libre choix de se v\u00eatir, puisque le voile et les v\u00eatements amples et longs seraient des \u00ab\u00a0v\u00eatements comme les autres\u00a0\u00bb. La d\u00e9politisation du religieux est alors en route.\u00a0Dans la pr\u00e9sentation du Hijab Day \u00e0 Sciences Po on peut lire\u00a0:<\/p>\n<blockquote><p>\u00ab\u00a0Si toi aussi tu trouves que <strong>ce serait sympa d\u2019essayer la d\u00e9cence<\/strong>, le respect de l\u2019autre, l\u2019\u00e9change et la compr\u00e9hension mutuelle, tout \u00e7a, tout \u00e7a\u2026 dans notre soci\u00e9t\u00e9 tristounette\u00bb<\/p>\n<p><img loading=\"lazy\" decoding=\"async\" class=\" size-medium wp-image-1093 aligncenter\" src=\"http:\/\/www.prochoix.org\/wordpress\/wp-content\/uploads\/2017\/09\/Capture-d\u2019\u00e9cran-2017-09-05-\u00e0-10.12.42-300x298.jpg\" alt=\"Capture d\u2019\u00e9cran 2017-09-05 \u00e0 10.12.42\" width=\"300\" height=\"298\" srcset=\"https:\/\/prochoix.org\/wp-content\/uploads\/2017\/09\/Capture-d\u2019\u00e9cran-2017-09-05-\u00e0-10.12.42-300x298.jpg 300w, https:\/\/prochoix.org\/wp-content\/uploads\/2017\/09\/Capture-d\u2019\u00e9cran-2017-09-05-\u00e0-10.12.42-150x150.jpg 150w, https:\/\/prochoix.org\/wp-content\/uploads\/2017\/09\/Capture-d\u2019\u00e9cran-2017-09-05-\u00e0-10.12.42.jpg 1000w\" sizes=\"(max-width: 300px) 100vw, 300px\" \/><\/p><\/blockquote>\n<p>R\u00e9cemment, lorsque la pol\u00e9mique autour de <a href=\"http:\/\/www.ikhwan.whoswho\/blog\/archives\/11198\">Lallab<\/a> a \u00e9clat\u00e9, il est apparu que cette association promouvait elle aussi la \u00ab\u00a0mode pudique\u00a0\u00bb, ou \u00ab\u00a0modest fashion\u00a0\u00bb en anglais, tout en se revendiquant ouvertement f\u00e9ministe. Il n&rsquo;est plus seulement question de revendiquer le droit de se v\u00eatir de fa\u00e7on \u00ab\u00a0pudique\u00a0\u00bb au nom des libert\u00e9s individuelles, mais \u00e9galement de consid\u00e9rer que la \u00ab\u00a0mode pudique\u00a0\u00bb, c&rsquo;est f\u00e9ministe.<\/p>\n<p><img loading=\"lazy\" decoding=\"async\" class=\" size-medium wp-image-1092 aligncenter\" src=\"http:\/\/www.prochoix.org\/wordpress\/wp-content\/uploads\/2017\/09\/Capture-d\u2019\u00e9cran-2017-09-05-\u00e0-10.10.37-233x300.jpg\" alt=\"Capture d\u2019\u00e9cran 2017-09-05 \u00e0 10.10.37\" width=\"233\" height=\"300\" srcset=\"https:\/\/prochoix.org\/wp-content\/uploads\/2017\/09\/Capture-d\u2019\u00e9cran-2017-09-05-\u00e0-10.10.37-233x300.jpg 233w, https:\/\/prochoix.org\/wp-content\/uploads\/2017\/09\/Capture-d\u2019\u00e9cran-2017-09-05-\u00e0-10.10.37-795x1024.jpg 795w, https:\/\/prochoix.org\/wp-content\/uploads\/2017\/09\/Capture-d\u2019\u00e9cran-2017-09-05-\u00e0-10.10.37.jpg 1418w\" sizes=\"(max-width: 233px) 100vw, 233px\" \/><\/p>\n<p>Il est n\u00e9cessaire de lever les ambigu\u00eft\u00e9s volontairement introduites dans le d\u00e9bat par les militant(e)s de la \u00ab\u00a0mode pudique\u00a0\u00bb. Les f\u00e9ministes universalistes ne remettent pas en question le droit des femmes de se v\u00eatir selon leurs go\u00fbts, ne militent pas pour que les v\u00eatements \u00ab\u00a0pudiques\u00a0\u00bb soient interdits. Pourtant, elles sont tax\u00e9es d&rsquo;\u00a0\u00ab\u00a0islamophobes\u00a0\u00bb et de mauvaises f\u00e9ministes car en critiquant la \u00ab\u00a0mode pudique\u00a0\u00bb, elles s&rsquo;attaqueraient aux femmes musulmanes. Si tout f\u00e9minisme est critiquable, y compris le f\u00e9minisme universaliste et mat\u00e9rialiste, ce dont ne se privent pas ces militantes, la \u00ab\u00a0mode pudique\u00a0\u00bb l&rsquo;est aussi. Les universalistes exercent un de leur droit, \u00e0 la libert\u00e9 d&rsquo;expression, pour rappeler plusieurs points essentiels.<\/p>\n<p>Tout d&rsquo;abord, la pudeur, comme le fait de couvrir les femmes, n&rsquo;a rien de subversif. Le Larousse d\u00e9signe la pudeur comme une \u00ab\u00a0Disposition \u00e0 \u00e9prouver de la g\u00eane devant ce qui peut blesser la d\u00e9cence, devant l&rsquo;\u00e9vocation de choses tr\u00e8s personnelles et, en particulier, l&rsquo;\u00e9vocation de choses sexuelles\u00a0\u00bb. Faut-il pr\u00e9ciser que g\u00eane, d\u00e9cence, et timidit\u00e9 sexuelle font partie des st\u00e9r\u00e9otypes associ\u00e9s et demand\u00e9s au genre f\u00e9minin\u00a0? \u00catre f\u00e9ministe, n&rsquo;est-ce pas revendiquer le droit de ne pas vivre sous les complexes et les tabous, d&rsquo;assumer son corps, d&rsquo;occuper l&rsquo;espace public, de fa\u00e7on \u00e9gale aux hommes\u00a0?<\/p>\n<p><img loading=\"lazy\" decoding=\"async\" class=\" size-medium wp-image-1099 aligncenter\" src=\"http:\/\/www.prochoix.org\/wordpress\/wp-content\/uploads\/2017\/09\/Capture-d\u2019\u00e9cran-2017-09-05-\u00e0-10.30.10-300x242.jpg\" alt=\"Capture d\u2019\u00e9cran 2017-09-05 \u00e0 10.30.10\" width=\"300\" height=\"242\" srcset=\"https:\/\/prochoix.org\/wp-content\/uploads\/2017\/09\/Capture-d\u2019\u00e9cran-2017-09-05-\u00e0-10.30.10-300x242.jpg 300w, https:\/\/prochoix.org\/wp-content\/uploads\/2017\/09\/Capture-d\u2019\u00e9cran-2017-09-05-\u00e0-10.30.10-1024x827.jpg 1024w, https:\/\/prochoix.org\/wp-content\/uploads\/2017\/09\/Capture-d\u2019\u00e9cran-2017-09-05-\u00e0-10.30.10.jpg 1208w\" sizes=\"(max-width: 300px) 100vw, 300px\" \/><\/p>\n<p>Les prescriptions religieuses n&rsquo;ont jamais \u00e9t\u00e9 sources de f\u00e9minisme. L&rsquo;escroquerie du \u00ab\u00a0f\u00e9minisme chr\u00e9tien\u00a0\u00bb n&rsquo;a pas eu de mal \u00e0 \u00eatre d\u00e9masqu\u00e9e lorsqu&rsquo;il s&rsquo;agissait de femmes chr\u00e9tiennes revendiquant en leur nom le droit de rester au foyer, et d&rsquo;\u00eatre anti-avortement. Personne n&rsquo;a song\u00e9 \u00e0 affirmer qu&rsquo;il s&rsquo;agissait de l&rsquo;avant-garde des f\u00e9ministes car c&rsquo;\u00e9tait des femmes qui s&rsquo;exprimaient. Il existe bien \u00e9videmment des f\u00e9ministes musulmanes, plus ou moins croyantes, qui ambitionnent d&rsquo;\u00e9largir les droits des femmes dans un contexte pr\u00e9cis, et sans intrusion du religieux. Le \u00ab\u00a0f\u00e9minisme islamique\u00a0\u00bb, qui englobe la \u00ab\u00a0mode pudique\u00a0\u00bb, fait plut\u00f4t l&rsquo;effet inverse\u00a0: il emm\u00e8ne plus de religion dans les droits des femmes de par ses r\u00e9f\u00e9rences litt\u00e9raires et politiques ou de par la promotion du voile, qui est par essence sexiste car ne s&rsquo;appliquant pas aux hommes.<\/p>\n<p><img loading=\"lazy\" decoding=\"async\" class=\" size-medium wp-image-1095 aligncenter\" src=\"http:\/\/www.prochoix.org\/wordpress\/wp-content\/uploads\/2017\/09\/Capture-d\u2019\u00e9cran-2016-02-20-\u00e0-15.37.30-259x300.png\" alt=\"Capture d\u2019\u00e9cran 2016-02-20 \u00e0 15.37.30\" width=\"259\" height=\"300\" srcset=\"https:\/\/prochoix.org\/wp-content\/uploads\/2017\/09\/Capture-d\u2019\u00e9cran-2016-02-20-\u00e0-15.37.30-259x300.png 259w, https:\/\/prochoix.org\/wp-content\/uploads\/2017\/09\/Capture-d\u2019\u00e9cran-2016-02-20-\u00e0-15.37.30-884x1024.png 884w, https:\/\/prochoix.org\/wp-content\/uploads\/2017\/09\/Capture-d\u2019\u00e9cran-2016-02-20-\u00e0-15.37.30.png 1162w\" sizes=\"(max-width: 259px) 100vw, 259px\" \/><\/p>\n<p>Enfin, la \u00ab\u00a0mode pudique\u00a0\u00bb n&rsquo;est pas une \u00ab\u00a0mode comme les autres\u00a0\u00bb. Cette fa\u00e7on de d\u00e9contextualiser et d\u00e9politiser la mode islamique permet de la relativiser pour la confondre avec les autres v\u00eatements. Comme nous l&rsquo;avons vu, elle s&rsquo;inscrit dans un cadre religieux et dans un contexte g\u00e9n\u00e9ral o\u00f9 la pression religieuse au niveau fran\u00e7ais comme international devient de plus en plus pr\u00e9sente. Vouloir faire passer la promotion du voile ou des tenues \u00ab\u00a0pudiques\u00a0\u00bb comme similaire aux autres tenues est habile&#8230; si l&rsquo;on masque les r\u00e9f\u00e9rences religieuses et politiques, il n&rsquo;y a plus de \u00ab\u00a0probl\u00e8me\u00a0\u00bb, et les f\u00e9ministes universalistes sont tout simplement racistes. Seul\u00a0ennui pour les partisans de la \u00ab\u00a0mode pudique\u00a0\u00bb\u00a0: user de cet argument pour d\u00e9politiser et \u00ab\u00a0d\u00e9-religioser\u00a0\u00bb cette mode rentre en contradiction avec l&rsquo;argument pr\u00e9c\u00e9dent comme quoi le \u00ab\u00a0f\u00e9minisme islamique\u00a0\u00bb, ou issu des prescriptions islamiques, existerait&#8230;<\/p>\n<p>La boussole f\u00e9ministe des partisans de la \u00ab\u00a0mode pudique\u00a0\u00bb est comme d\u00e9r\u00e9gl\u00e9e. L&rsquo;aiguille n&rsquo;indique plus l&rsquo;\u00e9galit\u00e9 femme-homme, mais vacille dans tous les sens, puisque tout n&rsquo;est qu&rsquo;affaire de choix pour que ce soit consid\u00e9r\u00e9 comme \u00ab\u00a0f\u00e9ministe\u00a0\u00bb. Ainsi, Lila et Alma L\u00e9vy, les deux lyc\u00e9ennes qui avaient fait les gros titres en 2003 en refusant d&rsquo;enlever leur voile pendant les cours, avaient par la suite ensuite \u00e9galement \u00e9voqu\u00e9\u00a0sur le plateau de l&rsquo;\u00e9mission Campus le \u00ab\u00a0libre choix\u00a0\u00bb&#8230; de se faire lapider pour adult\u00e8re.<\/p>\n<p>Il est ainsi plus que n\u00e9cessaire de combattre l&rsquo;analogisme ambiant qui voudrait que toute critique de la \u00ab\u00a0mode pudique\u00a0\u00bb = \u00ab\u00a0islamophobie\u00a0\u00bb. Tous les f\u00e9minismes sont susceptibles de faire l&rsquo;objet de critiques, du f\u00e9minisme le plus ambitieux au f\u00e9minisme le plus religieux. Y compris donc celui qui voudrait imposer un panneau STOP aux f\u00e9ministes universalistes, de toutes nationalit\u00e9s, qui tentent depuis tant d&rsquo;ann\u00e9es de repousser petit \u00e0 petit les limites des in\u00e9galit\u00e9s sexuelles, le puritanisme et les interpr\u00e9tations sexistes des textes religieux.<\/p>\n<p><img loading=\"lazy\" decoding=\"async\" class=\" size-medium wp-image-1100 aligncenter\" src=\"http:\/\/www.prochoix.org\/wordpress\/wp-content\/uploads\/2017\/09\/Capture-d\u2019\u00e9cran-2017-09-05-\u00e0-10.30.20-300x265.jpg\" alt=\"Capture d\u2019\u00e9cran 2017-09-05 \u00e0 10.30.20\" width=\"300\" height=\"265\" srcset=\"https:\/\/prochoix.org\/wp-content\/uploads\/2017\/09\/Capture-d\u2019\u00e9cran-2017-09-05-\u00e0-10.30.20-300x265.jpg 300w, https:\/\/prochoix.org\/wp-content\/uploads\/2017\/09\/Capture-d\u2019\u00e9cran-2017-09-05-\u00e0-10.30.20-1024x906.jpg 1024w, https:\/\/prochoix.org\/wp-content\/uploads\/2017\/09\/Capture-d\u2019\u00e9cran-2017-09-05-\u00e0-10.30.20.jpg 1304w\" sizes=\"(max-width: 300px) 100vw, 300px\" \/><\/p>\n<p>La subversion et l&rsquo;\u00e9mancipation f\u00e9ministes s&rsquo;inscrivent-elle contre la nudit\u00e9 f\u00e9minine, qui est pourtant non acquise, consid\u00e9r\u00e9e comme vulgaire, sexuelle, mena\u00e7ante et provocante, \u00e0 la diff\u00e9rence de celle des hommes\u00a0? Cette nudit\u00e9 est pourtant d\u00e9nonc\u00e9e comme \u00ab\u00a0dominante\u00a0\u00bb aussi bien par les promoteurs de la \u00ab\u00a0mode pudique\u00a0\u00bb que par des militants de l&rsquo;islam politique. Ou la subversion et l&rsquo;\u00e9mancipation f\u00e9ministes s&rsquo;inscrivent-elle contre la ma\u00eetrise du corps des femmes par quelque institution que ce soit, contre le puritanisme et les tabous sexuels, dans un objectif d&rsquo;\u00a0\u00e9galit\u00e9 femme\/homme\u00a0?<\/p>\n<p>Il semblerait que r\u00e9p\u00e9ter en boucle que la \u00abmode pudique\u00a0\u00bb est un \u00ab\u00a0choix\u00a0\u00bb f\u00e9ministe in-jugeable ne r\u00e9siste pas \u00e0 l&rsquo;\u00e9preuve du temps, de la critique et de la contextualisation. Certaines associations f\u00e9ministes, comme certaines qui se sont pr\u00e9cipit\u00e9es pour signer dans Lib\u00e9ration une p\u00e9tition de soutien \u00e0 Lallab, ou pour apporter leur soutien sur les r\u00e9seaux sociaux, trouveraient une id\u00e9e salutaire en clarifiant leur position et ligne directrice vis-\u00e0-vis de ce concept qui mute petit \u00e0 petit du domaine religieux au f\u00e9minisme.<\/p>\n<p><strong><em>\u00a0 \u00a0Catherine Herv\u00e9<\/em><\/strong><\/p>\n<p><a href=\"http:\/\/www.prochoix.org\/wordpress\/wp-content\/uploads\/2017\/09\/Capture-d\u2019\u00e9cran-2017-09-05-\u00e0-10.29.51.jpg\"><img loading=\"lazy\" decoding=\"async\" class=\" size-medium wp-image-1101 aligncenter\" src=\"http:\/\/www.prochoix.org\/wordpress\/wp-content\/uploads\/2017\/09\/Capture-d\u2019\u00e9cran-2017-09-05-\u00e0-10.29.51-300x234.jpg\" alt=\"Capture d\u2019\u00e9cran 2017-09-05 \u00e0 10.29.51\" width=\"300\" height=\"234\" srcset=\"https:\/\/prochoix.org\/wp-content\/uploads\/2017\/09\/Capture-d\u2019\u00e9cran-2017-09-05-\u00e0-10.29.51-300x234.jpg 300w, https:\/\/prochoix.org\/wp-content\/uploads\/2017\/09\/Capture-d\u2019\u00e9cran-2017-09-05-\u00e0-10.29.51.jpg 772w\" sizes=\"(max-width: 300px) 100vw, 300px\" \/><\/a><\/p>\n<p>&nbsp;<\/p>\n","protected":false},"excerpt":{"rendered":"<p>Nous sommes en 2017 et la \u00ab\u00a0mode pudique\u00a0\u00bb is the new \u00ab\u00a0mode islamique\u00a0\u00bb, qui devenait trop marqu\u00e9e religieusement. Pour certains, la \u00ab\u00a0mode pudique\u00a0\u00bb est d\u00e9sormais \u00e9galement un nouveau f\u00e9minisme, compl\u00e8tement d\u00e9politis\u00e9, mais surtout sharia-compatible. En 2016, l&rsquo;expression \u00ab\u00a0mode pudique\u00a0\u00bb est apparue progressivement dans les m\u00e9dias apr\u00e8s que plusieurs grandes marques telles que H&amp;M, Zara, Dolce &hellip; <a href=\"https:\/\/prochoix.org\/?p=1088\" class=\"more-link\">Continuer la lecture de <span class=\"screen-reader-text\">La &lsquo;mode pudique&rsquo; des nouvelles bigotes<\/span>  <span class=\"meta-nav\">&rarr;<\/span><\/a><\/p>\n","protected":false},"author":1,"featured_media":1096,"comment_status":"closed","ping_status":"closed","sticky":false,"template":"","format":"standard","meta":{"footnotes":""},"categories":[16,17],"tags":[158,159,160,82,161],"_links":{"self":[{"href":"https:\/\/prochoix.org\/index.php?rest_route=\/wp\/v2\/posts\/1088"}],"collection":[{"href":"https:\/\/prochoix.org\/index.php?rest_route=\/wp\/v2\/posts"}],"about":[{"href":"https:\/\/prochoix.org\/index.php?rest_route=\/wp\/v2\/types\/post"}],"author":[{"embeddable":true,"href":"https:\/\/prochoix.org\/index.php?rest_route=\/wp\/v2\/users\/1"}],"replies":[{"embeddable":true,"href":"https:\/\/prochoix.org\/index.php?rest_route=%2Fwp%2Fv2%2Fcomments&post=1088"}],"version-history":[{"count":5,"href":"https:\/\/prochoix.org\/index.php?rest_route=\/wp\/v2\/posts\/1088\/revisions"}],"predecessor-version":[{"id":1105,"href":"https:\/\/prochoix.org\/index.php?rest_route=\/wp\/v2\/posts\/1088\/revisions\/1105"}],"wp:featuredmedia":[{"embeddable":true,"href":"https:\/\/prochoix.org\/index.php?rest_route=\/wp\/v2\/media\/1096"}],"wp:attachment":[{"href":"https:\/\/prochoix.org\/index.php?rest_route=%2Fwp%2Fv2%2Fmedia&parent=1088"}],"wp:term":[{"taxonomy":"category","embeddable":true,"href":"https:\/\/prochoix.org\/index.php?rest_route=%2Fwp%2Fv2%2Fcategories&post=1088"},{"taxonomy":"post_tag","embeddable":true,"href":"https:\/\/prochoix.org\/index.php?rest_route=%2Fwp%2Fv2%2Ftags&post=1088"}],"curies":[{"name":"wp","href":"https:\/\/api.w.org\/{rel}","templated":true}]}}