{"id":1128,"date":"2017-12-15T00:16:44","date_gmt":"2017-12-14T23:16:44","guid":{"rendered":"http:\/\/www.prochoix.org\/wordpress\/?p=1128"},"modified":"2017-12-15T00:16:44","modified_gmt":"2017-12-14T23:16:44","slug":"reunion-de-la-droite-catholique-a-lassemblee-nationale","status":"publish","type":"post","link":"https:\/\/prochoix.org\/?p=1128","title":{"rendered":"R\u00e9union de la droite catholique \u00e0 l&rsquo;Assembl\u00e9e Nationale"},"content":{"rendered":"<p>Le 17 janvier 2018 se tiendra \u00e0 l&rsquo;Assembl\u00e9e Nationale la \u00ab\u00a03\u00e8me \u00e9dition de la journ\u00e9e pour la vie\u00a0\u00bb. Cette conf\u00e9rence est organis\u00e9e par Marie-France Lohro, devenue d\u00e9put\u00e9e Ligue du Sud suite \u00e0 la d\u00e9mission de Jacques Bompard dont elle \u00e9tait la suppl\u00e9ante. En effet, ce dernier ne pouvait pas cumuler le mandat de maire d&rsquo;Orange et de d\u00e9put\u00e9 du Vaucluse.<\/p>\n<p>Sont annonc\u00e9s :<\/p>\n<p>&#8211; l&rsquo;Abb\u00e9 de Tanouarn, de l&rsquo;Institut du Bon Pasteur, tous deux issus de la traditionaliste et radicale Fraternit\u00e9 Sacerdotale Saint Pie X (FSSPX).<\/p>\n<p>&#8211; Philippe Maxence, r\u00e9dacteur en chef de l&rsquo;Homme Nouveau, revue catholique fid\u00e8le au Vatican.<\/p>\n<p>&#8211; Laurent Dandrieu et Charlotte d&rsquo;Ornellas, respectivement r\u00e9dacteur en chef et journaliste de Valeurs Actuelles.<\/p>\n<p>&#8211; C\u00e9cile Edel, pr\u00e9sidente de l&rsquo;association anti-avortement Choisir La Vie, qui co-organise chaque ann\u00e9e la Marche Pour La Vie.<\/p>\n<p>&#8211; Claire de Gatelier, pr\u00e9sidente de Famille et Libert\u00e9s, association catholique de droite dure ayant notamment soutenu Christian Vanneste apr\u00e8s ses multiples propos homophobes.<\/p>\n<p>&#8211; Stanislas de Larminat, promoteur de \u00ab\u00a0l&rsquo;\u00e9cologie chr\u00e9tienne\u00a0\u00bb, qui remet en cause l&rsquo;activit\u00e9 humaine dans le r\u00e9chauffement climatique.<\/p>\n<p>&#8211; La Fondation Lejeune, tr\u00e8s active contre l&rsquo;avortement et l&rsquo;euthanasie.<\/p>\n<p>&#8211; Jo\u00ebl Hautebert, professeur \u00e0 l&rsquo;Universit\u00e9 d&rsquo;Angers et militant anti-avortement et anti-mariage pour tous.<\/p>\n<p>&#8211; Charles de Meyer, pr\u00e9sident de SOS Chr\u00e9tiens d&rsquo;Orient (association r\u00e9put\u00e9e pro- Bachar al Assad), ancien assistant parlementaire de Jacques Bompard et membre du Printemps Fran\u00e7ais.<\/p>\n<p>&#8211; Jean-Marie Le M\u00e9n\u00e9, pr\u00e9sident de la Fondation Lejeune.<\/p>\n<p>&#8211; Guillaume Bernard, professeur \u00e0 l&rsquo;Institut catholique de Vend\u00e9e.<\/p>\n<p>&#8211; Gabrielle Cluzel, r\u00e9dacteur en chef de Boulevard Voltaire, site d&rsquo;extr\u00eame-droite plusieurs fois \u00e9pingl\u00e9 pour avoir diffus\u00e9 des hoax, et invit\u00e9 des personnalit\u00e9s ayant tenu des propos <a href=\"http:\/\/www.conspiracywatch.info\/alain-soral-sur-boulevard-voltaire-rien-que-de-tres-logique_a1025.html\">complotistes<\/a>. Ainsi que Marc Eynaud, journaliste sur le m\u00eame site internet.<\/p>\n<p>&#8211; Jean-Fr\u00e9d\u00e9ric Poisson, ancien d\u00e9put\u00e9 du Parti Chr\u00e9tien D\u00e9mocrate de Christine Boutin, militant pour l&rsquo;inscription \u00ab\u00a0des racines chr\u00e9tiennes de la France dans la Constitution\u00a0\u00bb. En 2015, il se rend \u00e0 Damas pour rencontrer Bachar al-Assad.<\/p>\n<p>&#8211; Marie-Pauline Deswartes, auteure et militante pour un retour aux \u00ab\u00a0principes organiques du droit naturel transmis par la Gr\u00e8ce et Rome, puis approfondis et d\u00e9fendus par l\u2019\u00c9glise catholique\u00a0\u00bb. Elle <a href=\"http:\/\/www.medias-presse.info\/entre-la-famille-et-letat-il-doit-y-avoir-les-corps-intermediaires-marie-pauline-deswarte-presente-la-republique-organique\/10284\/\">intervient<\/a> \u00e9galement sur des sites complotistes comme medias-presse.info<\/p>\n<p>&#8211; Guillaume de Thieulloy, r\u00e9dacteur en chef de Riposte Catholique, site de \u00ab\u00a0r\u00e9information catholique\u00a0\u00bb. De tendance traditionaliste, ce site d&rsquo;information avait cr\u00e9\u00e9 la <a href=\"&quot;ces%20pauvres enfants de la g\u00e9n\u00e9ration bobo, en transe extatique, \u00ab jeunes, festifs, ouverts, cosmopolites\u2026&quot;, sont devenus &quot;des morts-vivants&quot;. &quot;Leurs assassins, ces zombis-haschishin, sont leurs fr\u00e8res siamois.\">pol\u00e9mique<\/a> apr\u00e8s les attentats du 13 novembre 2015. On pouvait y lire une tribune intitul\u00e9e \u00ab\u00a0<em>Les Aigles (d\u00e9plum\u00e9s) de la mort aiment le diable\u00a0!\u00a0\u00bb<\/em>\u00a0\u00e0 propos des victimes du Bataclan : \u00ab\u00a0<em>ces pauvres enfants de la g\u00e9n\u00e9ration bobo, en transe extatique, \u00ab jeunes, festifs, ouverts, cosmopolites\u2026\u00a0\u00bb,<\/em> sont devenus \u00ab\u00a0<em>des morts-vivants\u00a0\u00bb. \u00ab\u00a0Leurs assassins, ces zombis-haschishin, sont leurs fr\u00e8res siamois.\u00a0\u00bb, \u00ab\u00a0\u00a0\u00bbVous invoquez le diable en rigolant ? Lui vous prend au s\u00e9rieux\u00a0\u00bb, <\/em>ainsi qu&rsquo;une comparaison du nombre de victimes avec le nombre d&rsquo;avortements en France.<\/p>\n<p>&#8211; Guillaume de Premare, ancien pr\u00e9sident de la Manif pour Tous, et d\u00e9l\u00e9gu\u00e9 g\u00e9n\u00e9ral de l&rsquo;Ichtus<\/p>\n<p>&#8211; Philippe Mesnard, r\u00e9dacteur en chef de l&rsquo;Action Fran\u00e7aise 2000, journal du mouvement royaliste maurassien Action Fran\u00e7aise.<\/p>\n<p>&nbsp;<\/p>\n<p><a href=\"http:\/\/www.prochoix.org\/wordpress\/wp-content\/uploads\/2017\/12\/E1249EC6-E513-4CF8-8C57-64992855DA91.jpeg\"><img loading=\"lazy\" decoding=\"async\" class=\" wp-image-1129 size-full aligncenter\" src=\"http:\/\/www.prochoix.org\/wordpress\/wp-content\/uploads\/2017\/12\/E1249EC6-E513-4CF8-8C57-64992855DA91.jpeg\" alt=\"E1249EC6-E513-4CF8-8C57-64992855DA91\" width=\"679\" height=\"960\" srcset=\"https:\/\/prochoix.org\/wp-content\/uploads\/2017\/12\/E1249EC6-E513-4CF8-8C57-64992855DA91.jpeg 679w, https:\/\/prochoix.org\/wp-content\/uploads\/2017\/12\/E1249EC6-E513-4CF8-8C57-64992855DA91-212x300.jpeg 212w\" sizes=\"(max-width: 679px) 100vw, 679px\" \/><\/a><\/p>\n","protected":false},"excerpt":{"rendered":"<p>Le 17 janvier 2018 se tiendra \u00e0 l&rsquo;Assembl\u00e9e Nationale la \u00ab\u00a03\u00e8me \u00e9dition de la journ\u00e9e pour la vie\u00a0\u00bb. Cette conf\u00e9rence est organis\u00e9e par Marie-France Lohro, devenue d\u00e9put\u00e9e Ligue du Sud suite \u00e0 la d\u00e9mission de Jacques Bompard dont elle \u00e9tait la suppl\u00e9ante. En effet, ce dernier ne pouvait pas cumuler le mandat de maire d&rsquo;Orange &hellip; <a href=\"https:\/\/prochoix.org\/?p=1128\" class=\"more-link\">Continuer la lecture de <span class=\"screen-reader-text\">R\u00e9union de la droite catholique \u00e0 l&rsquo;Assembl\u00e9e Nationale<\/span>  <span class=\"meta-nav\">&rarr;<\/span><\/a><\/p>\n","protected":false},"author":3,"featured_media":1131,"comment_status":"closed","ping_status":"closed","sticky":false,"template":"","format":"standard","meta":{"footnotes":""},"categories":[17],"tags":[],"_links":{"self":[{"href":"https:\/\/prochoix.org\/index.php?rest_route=\/wp\/v2\/posts\/1128"}],"collection":[{"href":"https:\/\/prochoix.org\/index.php?rest_route=\/wp\/v2\/posts"}],"about":[{"href":"https:\/\/prochoix.org\/index.php?rest_route=\/wp\/v2\/types\/post"}],"author":[{"embeddable":true,"href":"https:\/\/prochoix.org\/index.php?rest_route=\/wp\/v2\/users\/3"}],"replies":[{"embeddable":true,"href":"https:\/\/prochoix.org\/index.php?rest_route=%2Fwp%2Fv2%2Fcomments&post=1128"}],"version-history":[{"count":4,"href":"https:\/\/prochoix.org\/index.php?rest_route=\/wp\/v2\/posts\/1128\/revisions"}],"predecessor-version":[{"id":1134,"href":"https:\/\/prochoix.org\/index.php?rest_route=\/wp\/v2\/posts\/1128\/revisions\/1134"}],"wp:featuredmedia":[{"embeddable":true,"href":"https:\/\/prochoix.org\/index.php?rest_route=\/wp\/v2\/media\/1131"}],"wp:attachment":[{"href":"https:\/\/prochoix.org\/index.php?rest_route=%2Fwp%2Fv2%2Fmedia&parent=1128"}],"wp:term":[{"taxonomy":"category","embeddable":true,"href":"https:\/\/prochoix.org\/index.php?rest_route=%2Fwp%2Fv2%2Fcategories&post=1128"},{"taxonomy":"post_tag","embeddable":true,"href":"https:\/\/prochoix.org\/index.php?rest_route=%2Fwp%2Fv2%2Ftags&post=1128"}],"curies":[{"name":"wp","href":"https:\/\/api.w.org\/{rel}","templated":true}]}}