{"id":1136,"date":"2018-01-07T17:47:34","date_gmt":"2018-01-07T16:47:34","guid":{"rendered":"http:\/\/www.prochoix.org\/wordpress\/?p=1136"},"modified":"2018-01-08T10:53:54","modified_gmt":"2018-01-08T09:53:54","slug":"que-devient-civitas","status":"publish","type":"post","link":"https:\/\/prochoix.org\/?p=1136","title":{"rendered":"Civitas et la \u00ab\u00a0F\u00eate du Pays R\u00e9el\u00a0\u00bb"},"content":{"rendered":"<p><span style=\"font-family: Calibri, sans-serif;\"><span style=\"font-size: medium;\">Le 24 mars 2018 aura lieu \u00e0 Rungis la deuxi\u00e8me \u00e9dition de la \u00ab\u00a0F\u00eate du Pays R\u00e9el\u00a0\u00bb de l&rsquo;association Civitas, devenue parti politique depuis 2016. L&rsquo;expression \u00ab\u00a0pays r\u00e9el\u00a0\u00bb a \u00e9t\u00e9 popularis\u00e9e par le monarchiste Charles Maurras, en opposition au \u00ab\u00a0\u00abpays l\u00e9gal\u00a0\u00bb honni, c&rsquo;est \u00e0 dire le gouvernement occup\u00e9 par \u00ab quatre \u00c9tats conf\u00e9d\u00e9r\u00e9s \u00bb: \u00ab juifs, protestants, ma\u00e7ons et m\u00e9t\u00e8ques \u00bb.<\/span><\/span><\/p>\n<p><span style=\"font-family: Calibri, sans-serif;\"><span style=\"font-size: medium;\">Sont annonc\u00e9s \u00e0 la F\u00eate du Pays R\u00e9el\u00a0:<\/span><\/span><\/p>\n<ul>\n<li><strong><span style=\"font-family: Calibri, sans-serif;\"><span style=\"font-size: medium;\">l\u2019abb\u00e9 Xavier Beauvais<\/span><\/span><\/strong><span style=\"font-family: Calibri, sans-serif;\"><span style=\"font-size: medium;\">, ancien cur\u00e9 de la paroisse int\u00e9griste Saint Nicolas du Chardonnet, qui officie d\u00e9sormais \u00e0 la Fraternit\u00e9 Sacerdotale Saint Pie X (FSSPX) de Marseille. En 2013, lors d&rsquo;une manifestation de Civitas contre la \u00ab\u00a0christianophobie\u00a0\u00bb, il avait lanc\u00e9 \u00ab\u00a0Y&rsquo;a bon Banania, Y&rsquo;a pas bon Taubira\u00a0\u00bb en r\u00e9f\u00e9rence \u00e0 la loi Taubira sur le mariage pour tous. <\/span><\/span><\/li>\n<\/ul>\n<ul>\n<li><strong><span style=\"font-family: Calibri, sans-serif;\"><span style=\"font-size: medium;\">Pierre Hillard<\/span><\/span><\/strong><span style=\"font-family: Calibri, sans-serif;\"><span style=\"font-size: medium;\">, \u00e9crivain sur le \u00ab\u00a0mondialisme\u00a0\u00bb ainsi que sur le th\u00e8me conspirationniste du \u00ab\u00a0nouvel ordre mondial\u00a0\u00bb, il est \u00e9dit\u00e9 chez Kontre Kulture, maison d&rsquo;\u00e9dition d&rsquo;Alain Soral.<\/span><\/span><\/li>\n<\/ul>\n<ul>\n<li><strong><span style=\"font-family: Calibri, sans-serif;\"><span style=\"font-size: medium;\">Marion Sigaut<\/span><\/span><\/strong><span style=\"font-family: Calibri, sans-serif;\"><span style=\"font-size: medium;\">, ancienne militante d&rsquo;extr\u00eame-gauche, d\u00e9sormais figure de la complosph\u00e8re fran\u00e7aise et membre d&rsquo;Egalit\u00e9 &amp; R\u00e9conciliation. Ses ouvrages sur le monarchisme et contre les droits sexuels sont \u00e9galement \u00e9dit\u00e9s chez Kontre Kulture. <\/span><\/span><\/li>\n<\/ul>\n<ul>\n<li><strong><span style=\"font-family: Calibri, sans-serif;\"><span style=\"font-size: medium;\">Val\u00e9rie Bugault<\/span><\/span><\/strong><span style=\"font-family: Calibri, sans-serif;\"><span style=\"font-size: medium;\">, ancienne avocate qui se pr\u00e9sente comme \u00ab\u00a0analyste de g\u00e9opolitique \u00e9conomique\u00a0\u00bb<\/span><\/span><\/li>\n<\/ul>\n<ul>\n<li><strong><span style=\"font-family: Calibri, sans-serif;\"><span style=\"font-size: medium;\">Olivier Wyssa<\/span><\/span><\/strong><span style=\"font-family: Calibri, sans-serif;\"><span style=\"font-size: medium;\">, ancien conseiller r\u00e9gional FN et secr\u00e9taire d\u00e9partemental FN de l&rsquo;Ain. D\u00e9missionn\u00e9 par son parti, il a par la suite soutenu Carl Lang.<\/span><\/span><\/li>\n<\/ul>\n<ul>\n<li><strong><span style=\"font-family: Calibri, sans-serif;\"><span style=\"font-size: medium;\">Carl Lang<\/span><\/span><\/strong><span style=\"font-family: Calibri, sans-serif;\"><span style=\"font-size: medium;\">, ancien directeur du Front National de la Jeunesse, conseiller r\u00e9gional FN et animateur de la campagne 2002 de Jean-Marie Le Pen. Opposant \u00e0 Marine Le Pen, il cr\u00e9\u00e9 en 2009 le Parti de la France avec l&rsquo;aile dure des anciens du FN tels que Bernard Anthony, Jean-Claude Martinez ou Roger Holeindre. <\/span><\/span><\/li>\n<\/ul>\n<ul>\n<li><strong><span style=\"font-family: Calibri, sans-serif;\"><span style=\"font-size: medium;\">Alain Escada<\/span><\/span><\/strong><span style=\"font-family: Calibri, sans-serif;\"><span style=\"font-size: medium;\">, Pr\u00e9sident de Civitas depuis 2012.<\/span><\/span><\/li>\n<\/ul>\n<p><span style=\"font-family: Calibri, sans-serif;\"><span style=\"font-size: medium;\">Lors de sa premi\u00e8re \u00e9dition l&rsquo;an dernier, Jean-Marie Le Pen avait fait le d\u00e9placement pour intervenir sur le th\u00e8me \u00ab\u00a0Immigration, submersion, destruction d\u2019une civilisation\u00a0\u00bb.<\/span><\/span><\/p>\n<p><span style=\"font-family: Calibri, sans-serif;\"><span style=\"font-size: medium;\">Depuis l&rsquo;adoption de la loi Taubira pour l&rsquo;ouverture du mariage aux couples de m\u00eame sexe, l&rsquo;activit\u00e9 de Civitas semble \u00eatre assez mince. Le 2 d\u00e9cembre 2017, Civitas tente un coup de force dans l&rsquo;\u00e9glise Saint Ir\u00e9n\u00e9e de Lyon o\u00f9 se d\u00e9roulait une c\u00e9r\u00e9monie \u0153cum\u00e9nique avec des protestants qualifi\u00e9e de \u00ab\u00a0r\u00e9union sacril\u00e8ge\u00a0\u00bb, mais la police intervient rapidement. Le plus gros coup d&rsquo;\u00e9clat r\u00e9cent de Civitas reste certainement sa manifestation le 18 novembre 2012 sous le slogan de \u00ab\u00a0La France a besoin d&rsquo;enfants, pas d&rsquo;homosexuels\u00a0\u00bb, o\u00f9 des militantes FEMEN ainsi que l&rsquo;essayiste Caroline Fourest avaient \u00e9t\u00e9 rou\u00e9es de coups. <\/span><\/span><\/p>\n<p><span style=\"font-family: Calibri, sans-serif;\"><span style=\"font-size: medium;\">Civitas avait tent\u00e9 de revenir dans le d\u00e9bat public en se pr\u00e9sentant dans quatorze circonscriptions aux \u00e9lections l\u00e9gislatives 2017, avec des r\u00e9sultats oscillants entre 0,2 et 1,1%. \u00c9taient candidats pour le parti catholique int\u00e9griste Marie d&rsquo;Herbais de Thun, ex-compagne de Fr\u00e9d\u00e9ric Chatilon, ainsi que Alexandre Gabriac, ancien leader des Jeunesses nationalistes, d&rsquo;inspiration p\u00e9tainiste, exclu du FN en 2011 apr\u00e8s la r\u00e9v\u00e9lation publique d&rsquo;une photo o\u00f9 il effectuait un salut nazi. Civitas, se pr\u00e9sentant sous sa propre banni\u00e8re, faisait partie d&rsquo;un cartel nomm\u00e9 l\u2019Union des Patriotes regroupant les Comit\u00e9s Jeanne, le PDF, le SIEL, la Ligue du Sud et l\u2019Alliance Royale. Ce cartel a re\u00e7u le soutien officiel de Jean-Marie Le Pen. En novembre 2017, Alexandre Gabriac devient finalement secr\u00e9taire national aux f\u00e9d\u00e9rations, charg\u00e9 de l&rsquo;implantation de Civitas sur le territoire. <\/span><\/span><\/p>\n<p><a href=\"http:\/\/www.prochoix.org\/wordpress\/wp-content\/uploads\/2018\/01\/Pays-Reel-2018-affiche-definitive2.png\"><img loading=\"lazy\" decoding=\"async\" class=\"alignnone wp-image-1142 \" src=\"http:\/\/www.prochoix.org\/wordpress\/wp-content\/uploads\/2018\/01\/Pays-Reel-2018-affiche-definitive2.png\" alt=\"Pays-Reel-2018-affiche-definitive\" width=\"544\" height=\"257\" srcset=\"https:\/\/prochoix.org\/wp-content\/uploads\/2018\/01\/Pays-Reel-2018-affiche-definitive2.png 1728w, https:\/\/prochoix.org\/wp-content\/uploads\/2018\/01\/Pays-Reel-2018-affiche-definitive2-300x142.png 300w, https:\/\/prochoix.org\/wp-content\/uploads\/2018\/01\/Pays-Reel-2018-affiche-definitive2-1024x484.png 1024w\" sizes=\"(max-width: 544px) 100vw, 544px\" \/><\/a><\/p>\n","protected":false},"excerpt":{"rendered":"<p>Le 24 mars 2018 aura lieu \u00e0 Rungis la deuxi\u00e8me \u00e9dition de la \u00ab\u00a0F\u00eate du Pays R\u00e9el\u00a0\u00bb de l&rsquo;association Civitas, devenue parti politique depuis 2016. L&rsquo;expression \u00ab\u00a0pays r\u00e9el\u00a0\u00bb a \u00e9t\u00e9 popularis\u00e9e par le monarchiste Charles Maurras, en opposition au \u00ab\u00a0\u00abpays l\u00e9gal\u00a0\u00bb honni, c&rsquo;est \u00e0 dire le gouvernement occup\u00e9 par \u00ab quatre \u00c9tats conf\u00e9d\u00e9r\u00e9s \u00bb: \u00ab &hellip; <a href=\"https:\/\/prochoix.org\/?p=1136\" class=\"more-link\">Continuer la lecture de <span class=\"screen-reader-text\">Civitas et la \u00ab\u00a0F\u00eate du Pays R\u00e9el\u00a0\u00bb<\/span>  <span class=\"meta-nav\">&rarr;<\/span><\/a><\/p>\n","protected":false},"author":3,"featured_media":1142,"comment_status":"closed","ping_status":"closed","sticky":false,"template":"","format":"standard","meta":{"footnotes":""},"categories":[17],"tags":[],"_links":{"self":[{"href":"https:\/\/prochoix.org\/index.php?rest_route=\/wp\/v2\/posts\/1136"}],"collection":[{"href":"https:\/\/prochoix.org\/index.php?rest_route=\/wp\/v2\/posts"}],"about":[{"href":"https:\/\/prochoix.org\/index.php?rest_route=\/wp\/v2\/types\/post"}],"author":[{"embeddable":true,"href":"https:\/\/prochoix.org\/index.php?rest_route=\/wp\/v2\/users\/3"}],"replies":[{"embeddable":true,"href":"https:\/\/prochoix.org\/index.php?rest_route=%2Fwp%2Fv2%2Fcomments&post=1136"}],"version-history":[{"count":7,"href":"https:\/\/prochoix.org\/index.php?rest_route=\/wp\/v2\/posts\/1136\/revisions"}],"predecessor-version":[{"id":1146,"href":"https:\/\/prochoix.org\/index.php?rest_route=\/wp\/v2\/posts\/1136\/revisions\/1146"}],"wp:featuredmedia":[{"embeddable":true,"href":"https:\/\/prochoix.org\/index.php?rest_route=\/wp\/v2\/media\/1142"}],"wp:attachment":[{"href":"https:\/\/prochoix.org\/index.php?rest_route=%2Fwp%2Fv2%2Fmedia&parent=1136"}],"wp:term":[{"taxonomy":"category","embeddable":true,"href":"https:\/\/prochoix.org\/index.php?rest_route=%2Fwp%2Fv2%2Fcategories&post=1136"},{"taxonomy":"post_tag","embeddable":true,"href":"https:\/\/prochoix.org\/index.php?rest_route=%2Fwp%2Fv2%2Ftags&post=1136"}],"curies":[{"name":"wp","href":"https:\/\/api.w.org\/{rel}","templated":true}]}}