{"id":1148,"date":"2018-05-02T22:17:43","date_gmt":"2018-05-02T21:17:43","guid":{"rendered":"http:\/\/www.prochoix.org\/wordpress\/?p=1148"},"modified":"2018-05-02T22:17:43","modified_gmt":"2018-05-02T21:17:43","slug":"dialogue-inter-religieux-sur-la-bioethique-a-decines","status":"publish","type":"post","link":"https:\/\/prochoix.org\/?p=1148","title":{"rendered":"Dialogue \u00ab\u00a0inter-religieux\u00a0\u00bb sur la bio\u00e9thique \u00e0 D\u00e9cines"},"content":{"rendered":"<p>Jeudi 3 mai 2018 aura lieu \u00e0 D\u00e9cines (Rh\u00f4ne) une conf\u00e9rence autour de la bio\u00e9thique, rassemblant divers repr\u00e9sentants religieux sur le th\u00e8me \u00ab\u00a0les diff\u00e9rentes traditions religieuses peuvent-elles \u00e9clairer les questions soulev\u00e9es par les \u00e9tats g\u00e9n\u00e9raux de la bio\u00e9thique ?\u00a0\u00bb.<\/p>\n<p>Cette conf\u00e9rence est-elle dans l&rsquo;esprit de ce que souhaite Emmanuel Macron lorsqu&rsquo;il appelle les religions \u00e0 s'\u00a0\u00bbengager dans le d\u00e9bat public\u00a0\u00bb, ici \u00e0 propos de la PMA, de l&rsquo;IVG (\u00ab\u00a0d\u00e9but de vie\u00a0\u00bb) et de la \u00ab\u00a0fin de vie\u00a0\u00bb ?<\/p>\n<p>Parmi les intervenants annonc\u00e9s, on retrouve :<\/p>\n<p>&#8211; le cardinal Philippe Barbarin, farouche opposant \u00e0 l&rsquo;avortement et au mariage pour tous. Accus\u00e9 de non-d\u00e9nonciation d&rsquo;agression sexuelle sur mineurs dans l&rsquo;affaire Preynat, son proc\u00e8s se tiendra du 7 au 9 janvier 2019.<\/p>\n<p>&#8211; Mohamed Minta, imam de la mosqu\u00e9e de D\u00e9cines et professeur au lyc\u00e9e musulman <a href=\"http:\/\/www.liberation.fr\/societe\/2006\/02\/21\/le-lycee-musulman-fait-des-adeptes-a-lyon_30645\">al-Kindi<\/a> de D\u00e9cines, lyc\u00e9e mis en place et chapeaut\u00e9 par Nazir Hakim, vice-pr\u00e9sident de l&rsquo;UOIF, en 2006. Mohamed Minta participe r\u00e9guli\u00e8rement \u00e0 des conf\u00e9rences organis\u00e9es par des organisations issues des Fr\u00e8res musulmans, comme la Rencontre Annuelle des Musulmans de France (<a href=\"http:\/\/www.ikhwan.whoswho\/blog\/archives\/9964\">RAMF<\/a>) de l&rsquo;UOIF ou la Rencontre Annuelle des Musulmans du Havre (<a href=\"http:\/\/www.ikhwan.whoswho\/blog\/archives\/11275\">RAMH<\/a>),\u00a0 organis\u00e9e par Havre de Savoir. Ses ouvrages sont \u00e9dit\u00e9s aux \u00e9ditions Tawhid, dirig\u00e9es par Yamin Makri, qui m\u00e8ne actuellement la fronde pour la lib\u00e9ration de Tariq Ramadan.<\/p>\n<p>&#8211; Azzedine Gaci, membre du bureau de l&rsquo;UOIF charg\u00e9 du dialogue inter-religieux. A cet \u00e9gard, il organise le \u00ab\u00a0forum islamo-chr\u00e9tien\u00a0\u00bb avec le Cardinal Barbarin. En 2013, il appelle \u00e0 manifester contre le mariage pour tous avec La Manif Pour Tous.<\/p>\n<p>&#8211; Daniel Bornstein, p\u00e9diatre \u00e0 Villeurbanne.<\/p>\n<p>&#8211; Nissim Sultan, rabbin \u00e0 Grenoble et membre de la commission bio\u00e9thique du Consistoire de Paris.<\/p>\n<p>&#8211; Isabelle Cathignol, m\u00e9decin g\u00e9riatre.<\/p>\n<p>Parmi les partenaires de l&rsquo;\u00e9v\u00e8nement, on retrouve Alliance Vita, association fond\u00e9e en 1993 par Christine Boutin.<\/p>\n<p>Le 26 janvier 2018, <a href=\"http:\/\/www.leprogres.fr\/rhone-69-edition-est-lyonnais\/2018\/01\/26\/trois-mois-apres-son-ouverture-au-public-la-mosquee-est-enfin-inauguree\">David Kimelfeld<\/a>, pr\u00e9sident LREM de la m\u00e9tropole de Lyon, d\u00e9clare lors d&rsquo;une visite au centre interculturel de D\u00e9cines\u00a0 qu&rsquo;il \u00ab\u00a0se d\u00e9gage quelque chose d&rsquo;ind\u00e9finissable\u00a0\u00bb chez Mohamed Minta. Il affirme que son pr\u00e9d\u00e9cesseur, G\u00e9rard Collomb, \u00ab\u00a0aurait aim\u00e9 \u00eatre ici\u00a0\u00bb. Ce dernier, avait apport\u00e9 son soutien en 2016 au Cardinal Barbarin, accus\u00e9 de non-d\u00e9nonciation d&rsquo;agressions sexuelles sur mineurs, en estimant qu&rsquo;il \u00e9tait victime d&rsquo;un \u00ab\u00a0faux proc\u00e8s\u00a0\u00bb. Alors ministre de l&rsquo;int\u00e9rieur, il s&rsquo;est \u00e9galement rendu \u00e0 la messe des Echevins du Cardinal Barbarin en 2017, ce qui lui avait valu nombre critiques.<\/p>\n<p>Se pose alors une question l\u00e9gitime : sachant que les repr\u00e9sentants religieux les plus int\u00e9gristes sont malheureusement les mieux organis\u00e9s politiquement, cette conf\u00e9rence est-elle dans l&rsquo;esprit de ce que souhaite Emmanuel Macron lorsqu&rsquo;il appelle les religions \u00e0 s'\u00a0\u00bbengager dans le d\u00e9bat public\u00a0\u00bb ?<\/p>\n<p><a href=\"http:\/\/www.prochoix.org\/wordpress\/wp-content\/uploads\/2018\/05\/31882959_10212957624429334_1761131771853799424_n.jpg\"><img loading=\"lazy\" decoding=\"async\" class=\"alignnone wp-image-1149 size-full\" src=\"http:\/\/www.prochoix.org\/wordpress\/wp-content\/uploads\/2018\/05\/31882959_10212957624429334_1761131771853799424_n.jpg\" alt=\"31882959_10212957624429334_1761131771853799424_n\" width=\"676\" height=\"960\" srcset=\"https:\/\/prochoix.org\/wp-content\/uploads\/2018\/05\/31882959_10212957624429334_1761131771853799424_n.jpg 676w, https:\/\/prochoix.org\/wp-content\/uploads\/2018\/05\/31882959_10212957624429334_1761131771853799424_n-211x300.jpg 211w\" sizes=\"(max-width: 676px) 100vw, 676px\" \/><\/a><\/p>\n<p><a href=\"http:\/\/www.prochoix.org\/wordpress\/wp-content\/uploads\/2018\/05\/31631960_10212957624829344_2481344199086047232_n.jpg\"><img loading=\"lazy\" decoding=\"async\" class=\"alignnone wp-image-1150 size-full\" src=\"http:\/\/www.prochoix.org\/wordpress\/wp-content\/uploads\/2018\/05\/31631960_10212957624829344_2481344199086047232_n.jpg\" alt=\"31631960_10212957624829344_2481344199086047232_n\" width=\"676\" height=\"960\" srcset=\"https:\/\/prochoix.org\/wp-content\/uploads\/2018\/05\/31631960_10212957624829344_2481344199086047232_n.jpg 676w, https:\/\/prochoix.org\/wp-content\/uploads\/2018\/05\/31631960_10212957624829344_2481344199086047232_n-211x300.jpg 211w\" sizes=\"(max-width: 676px) 100vw, 676px\" \/><\/a><\/p>\n<p>&nbsp;<\/p>\n<p>&nbsp;<\/p>\n<p>&nbsp;<\/p>\n","protected":false},"excerpt":{"rendered":"<p>Jeudi 3 mai 2018 aura lieu \u00e0 D\u00e9cines (Rh\u00f4ne) une conf\u00e9rence autour de la bio\u00e9thique, rassemblant divers repr\u00e9sentants religieux sur le th\u00e8me \u00ab\u00a0les diff\u00e9rentes traditions religieuses peuvent-elles \u00e9clairer les questions soulev\u00e9es par les \u00e9tats g\u00e9n\u00e9raux de la bio\u00e9thique ?\u00a0\u00bb. Cette conf\u00e9rence est-elle dans l&rsquo;esprit de ce que souhaite Emmanuel Macron lorsqu&rsquo;il appelle les religions \u00e0 &hellip; <a href=\"https:\/\/prochoix.org\/?p=1148\" class=\"more-link\">Continuer la lecture de <span class=\"screen-reader-text\">Dialogue \u00ab\u00a0inter-religieux\u00a0\u00bb sur la bio\u00e9thique \u00e0 D\u00e9cines<\/span>  <span class=\"meta-nav\">&rarr;<\/span><\/a><\/p>\n","protected":false},"author":3,"featured_media":1149,"comment_status":"closed","ping_status":"closed","sticky":false,"template":"","format":"standard","meta":{"footnotes":""},"categories":[17],"tags":[],"_links":{"self":[{"href":"https:\/\/prochoix.org\/index.php?rest_route=\/wp\/v2\/posts\/1148"}],"collection":[{"href":"https:\/\/prochoix.org\/index.php?rest_route=\/wp\/v2\/posts"}],"about":[{"href":"https:\/\/prochoix.org\/index.php?rest_route=\/wp\/v2\/types\/post"}],"author":[{"embeddable":true,"href":"https:\/\/prochoix.org\/index.php?rest_route=\/wp\/v2\/users\/3"}],"replies":[{"embeddable":true,"href":"https:\/\/prochoix.org\/index.php?rest_route=%2Fwp%2Fv2%2Fcomments&post=1148"}],"version-history":[{"count":5,"href":"https:\/\/prochoix.org\/index.php?rest_route=\/wp\/v2\/posts\/1148\/revisions"}],"predecessor-version":[{"id":1155,"href":"https:\/\/prochoix.org\/index.php?rest_route=\/wp\/v2\/posts\/1148\/revisions\/1155"}],"wp:featuredmedia":[{"embeddable":true,"href":"https:\/\/prochoix.org\/index.php?rest_route=\/wp\/v2\/media\/1149"}],"wp:attachment":[{"href":"https:\/\/prochoix.org\/index.php?rest_route=%2Fwp%2Fv2%2Fmedia&parent=1148"}],"wp:term":[{"taxonomy":"category","embeddable":true,"href":"https:\/\/prochoix.org\/index.php?rest_route=%2Fwp%2Fv2%2Fcategories&post=1148"},{"taxonomy":"post_tag","embeddable":true,"href":"https:\/\/prochoix.org\/index.php?rest_route=%2Fwp%2Fv2%2Ftags&post=1148"}],"curies":[{"name":"wp","href":"https:\/\/api.w.org\/{rel}","templated":true}]}}