{"id":1157,"date":"2019-02-06T16:13:15","date_gmt":"2019-02-06T15:13:15","guid":{"rendered":"http:\/\/www.prochoix.org\/wordpress\/?p=1157"},"modified":"2019-02-06T16:13:23","modified_gmt":"2019-02-06T15:13:23","slug":"trump-a-la-marche-pour-la-vie","status":"publish","type":"post","link":"https:\/\/prochoix.org\/?p=1157","title":{"rendered":"Trump \u00e0 la marche pour la vie"},"content":{"rendered":"<p>Le 18 janvier 2019 a eu lieu \u00e0 Washington la 45\u00e8me \u00ab\u00a0Marche Pour le Vie\u00a0\u00bb, \u00e9v\u00e9nement de premier plan pour les militants anti-IVG. Les manifestants ont eu la surprise de voir appara\u00eetre dans le cort\u00e8ge puis \u00e0 la tribune le vice-pr\u00e9sident am\u00e9ricain, Mike Pence. Ce dernier s&rsquo;est r\u00e9joui devant la foule de la d\u00e9cision de Donald Trump de nommer des nouveaux juges conservateurs dans de puissantes cours d&rsquo;appel am\u00e9ricaine. Il a \u00e9galement rappel\u00e9 que le financement par le gouvernement am\u00e9ricain de toute association \u00e9trang\u00e8re li\u00e9e au droit \u00e0 l&rsquo;avortement est d\u00e9sormais interdit, avant de conclure en citant un passage de l&rsquo;Ancien Testament :\u00a0\u00ab\u00a0Avant de te former dans le ventre de ta m\u00e8re, je te connaissais, et avant que tu naisses, je t&rsquo;avais consacr\u00e9, je t&rsquo;avais d\u00e9sign\u00e9 proph\u00e8te pour les nations\u00a0\u00bb.<\/p>\n<div>Le pr\u00e9sident Trump a quant \u00e0 lui prononc\u00e9 un discours diffus\u00e9 en vid\u00e9o lors de la manifestation qu&rsquo;il d\u00e9crit comme \u00ab\u00a0un mouvement fond\u00e9 sur l\u2019amour et fond\u00e9 sur la noblesse et la dignit\u00e9 de toute vie humaine\u00a0\u00bb. Le reste de son discours est tout aussi \u00e9logieux : \u00ab\u00a0Quand nous regardons dans les yeux d\u2019un nouveau-n\u00e9, nous y voyons la beaut\u00e9, l\u2019\u00e2me humaine et la majest\u00e9 de la cr\u00e9ation de Dieu.Nous savons que chaque vie a un sens et que chaque vie vaut la peine d\u2019\u00eatre prot\u00e9g\u00e9e\u00a0\u00bb, \u00ab\u00a0En tant que pr\u00e9sident, je d\u00e9fendrai toujours le premier droit de notre\u00a0D\u00e9claration d\u2019ind\u00e9pendance\u00a0\u2014 le droit \u00e0 la vie\u00a0\u00bb, \u00ab\u00a0Nous avons pris des mesures audacieuses pour prot\u00e9ger les libert\u00e9s religieuses des m\u00e9decins, des infirmi\u00e8res et des organismes de bienfaisance (&#8230;)\u00a0Nous avons fait une nouvelle proposition visant \u00e0 emp\u00eacher que l\u2019argent des contribuables\u00a0s\u2019en aille financer toutes les cliniques qui effectuent des avortements\u00a0\u00bb, \u00ab\u00a0Nous appuyons le choix affectueux de l\u2019adoption et du placement en famille d\u2019accueil, y compris par le soutien de services d\u2019adoption confessionnels\u00a0\u00bb, J&rsquo;appuie les efforts du\u00a0S\u00e9nat am\u00e9ricain\u00a0pour rendre permanent l\u2019amendement Hyde, qui interdit le financement de l\u2019avortement par les contribuables dans les projets de loi de d\u00e9penses (&#8230;)\u00a0Aujourd\u2019hui, j\u2019ai sign\u00e9 une lettre que j\u2019ai adress\u00e9e au\u00a0Congr\u00e8s, lui signifiant clairement que s\u2019il m\u2019envoyait une loi qui amoindrissait la protection de la vie humaine, je lui opposerai le\u00a0veto\u00a0\u00bb, \u00ab\u00a0Chaque enfant est un don sacr\u00e9 de Dieu. Comme l\u2019indique le th\u00e8me de la \u00ab\u00a0Marche pour la vie\u00a0\u00bb\u00a0de cette ann\u00e9e, chaque personne est unique d\u00e8s le premier jour.C\u2019est une phrase tr\u00e8s importante. Unique d\u00e8s le premier jour. Et si vrai\u00a0\u00bb, \u00ab\u00a0Je tiens \u00e0 remercier les Am\u00e9ricains qui ont travers\u00e9 le pays pour marcher pour la vie, et je tiens particuli\u00e8rement \u00e0 remercier tant de jeunes gens qui nous donnent espoir en l\u2019avenir.\u00a0Ensemble, nous travaillerons pour sauver la vie des enfants \u00e0 na\u00eetre, afin qu\u2019ils aient la chance de vivre et d\u2019aimer, de s\u2019\u00e9panouir et de r\u00eaver, de b\u00e9nir notre nation et de r\u00e9aliser leur plein et glorieux potentiel.\u00a0Je vous remercie.\u00a0Que Dieu vous b\u00e9nisse, vous et vos familles, et que Dieu b\u00e9nisse les \u00c9tats-Unis.\u00a0\u00bb.<\/div>\n","protected":false},"excerpt":{"rendered":"<p>Le 18 janvier 2019 a eu lieu \u00e0 Washington la 45\u00e8me \u00ab\u00a0Marche Pour le Vie\u00a0\u00bb, \u00e9v\u00e9nement de premier plan pour les militants anti-IVG. Les manifestants ont eu la surprise de voir appara\u00eetre dans le cort\u00e8ge puis \u00e0 la tribune le vice-pr\u00e9sident am\u00e9ricain, Mike Pence. Ce dernier s&rsquo;est r\u00e9joui devant la foule de la d\u00e9cision de &hellip; <a href=\"https:\/\/prochoix.org\/?p=1157\" class=\"more-link\">Continuer la lecture de <span class=\"screen-reader-text\">Trump \u00e0 la marche pour la vie<\/span>  <span class=\"meta-nav\">&rarr;<\/span><\/a><\/p>\n","protected":false},"author":2,"featured_media":0,"comment_status":"closed","ping_status":"closed","sticky":false,"template":"","format":"standard","meta":{"footnotes":""},"categories":[16],"tags":[],"_links":{"self":[{"href":"https:\/\/prochoix.org\/index.php?rest_route=\/wp\/v2\/posts\/1157"}],"collection":[{"href":"https:\/\/prochoix.org\/index.php?rest_route=\/wp\/v2\/posts"}],"about":[{"href":"https:\/\/prochoix.org\/index.php?rest_route=\/wp\/v2\/types\/post"}],"author":[{"embeddable":true,"href":"https:\/\/prochoix.org\/index.php?rest_route=\/wp\/v2\/users\/2"}],"replies":[{"embeddable":true,"href":"https:\/\/prochoix.org\/index.php?rest_route=%2Fwp%2Fv2%2Fcomments&post=1157"}],"version-history":[{"count":1,"href":"https:\/\/prochoix.org\/index.php?rest_route=\/wp\/v2\/posts\/1157\/revisions"}],"predecessor-version":[{"id":1158,"href":"https:\/\/prochoix.org\/index.php?rest_route=\/wp\/v2\/posts\/1157\/revisions\/1158"}],"wp:attachment":[{"href":"https:\/\/prochoix.org\/index.php?rest_route=%2Fwp%2Fv2%2Fmedia&parent=1157"}],"wp:term":[{"taxonomy":"category","embeddable":true,"href":"https:\/\/prochoix.org\/index.php?rest_route=%2Fwp%2Fv2%2Fcategories&post=1157"},{"taxonomy":"post_tag","embeddable":true,"href":"https:\/\/prochoix.org\/index.php?rest_route=%2Fwp%2Fv2%2Ftags&post=1157"}],"curies":[{"name":"wp","href":"https:\/\/api.w.org\/{rel}","templated":true}]}}