{"id":1166,"date":"2019-12-19T15:43:04","date_gmt":"2019-12-19T14:43:04","guid":{"rendered":"http:\/\/www.prochoix.org\/wordpress\/?p=1166"},"modified":"2019-12-19T15:43:04","modified_gmt":"2019-12-19T14:43:04","slug":"raymond-burke-un-cardinal-de-plus-en-plus-radical","status":"publish","type":"post","link":"https:\/\/prochoix.org\/?p=1166","title":{"rendered":"Raymond Burke, un cardinal de plus en plus radical"},"content":{"rendered":"<div class=\"adn ads\" data-message-id=\"#msg-a:r1839066440307549448\" data-legacy-message-id=\"16efbf92154f3531\">\n<div class=\"gs\">\n<div class=\"\">\n<div id=\":18i\" class=\"ii gt\">\n<div id=\":18j\" class=\"a3s aXjCH \">\n<div dir=\"ltr\">\n<p><span style=\"font-family: arial, sans-serif;\">Raymond Burke a \u00e9t\u00e9 nomm\u00e9 cardinal par Beno\u00eet XVI en 2010 apr\u00e8s une ascension rapide dans la hi\u00e9rarchie catholique. Depuis l&rsquo;\u00e9lection du Pape Fran\u00e7ois, il a vu ses fonctions s&rsquo;amoindrir. Sa nomination en temps que repr\u00e9sentant du Saint-Si\u00e8ge aupr\u00e8s de l&rsquo;Ordre de Malte en 2014 a \u00e9t\u00e9 per\u00e7ue comme une mise \u00e0 l&rsquo;\u00e9cart du Vatican. Ses prises de positions ouvertement conservatrices et de plus en plus traditionalistes lui ont ensuite valu une d\u00e9charge de ses responsabilit\u00e9s, qui a suivi le non-renouvellement de son mandat \u00e0 la Congr\u00e9gation pour les \u00e9v\u00eaques en 2013.<\/span><\/p>\n<p><span style=\"font-family: arial, sans-serif;\">Depuis, le cardinal Burke multiplie les interviews. En 2016, il se positionne politiquement en se r\u00e9jouissant dans le quotidien italien Il Gionarle de l&rsquo;\u00e9lection de Donald Trump, en qui il voit un d\u00e9fenseur des valeurs de l&rsquo;Eglise. Des d\u00e9clarations mi-religieuses, mi-politiques qu&rsquo;il r\u00e9it\u00e8re n 2019 lorsqu&rsquo;il affirme \u00e0 Rome que \u00ab\u00a0r\u00e9sister \u00e0 l&rsquo;immigration musulmane est un acte de patriotisme\u00a0\u00bb.\u00a0<span style=\"color: #222222;\">Lors de la l\u00e9galisation de l&rsquo;IVG en Irlande en 2018, il d\u00e9plore dans le quotidien polonais Sieci le manque d&rsquo;investissement de Rome dans le combat contre l&rsquo;avortement. Selon Burke, il est \u00ab\u00a0alarmant\u00a0\u00bb que les responsables du Saint-Si\u00e8ge ne fassent pas d&rsquo;avantage entendre leur voix contre toute l\u00e9galisation de l&rsquo;IVG ou du mariage pour les couples de m\u00eame sexe.<\/span><\/span><\/p>\n<p><span style=\"font-family: arial, sans-serif;\">Il est \u00e0 l&rsquo;initiative en 2016 d&rsquo;une lettre ouverte aux Pr\u00e9sidents des conf\u00e9rences \u00e9piscopales qui accuse directement l&rsquo;Eglise de d\u00e9rive lors du Synode sur la famille. Il y vilipende directement la \u00ab\u00a0cause homosexuelle\u00a0\u00bb qui se r\u00e9pandrait dans le clerg\u00e9, et la rapproche des actes de p\u00e9dophilie recens\u00e9s parmi les pr\u00eatres catholiques ces derni\u00e8res ann\u00e9es. Dans un entretien au magazine The New Emangelization en 2015, il avait accus\u00e9 cette fois-ci le f\u00e9minisme d&rsquo;\u00a0\u00ab\u00a0agresser l&rsquo;Eglise\u00a0\u00bb, de faire tomber les hommes dans \u00ab\u00a0<span style=\"color: #222222;\">la pornographie, la promiscuit\u00e9 sexuelle, l\u2019alcool, la drogue et toute une gamme de d\u00e9pendances\u00a0\u00bb et\u00a0<\/span>d&rsquo;\u00eatre responsable des actes p\u00e9dophiles\u00a0: \u00ab\u00a0\u00a0<span style=\"color: #222222;\">Il y a eu une p\u00e9riode o\u00f9 les hommes, f\u00e9minis\u00e9s et confus au sujet de leur propre identit\u00e9 sexuelle, sont entr\u00e9s dans les ordres. Malheureusement certains de ces hommes souffrant de troubles, ont abus\u00e9 sexuellement de mineurs \u00bb.<\/span><\/span><\/p>\n<p><span style=\"color: #222222;\"><span style=\"font-family: arial, sans-serif;\">Le Cardinal Burke jouit d\u00e9sormais d&rsquo;une notori\u00e9t\u00e9 certaine dans les milieux catholiques ultra-conservateurs et dans les milieux class\u00e9s \u00e0 l&rsquo;extr\u00eame-droite de l&rsquo;\u00e9chiquier politique. Sa relation avec le Pape Fran\u00e7ois semble d\u00e9sormais consum\u00e9e. Dernier \u00e9pisode en date, en septembre 2019, lors du synode sur l&rsquo;Amazonie qui concernait l&rsquo;\u00e9cologie et la d\u00e9fense des peuples indig\u00e8ne, Raymond Burke a publi\u00e9 une tribune s&rsquo;\u00e9rigeant contre ce sommet qui contiendrait des \u00ab\u00a0h\u00e9r\u00e9sies\u00a0\u00bb.\u00a0<\/span><\/span><\/p>\n<\/div>\n<div class=\"yj6qo\"><\/div>\n<div class=\"adL\"><\/div>\n<\/div>\n<\/div>\n<div class=\"hi\"><\/div>\n<\/div>\n<\/div>\n<div class=\"ajx\"><\/div>\n<\/div>\n<div class=\"gA gt acV\">\n<div class=\"gB xu\">\n<div class=\"ip iq\">\n<div id=\":18h\">\n<table class=\"cf wS\">\n<tbody>\n<tr>\n<td class=\"amq\"><img decoding=\"async\" id=\":ms_7\" class=\"ajn bofPge\" src=\"https:\/\/ssl.gstatic.com\/ui\/v1\/icons\/mail\/no_photo.png\" alt=\"\" name=\":ms\" data-hovercard-id=\"caroline.merlin45@gmail.com\" \/><\/td>\n<td class=\"amr\">\n<div class=\"nr wR\">\n<div class=\"amn\"><span id=\":18o\" class=\"ams bkH\" tabindex=\"0\">R\u00e9pondre<\/span><span id=\":18m\" class=\"ams bkG\" tabindex=\"0\">Transf\u00e9rer<\/span><\/div>\n<\/div>\n<\/td>\n<\/tr>\n<\/tbody>\n<\/table>\n<\/div>\n<\/div>\n<\/div>\n<\/div>\n","protected":false},"excerpt":{"rendered":"<p>Raymond Burke a \u00e9t\u00e9 nomm\u00e9 cardinal par Beno\u00eet XVI en 2010 apr\u00e8s une ascension rapide dans la hi\u00e9rarchie catholique. Depuis l&rsquo;\u00e9lection du Pape Fran\u00e7ois, il a vu ses fonctions s&rsquo;amoindrir. Sa nomination en temps que repr\u00e9sentant du Saint-Si\u00e8ge aupr\u00e8s de l&rsquo;Ordre de Malte en 2014 a \u00e9t\u00e9 per\u00e7ue comme une mise \u00e0 l&rsquo;\u00e9cart du Vatican. &hellip; <a href=\"https:\/\/prochoix.org\/?p=1166\" class=\"more-link\">Continuer la lecture de <span class=\"screen-reader-text\">Raymond Burke, un cardinal de plus en plus radical<\/span>  <span class=\"meta-nav\">&rarr;<\/span><\/a><\/p>\n","protected":false},"author":3,"featured_media":1167,"comment_status":"closed","ping_status":"closed","sticky":false,"template":"","format":"standard","meta":{"footnotes":""},"categories":[17],"tags":[],"_links":{"self":[{"href":"https:\/\/prochoix.org\/index.php?rest_route=\/wp\/v2\/posts\/1166"}],"collection":[{"href":"https:\/\/prochoix.org\/index.php?rest_route=\/wp\/v2\/posts"}],"about":[{"href":"https:\/\/prochoix.org\/index.php?rest_route=\/wp\/v2\/types\/post"}],"author":[{"embeddable":true,"href":"https:\/\/prochoix.org\/index.php?rest_route=\/wp\/v2\/users\/3"}],"replies":[{"embeddable":true,"href":"https:\/\/prochoix.org\/index.php?rest_route=%2Fwp%2Fv2%2Fcomments&post=1166"}],"version-history":[{"count":1,"href":"https:\/\/prochoix.org\/index.php?rest_route=\/wp\/v2\/posts\/1166\/revisions"}],"predecessor-version":[{"id":1168,"href":"https:\/\/prochoix.org\/index.php?rest_route=\/wp\/v2\/posts\/1166\/revisions\/1168"}],"wp:featuredmedia":[{"embeddable":true,"href":"https:\/\/prochoix.org\/index.php?rest_route=\/wp\/v2\/media\/1167"}],"wp:attachment":[{"href":"https:\/\/prochoix.org\/index.php?rest_route=%2Fwp%2Fv2%2Fmedia&parent=1166"}],"wp:term":[{"taxonomy":"category","embeddable":true,"href":"https:\/\/prochoix.org\/index.php?rest_route=%2Fwp%2Fv2%2Fcategories&post=1166"},{"taxonomy":"post_tag","embeddable":true,"href":"https:\/\/prochoix.org\/index.php?rest_route=%2Fwp%2Fv2%2Ftags&post=1166"}],"curies":[{"name":"wp","href":"https:\/\/api.w.org\/{rel}","templated":true}]}}