{"id":1170,"date":"2020-02-05T18:53:17","date_gmt":"2020-02-05T17:53:17","guid":{"rendered":"http:\/\/www.prochoix.org\/wordpress\/?p=1170"},"modified":"2020-02-10T20:33:58","modified_gmt":"2020-02-10T19:33:58","slug":"affaire-mila-quand-les-pleutres-continuerent-detre-laches","status":"publish","type":"post","link":"https:\/\/prochoix.org\/?p=1170","title":{"rendered":"Affaire Mila : quand les pleutres continu\u00e8rent d&rsquo;\u00eatre l\u00e2ches."},"content":{"rendered":"<p>Le\u00a0\u00a019 janvier 2020, Mila, une adolescente de 16 ans, publie sur son compte Instagram une r\u00e9ponse vid\u00e9o \u00e0 un jeune homme qui, apr\u00e8s\u00a0avoir \u00e9t\u00e9 plus qu&rsquo;insistant avec elle, lui envoie des insultes homophobes\u00a0telles que\u00a0\u00ab\u00a0sale lesbienne\u00a0\u00bb en invoquant sa religion.\u00a0 Mila l&rsquo;\u00e9conduit et lance alors : \u00a0\u00bb Je d\u00e9teste la religion [&#8230;], le Coran, il n&rsquo;y a que de la haine l\u00e0-dedans, l&rsquo;islam, c&rsquo;est de la merde, c&rsquo;est ce que je pense. Je ne suis pas raciste, pas du tout. On ne peut pas \u00eatre raciste envers une religion. [&#8230;] Votre religion, c&rsquo;est de la merde, votre Dieu, je lui mets un doigt dans le trou du cul, merci, au revoir\u00a0\u00bb.<\/p>\n<p>Ce qui aurait pu rester une affaire d&rsquo;homophobie inconnue du grand public prend des proportions inqui\u00e9tantes au fil des jours. Mila re\u00e7oit une pluie d&rsquo;insultes sur les r\u00e9seaux sociaux, la plupart au nom du Coran, accompagn\u00e9es d&rsquo;un nombre de menaces de mort et de viol qui ne cesse de cro\u00eetre.<\/p>\n<p>Le parquet de Vienne dans l&rsquo;Is\u00e8re se saisit de l&rsquo;affaire et d\u00e9cide \u00e9videmment de classer sans suite la proc\u00e9dure contre Mila pour\u00a0<em>\u00ab\u00a0provocation \u00e0 la haine \u00e0 l&rsquo;\u00e9gard d&rsquo;un groupe de personnes\u00a0\u00bb,\u00a0<\/em>le d\u00e9lit de blasph\u00e8me n&rsquo;existant pas dans le droit fran\u00e7ais. En revanche, l&rsquo;instruction se poursuit concernant le harc\u00e8lement et les menaces homophobes et sexistes dont elle est victime. L&rsquo;adolescente a du \u00eatre d\u00e9scolaris\u00e9e et reste actuellement dans l&rsquo;attente d&rsquo;une solution de la part du rectorat.<\/p>\n<p>Face \u00e0 cette situation in\u00e9dite dans un pays pourtant la\u00efc comme la France, plusieurs personnalit\u00e9s et associations se sont illustr\u00e9es par leur absence d&#8217;empathie avec Mila, d&rsquo;absence d&rsquo;attachement au droit inali\u00e9nable \u00e0 la libert\u00e9 d&rsquo;expression, notamment lorsqu&rsquo;il s&rsquo;agit de critiquer\u00a0la religion, ou de relativisme douteux.<\/p>\n<p>Floril\u00e8ge :<\/p>\n<blockquote>\n<ul>\n<li><strong><em>Nicole Belloubet, ministre de la Justice, au micro d&rsquo;Europe 1 :\u00a0<\/em><\/strong>\u00ab\u00a0Dans une d\u00e9mocratie, la menace de mort est inacceptable. cela vient rompre avec le respect que l&rsquo;on doit \u00e0 l&rsquo;autre (&#8230;). L&rsquo;insulte \u00e0 la religion c&rsquo;est \u00e9videmment une atteinte \u00e0 la libert\u00e9 de conscience, c&rsquo;est grave, mais \u00e7a n&rsquo;a pas \u00e0 voir avec la menace\u00a0(de mort, ndlr)\u00a0\u00bb.<\/li>\n<\/ul>\n<p><em>Devant le toll\u00e9, Nicole Belloubet reconna\u00eetra ensuite une \u00ab\u00a0<\/em>maladresse<em>\u00ab\u00a0, l&rsquo;insulte \u00e0 la religion n&rsquo;existant pas en France&#8230;<\/em><\/p>\n<ul>\n<li><strong><em>Fe\u00efza Ben Mohamed, porte-parole de la plateforme L.E.S. Musulmans et chroniqueuse sur France Maghreb, sur Twitter :<\/em> <\/strong>\u00ab\u00a0Nicole Belloubet a parfaitement raison et vous le savez tous. L&rsquo;insulte \u00e0 la religion doit \u00eatre sanctionn\u00e9e. Mila ou pas Mila c&rsquo;est pareil.<\/li>\n<\/ul>\n<ul>\n<li><strong><em>S\u00e9gol\u00e8ne Royal, future candidate en 2022 ?, sur France 3 :\u00a0<\/em><\/strong>\u00abCritiquer une religion, \u00e7a n\u2019emp\u00eache pas d\u2019avoir du respect. \u00c7a n\u2019emp\u00eache pas d\u2019avoir de l\u2019\u00e9ducation, de la connaissance, d\u2019\u00eatre intelligent par rapport \u00e0 ce qu\u2019on dit (\u2026) Une adolescente, qui est peut-\u00eatre encore en crise d\u2019adolescence, si elle avait dit la m\u00eame chose sur son enseignant, sur ses parents, sur sa voisine, sur sa copine, qu\u2019est-ce qu\u2019on aurait dit ? On aurait dit simplement: \u00abun peu de respect\u00a0\u00bb, <em>ajourant qu&rsquo;elle n&rsquo;aurait<\/em> \u00ab\u00a0absolument pas\u00a0\u00bb partag\u00e9 le mot cl\u00e9 #JeSuisMila.<\/li>\n<\/ul>\n<p><em>Des propos plut\u00f4t coh\u00e9rent pour une personne qui trouvait \u00ab\u00a0inadmissible qu&rsquo;on\u00a0insulte l&rsquo;image\u00a0sacr\u00e9e du proph\u00e8te musulman\u00a0\u00bb lors de la publication\u00a0des caricatures de Mahomet par Charlie Hebdo, et qui affirmait qu'\u00a0\u00bbaux yeux des gar\u00e7ons, le string r\u00e9duit des jeunes filles \u00e0 leur post\u00e9rieur (&#8230;) apr\u00e8s on s&rsquo;\u00e9tonne que les adolescentes soient victimes d&rsquo;attouchements ou de violence sexuelle\u00a0\u00bb.\u00a0<\/em><\/p>\n<ul>\n<li><strong><em>Jean Michel Apathie, sur le plateau de C l&rsquo;Hebdo du France 5 :<\/em> <\/strong>\u00ab\u00a0je ne suis pas Mila, je suis r\u00e9solument S\u00e9gol\u00e8ne, son analyse me para\u00eet plus juste et plus sage que toutes celles que j&rsquo;ai entendues\u00a0\u00bb.<\/li>\n<\/ul>\n<ul>\n<li><strong><em>Abdallah Zekri, d\u00e9l\u00e9gu\u00e9 g\u00e9n\u00e9ral du CFCM (Conseil Fran\u00e7ais du Culte Musulman) au micro de Sud Radio:\u00a0<\/em><\/strong>\u00ab\u00a0Je dis que cette fille, elle sait tr\u00e8s bien ce qu&rsquo;elle fait, a-t-il notamment d\u00e9clar\u00e9. Qui s\u00e8me le vent r\u00e9colte la temp\u00eate.\u00a0\u00bb\u00a0<em>M\u00eame s&rsquo;il rappelle qu&rsquo;il est<\/em>\u00a0\u00ab\u00a0contre le fait qu&rsquo;on menace [Mila] de mort\u00a0\u00bb, il persiste : \u00ab\u00a0Cette fille, elle sait ce qu&rsquo;elle a dit. Elle a pris ses responsabilit\u00e9s. Qu&rsquo;elle critique les religions, je suis d&rsquo;accord, mais d&rsquo;insulter et tout ce qui s&rsquo;ensuit\u2026 Maintenant, elle assume les cons\u00e9quences de ce qu&rsquo;elle a dit.\u00a0\u00bb, \u00ab\u00a0Est-ce qu&rsquo;on lui a dit &lsquo;sale fran\u00e7aise&rsquo; ? Ou est-ce qu&rsquo;elle le dit pour se faire plaindre ? Vous la croyez, cette fille-l\u00e0 ? Moi je ne la crois pas.\u00a0\u00bb <em>Lorsqu&rsquo;une invit\u00e9e lui fait remarquer qu&rsquo;on ne peu pas dire que Mila n&rsquo;a que \u00ab\u00a0ce qu&rsquo;elle m\u00e9rite\u00a0\u00bb, il rench\u00e9rit<\/em> :\u00a0\u00ab\u00a0Si, je le dis. Elle l&rsquo;a cherch\u00e9, elle assume. Les propos qu&rsquo;elle a tenus, je ne peux pas les accepter.\u00a0\u00bb<\/li>\n<\/ul>\n<p><em>Rappellons qu&rsquo;apr\u00e8s les attentats de Charlie Hebdo, Abdallah Zekri s&rsquo;\u00e9tait offusqu\u00e9 de la Une de Charlie Hebdo repr\u00e9sentant le proph\u00e8te Mahomet effondr\u00e9 : \u00ab\u00a0\u00e7a va mettre de l&rsquo;huile sur le feu !\u00a0\u00bb.\u00a0<\/em><\/p>\n<ul>\n<li><strong><em>Ibrahim Maalouf, trompettiste, sur Twitter :\u00a0<\/em><\/strong>\u00ab\u00a0On est tous d\u2019accord que ces propos honteux ne m\u00e9ritent en aucun cas des menaces de mort. Il faut absolument d\u00e9noncer et condamner. Cependant, quand j\u2019entends <a class=\"PrettyLink profile customisable h-card\" dir=\"ltr\" href=\"https:\/\/twitter.com\/ZinebElRhazoui\" data-mentioned-user-id=\"789773474114011137\" data-scribe=\"element:mention\"><span class=\"PrettyLink-prefix\">@<\/span><span class=\"PrettyLink-value\">ZinebElRhazoui<\/span><\/a> dans <a class=\"PrettyLink profile customisable h-card\" dir=\"ltr\" href=\"https:\/\/twitter.com\/cavousf5\" data-mentioned-user-id=\"122966834\" data-scribe=\"element:mention\"><span class=\"PrettyLink-prefix\">@<\/span><span class=\"PrettyLink-value\">cavousf5<\/span><\/a>: \u00abMila pour moi c\u2019est un modele pour la jeunesse fran\u00e7aise, c est une fille qui a tout compris \u00e0 ce qu\u2019est l\u2019esprit de l\u2019universalisme, l\u2019esprit des lumi\u00e8res.\u00bb Je suis scandalis\u00e9. C\u2019est de l\u2019incitation \u00e0 la haine. Encourager l\u2019immoral au pr\u00e9texte que c\u2019est l\u00e9gal, c\u2019est de la d\u00e9magogie dangereuse. C\u2019est ce qu\u2019ont fait certains \u00e0 l\u2019\u00e9poque de Matzneff ou ce que d\u00e9fendent les exil\u00e9s fiscaux, pour prendre 2 exemples diff\u00e9rents. Piti\u00e9, battons nous pour les vraies valeurs\u00a0\u00bb.<\/li>\n<\/ul>\n<p><em>Ibrahim Maalouf a \u00e9t\u00e9 condamn\u00e9 en 2018 \u00e0 quatre mois de prison avec sursis pour agression sexuelle sur mineure.<\/em><\/p>\n<ul>\n<li><em><b>Marie Kirschen,\u00a0r\u00e9dactrice en chef des Inrocks lorsque le site\u00a0<\/b><b>Arr\u00eat<\/b><b>\u00a0sur Images lui demande pourquoi le sujet n&rsquo;est pas trait\u00e9 aux Inrocks (ni \u00e0 Mediapart ou encore T\u00e9l\u00e9rama) :\u00a0<\/b><\/em>\u00ab\u00a0Les quelques personnes qui pouvaient \u00e9crire sur cette affaire-l\u00e0 \u00e9taient d\u00e9j\u00e0 occup\u00e9es \u00e0 d&rsquo;autres choses\u00a0\u00bb. <em>Marie Kirschen ajoute<\/em> :\u00a0\u00ab On s&rsquo;est vraiment recentr\u00e9s sur la culture il y a un peu plus d&rsquo;un an, il y a beaucoup moins de papiers sur des th\u00e9matiques soci\u00e9tales ou politiques \u00bb.<\/li>\n<\/ul>\n<p><em>Un coup d&rsquo;\u0153il sur le site des Inrocks permet de voir que les sujets politiques et d&rsquo;actualit\u00e9 sont pourtant bien\u00a0pr\u00e9sents dans l&rsquo;hebdomadaire (Coronavirus, d\u00e9bats \u00e0 l&rsquo;Assembl\u00e9e Nationale sur la nouvelle loi retraite&#8230;).<\/em><\/p>\n<ul>\n<li><em><strong>Osez le F\u00e9minisme, via sa porte-parole Alyssa Ahrabare interrog\u00e9e lors de l&rsquo;\u00e9mission des Grandes Gueules de RMC :\u00a0<\/strong><\/em>\u00ab\u00a0C&rsquo;est un sujet sur lequel on a choisi de ne pas se prononcer\u00a0\u00bb,\u00a0\u00bb c&rsquo;est des questions qui sont extr\u00eamement complexes\u00a0\u00bb.<\/li>\n<\/ul>\n<ul>\n<li><strong><em>Odon Vallet, historien des religions, sur CNews :<\/em> <\/strong>\u00ab\u00a0En 2005 lorsqu&rsquo;il y a eu les caricatures dans les journaux danois, j&rsquo;ai annonc\u00e9 des attentats, il y a eu des attentats au Pakistan contre les int\u00e9r\u00eats du Danemark, et j&rsquo;ai dit, si on fait pareil en France dans dix ans vous avez des morts, et il y a eu Charlie Hebdo. Je vous annonce aujourd&rsquo;hui (&#8230;) que si on continue comme \u00e7a on aura prochainement des attentats contre des fran\u00e7ais en France ou dans des pays d&rsquo;Afrique\u00a0\u00bb. <em>Jean-Marc Morandini demande alors<\/em> \u00ab\u00a0si on continue quoi ? <em>Odon Vallet r\u00e9pond:<\/em> \u00ab\u00a0si on continue \u00e0 injurier l&rsquo;Islam\u00a0\u00bb.<\/li>\n<\/ul>\n<ul>\n<li><em><strong>Edwy Plenel sur France 5 :<\/strong> <\/em>\u00ab\u00a0je suis libert\u00e9, et la libert\u00e9 c&rsquo;est la libert\u00e9 de dire aux gens ce qu&rsquo;ils n&rsquo;ont pas envie d&rsquo;entendre (&#8230;) et donc de blasph\u00e9mer mais (&#8230;) il y a beaucoup de violence sur internet, et la violence qu&rsquo;elle a provoqu\u00e9e et qu&rsquo;elle subit en est un exemple, mais je rappellerais un autre cas, la chanteuse Mennel qui elle, a \u00e9t\u00e9 lapid\u00e9e de mani\u00e8re unique au nom cette fois-ci d&rsquo;attaques qui \u00e9taient de stigmatisation de l&rsquo;Islam la visant elle\u00a0\u00bb.<\/li>\n<\/ul>\n<ul>\n<li><strong><em>Christophe Frot, animateur sur France Maghreb, au micro de C8 lors de l&rsquo;\u00e9mission Balance Ton Post :<\/em> <\/strong>\u00ab\u00a0le droit au blasph\u00e8me \u00e7a existe (&#8230;) par contre quand elle dit je vais mettre un doigt dans le cul de votre Dieu (&#8230;) \u00e0 qui elle s&rsquo;adresse Mila ? C&rsquo;est aux musulmans qu&rsquo;elle s&rsquo;adresse, ces m\u00eames musulmans qui se sentent stigmatis\u00e9s \u00e0 longueur de journ\u00e9e (&#8230;) c&rsquo;est juste intol\u00e9rable, je ne suis pas Mila\u00a0\u00bb,\u00a0\u00bbCette demoiselle, elle a eu ces propos, le lendemain elle n&rsquo;h\u00e9site pas \u00e0 lancer une cagnotte en demandant 15000 euros pour enregistrer un disque, est-ce que c&rsquo;est pas conscient tout \u00e7a ?\u00a0\u00bb<em>(une cagnotte a \u00e9t\u00e9 lanc\u00e9e par un inconnu pour la soutenir, avant d&rsquo;\u00eatre rapidement ferm\u00e9e&#8230;),<\/em> \u00ab\u00a0je condamne les menaces qu&rsquo;elle re\u00e7oit, et je condamne \u00e9videmment de toutes mes forces ses propos\u00a0\u00bb.<\/li>\n<\/ul>\n<ul>\n<li><strong><em>Philippe Marli\u00e8re, ancien militant au NPA puis au Front de Gauche, professeur \u00e0 University College de Londres, sur Twitter :<\/em> <\/strong>\u00ab\u00a0le blasph\u00e8me est souvent un acte religieux, un acte aussi sectaire et intol\u00e9rant que la diabolisation de l&rsquo;ath\u00e9isme par certains d\u00e9istes\u00a0\u00bb, \u00ab\u00a0le \u00ab\u00a0droit au blasph\u00e8me\u00a0\u00bb c&rsquo;est essentiellement revendiquer le droit de tenir des propos racistes et sexistes sans s&rsquo;exposer \u00e0 la condamnation de la justice\u00a0\u00bb, \u00ab\u00a0en l&rsquo;absence d&rsquo;oppression, le blasph\u00e8me exprime non pas une critique des religions mais la haine des minorit\u00e9s: en France, avant tout un racisme anti-Arabes\u00a0\u00bb.<\/li>\n<\/ul>\n<ul>\n<li><strong><em>Nabilla, star de t\u00e9l\u00e9-r\u00e9alit\u00e9 puis chroniqueuse sur C8, sur Twitter (plus de 2,7 millions d&rsquo;abonn\u00e9s) :<\/em> <\/strong>emoji vomi,\u00a0lik\u00e9 plus de 61000 \u00a0fois, en r\u00e9ponse \u00e0 l&rsquo;interview de Mila dans l&rsquo;\u00e9mission Quotidien.<\/li>\n<\/ul>\n<ul>\n<li><strong><em>Raquel Garrido, ex porte-parole de La France Insoumise, chroniqueuse dans l&rsquo;\u00e9mission Balance Ton Post sur C8 :<\/em> <\/strong>\u00ab\u00a0Pourquoi est-ce que le gouvernement et les \u00e9lites politiques se saisissent de la question religieuse en ce moment, c&rsquo;est pour qu&rsquo;on arr\u00eate de parler du plus grand mouvement social depuis l&rsquo;apr\u00e8s guerre (&#8230;) vous \u00eates complices, m\u00eame \u00e0 votre d\u00e9pens, d&rsquo;une grande op\u00e9ration de diversion\u00a0\u00bb.<\/li>\n<\/ul>\n<ul>\n<li><strong><em>Fabien Roussel, secr\u00e9taire national du PCF, au micro de Jean-Jacques Bourdin sur RMC :<\/em>\u00a0<\/strong>\u00ab\u00a0injurier une religion comme elle l&rsquo;a fait, je me suis mis \u00e0 la place des musulmans (&#8230;), je me serais senti bless\u00e9. En m\u00eame temps, dans notre pays qui est un r\u00e9publique la\u00efque le droit de critiquer une religion doit \u00eatre pr\u00e9serv\u00e9 (&#8230;) on doit avoir le droit de critiquer une religion, on droit pouvoir la respecter\u00a0\u00bb, \u00ab\u00a0Cette jeune fille, ce qu&rsquo;elle a dit, ce n&rsquo;est pas admissible, en m\u00eame temps, les menaces de mort qu&rsquo;elle subit, ce n&rsquo;est pas admissible\u00a0\u00bb.<\/li>\n<\/ul>\n<ul>\n<li><strong><em>R\u00e9volution Permanente, qui se d\u00e9finit comme un site d&rsquo;information d&rsquo;extr\u00eame-gauche, li\u00e9 au NPA<\/em> <\/strong>:\u00a0\u00ab\u00a0R\u00e9sumons les faits. L\u2019affaire tourne autour de\u2026 l\u2019islam (\u00e7a faisait longtemps). Une lyc\u00e9enne de 16 ans a tenu des propos r\u00e9actionnaires contre l\u2019islam dans une vid\u00e9o live, la qualifiant de \u00ab\u00a0religion de violence\u00a0\u00bb.\u00a0\u00bbLe fait est que Mila, consciemment ou non, du haut de ses 16 ans, v\u00e9hicule un discours haineux.\u00a0\u00c9videmment, \u00e7a ne l\u00e9gitime en rien le harc\u00e8lement, ni les menaces de mort, ni les insultes lesbophobes et misogynes qu\u2019elle a re\u00e7u. Ces actes sont intol\u00e9rables, il n\u2019y a pas de doute la dessus. Mais l\u00e0 n\u2019est pas la question.\u00a0\u00bb<\/li>\n<\/ul>\n<ul>\n<li><strong><em>Yassine Belattar, humoriste, sur C8 dans l&rsquo;\u00e9mission Touche Pas \u00e0 mon Poste :<\/em> <\/strong>\u00ab\u00a0Moi je peux concevoir que hier elle a fait des erreurs d&rsquo;une fille de 16 ans, moi si on me donnait un micro \u00e0 16 ans j&rsquo;aurais dit de la merde. Et moi je comprends pas que cette fille l\u00e0, aujourd&rsquo;hui y&rsquo;a des gens qui commencent \u00e0 lui donner&#8230; Je suis triste pour elle parce qu&rsquo;\u00e0 16 ans, \u00eatre l&rsquo;incarnation du FN, du Printemps R\u00e9publicain, et des gens qui sont toute l&rsquo;ann\u00e9e mal intentionn\u00e9s concernant une religion par d\u00e9finition. Et surtout pour conclure l\u00e0 dessus, \u00e7a commen\u00e7ait \u00e0 s&rsquo;\u00e9teindre un peu le feu autour de l&rsquo;Islam, c&rsquo;est \u00e0 dire que \u00e7a faisait semaines qu&rsquo;on en parlait pas \u00e0 cause des mouvements sociaux, on \u00e9tait plus \u00ab\u00a0gilets jaunes\u00a0\u00bb, \u00ab\u00a0gr\u00e8ve\u00a0\u00bb, et en fait gr\u00e2ce \u00e0 Mila, \u00e0 cause de, ils ont trouv\u00e9 un cheval de Troie \u00e0 tout cela\u00a0\u00bb.<\/li>\n<\/ul>\n<ul>\n<li><strong><em>Damien Abad, pr\u00e9sident du groupe LR \u00e0 l&rsquo;Assembl\u00e9e Nationale, sur LCI :<\/em> <\/strong>\u00ab\u00a0je souhaite la libert\u00e9 d&rsquo;expression la plus totale, mais je dis que quand cette libert\u00e9 d&rsquo;expression est d\u00e9tourn\u00e9e pour cr\u00e9er de la aine anti-religieuse, alors oui, il y a une barri\u00e8re \u00e0 mettre\u00a0\u00bb, \u00ab\u00a0\u00a0\u00bbIl faut sanctionner tous ceux qui ont insult\u00e9s et menac\u00e9s de mort Mila mais la mani\u00e8re dont elle s&rsquo;est exprim\u00e9e, avec beaucoup de vulgarit\u00e9, n&rsquo;est pas acceptable\u00a0\u00bb.<\/li>\n<\/ul>\n<ul>\n<li><strong><em>Ni Putes Ni Soumises, mouvement f\u00e9ministe, sur Twitter :<\/em> <\/strong>\u00ab\u00a0M\u00eame si nous sommes attach\u00e9s au droit \u00e0 blasph\u00e9mer, @mouvement_npns condamne toute insulte envers quelque communaut\u00e9 ou croyance que ce soit. Mais pour autant, rien ne vient justifier le harc\u00e8lement et les menaces de mort\u00a0\u00bb, <em>avant de pr\u00e9ciser<\/em> :\u00a0 \u00ab\u00a0Alors pour \u00eatre pr\u00e9cis, m\u00eame si elle en a le droit, ce qu&rsquo;a dit Mila \u00e9tait \u00e0 notre sens contre-productive dans l&rsquo;optique du vivre-ensemble- Elle le reconna\u00eet elle-m\u00eame. Mais cela ne justifie ni les menaces ni le harc\u00e8lement : nous la soutenons dans cette \u00e9preuve\u00a0\u00bb.<\/li>\n<\/ul>\n<ul>\n<li><strong><em>Alain Finkielkraut sur le plateau de BFM TV :<\/em> <\/strong>\u00ab\u00a0Je ne dirai pas \u00ab\u00a0je suis Mila\u00a0\u00bb (&#8230;) l\u00e0 c&rsquo;est pas de la vulgarit\u00e9, c&rsquo;est du d\u00e9gueulis verbal\u00a0\u00bb <em>avant de rectifier plus tard<\/em> \u00ab\u00a0devant le d\u00e9ferlement d&rsquo;ignominie sur Mila et la d\u00e9mission qui l&rsquo;accompagne, je soutiens \u00e0 fond cette jeune fille\u00a0\u00bb.<\/li>\n<\/ul>\n<ul>\n<li><strong><em>Brice Hortefeux, ancien ministre et actuel d\u00e9put\u00e9 europ\u00e9en LR, au micro de BFM TV :<\/em> <\/strong>\u00ab\u00a0les propos de cette adolescente sont inutilement agressifs et injurieux\u00a0\u00bb, <em>et, en m\u00eame temps,<\/em> \u00ab\u00a0la justice doit r\u00e9agir tr\u00e8s rapidement et tr\u00e8s fermement (pour condamner les appels au viol et au meurtre\u00a0\u00bb.<\/li>\n<\/ul>\n<\/blockquote>\n<p>En revanche, il est \u00e0 noter que la chroniqueuse Rokhaya Diallo, pourtant connue pour son militantisme anti-raciste complaisant avec l&rsquo;Islam politique, a d\u00e9fendu Mila contre les menaces de mort et de viol ainsi que son droit au blasph\u00e8me. Si m\u00eame Rokhaya Diallo a plus de courage que les responsables politiques ou associatifs cit\u00e9s ci-dessus&#8230;<\/p>\n","protected":false},"excerpt":{"rendered":"<p>Le\u00a0\u00a019 janvier 2020, Mila, une adolescente de 16 ans, publie sur son compte Instagram une r\u00e9ponse vid\u00e9o \u00e0 un jeune homme qui, apr\u00e8s\u00a0avoir \u00e9t\u00e9 plus qu&rsquo;insistant avec elle, lui envoie des insultes homophobes\u00a0telles que\u00a0\u00ab\u00a0sale lesbienne\u00a0\u00bb en invoquant sa religion.\u00a0 Mila l&rsquo;\u00e9conduit et lance alors : \u00a0\u00bb Je d\u00e9teste la religion [&#8230;], le Coran, il n&rsquo;y &hellip; <a href=\"https:\/\/prochoix.org\/?p=1170\" class=\"more-link\">Continuer la lecture de <span class=\"screen-reader-text\">Affaire Mila : quand les pleutres continu\u00e8rent d&rsquo;\u00eatre l\u00e2ches.<\/span>  <span class=\"meta-nav\">&rarr;<\/span><\/a><\/p>\n","protected":false},"author":3,"featured_media":1183,"comment_status":"closed","ping_status":"closed","sticky":false,"template":"","format":"standard","meta":{"footnotes":""},"categories":[17],"tags":[166,184,172,181,171,176,164,167,168,183,174,185,180,179,169,170,177,173,175,178,165,182],"_links":{"self":[{"href":"https:\/\/prochoix.org\/index.php?rest_route=\/wp\/v2\/posts\/1170"}],"collection":[{"href":"https:\/\/prochoix.org\/index.php?rest_route=\/wp\/v2\/posts"}],"about":[{"href":"https:\/\/prochoix.org\/index.php?rest_route=\/wp\/v2\/types\/post"}],"author":[{"embeddable":true,"href":"https:\/\/prochoix.org\/index.php?rest_route=\/wp\/v2\/users\/3"}],"replies":[{"embeddable":true,"href":"https:\/\/prochoix.org\/index.php?rest_route=%2Fwp%2Fv2%2Fcomments&post=1170"}],"version-history":[{"count":16,"href":"https:\/\/prochoix.org\/index.php?rest_route=\/wp\/v2\/posts\/1170\/revisions"}],"predecessor-version":[{"id":1187,"href":"https:\/\/prochoix.org\/index.php?rest_route=\/wp\/v2\/posts\/1170\/revisions\/1187"}],"wp:featuredmedia":[{"embeddable":true,"href":"https:\/\/prochoix.org\/index.php?rest_route=\/wp\/v2\/media\/1183"}],"wp:attachment":[{"href":"https:\/\/prochoix.org\/index.php?rest_route=%2Fwp%2Fv2%2Fmedia&parent=1170"}],"wp:term":[{"taxonomy":"category","embeddable":true,"href":"https:\/\/prochoix.org\/index.php?rest_route=%2Fwp%2Fv2%2Fcategories&post=1170"},{"taxonomy":"post_tag","embeddable":true,"href":"https:\/\/prochoix.org\/index.php?rest_route=%2Fwp%2Fv2%2Ftags&post=1170"}],"curies":[{"name":"wp","href":"https:\/\/api.w.org\/{rel}","templated":true}]}}