{"id":1226,"date":"2020-05-09T21:28:56","date_gmt":"2020-05-09T20:28:56","guid":{"rendered":"http:\/\/www.prochoix.org\/wordpress\/?p=1226"},"modified":"2020-05-09T21:28:56","modified_gmt":"2020-05-09T20:28:56","slug":"la-charge-complotiste-des-conservateurs-catholiques-sur-le-covid-19","status":"publish","type":"post","link":"https:\/\/prochoix.org\/?p=1226","title":{"rendered":"La charge complotiste des conservateurs catholiques sur le Covid-19"},"content":{"rendered":"<p align=\"LEFT\">Lanc\u00e9e par Monseigneur Carlo Maria Vigano et publi\u00e9e par Valeurs Actuelles le 7 mai 2020, une tribune appelle ouvertement dans un registre complotiste les catholiques \u00e0 la d\u00e9fiance vis-\u00e0-vis des autorit\u00e9s \u00e9tatiques, scientifiques et des m\u00e9dias.<\/p>\n<p align=\"LEFT\"><span style=\"color: #4b4b4b;\"><span style=\"font-family: Arial, sans-serif;\"><span style=\"font-size: small;\">Alors que les signataires sont connus pour leurs tr\u00e8s fort engagement pro-vie (essentiellement anti-IVG et anti-euthanasie), on peut lire que \u00ab\u00a0<span style=\"color: #000000;\">les doutes croissent quant \u00e0 l\u2019effective contagiosit\u00e9, \u00e0 la dangerosit\u00e9 et \u00e0 la r\u00e9sistance du virus\u00a0\u00bb. Pour rappel, le Covid-19 a provoqu\u00e9 \u00e0 ce jour plus de 275,000 morts dans le monde et les recherches se poursuivent sur la dangerosit\u00e9 des s\u00e9quelles apr\u00e8s gu\u00e9rison. Les cons\u00e9quences en pertes humaines sont tout bonnement ignor\u00e9es. Les signataires raisonnent de la mani\u00e8re la plus complotiste qui soit\u00a0: ils ignorent les faits pour se demander \u00e0 qui profite le crime, celui-ci \u00e9tant si possible un ennemi invisible et mondialis\u00e9. C&rsquo;est ainsi que les limitations de d\u00e9placements induites par le confinement sont d\u00e9crites comme \u00ab\u00a0un pr\u00e9lude inqui\u00e9tant \u00e0 la cr\u00e9ation d\u2019un gouvernement mondial hors de tout contr\u00f4le\u00a0\u00bb. Le confinement, certes \u00e9prouvant mais temporaire, serait\u00a0: \u00ab\u00a0une partie inacceptable du projet de ceux qui favorisent l\u2019isolement des individus afin de mieux les manipuler et les contr\u00f4ler\u00a0\u00bb. <\/span><\/span><\/span><\/span><\/p>\n<p align=\"LEFT\"><span style=\"color: #000000;\"><span style=\"font-family: Arial, sans-serif;\"><span style=\"font-size: small;\">Le ton conspirationniste se poursuit dans une diatribe anti-vaccins, qui seraient moins fiables que d&rsquo;autres myst\u00e9rieux rem\u00e8des non cit\u00e9s mais \u00ab\u00a0efficaces et peu co\u00fbteux\u00a0\u00bb, mais privil\u00e9gi\u00e9s afin de garantir \u00ab\u00a0aux soci\u00e9t\u00e9s pharmaceutiques des b\u00e9n\u00e9fices bien plus importants, qui p\u00e8sent sur la sant\u00e9 publique\u00a0\u00bb. Sans autre pr\u00e9cision et afin d&rsquo;attiser la d\u00e9fiance, le chapitre se conclut sur cette prescription religieuse d\u00e9connect\u00e9e\u00a0: \u00ab\u00a0Nous rappelons \u00e9galement, en tant que pasteurs, que pour les catholiques, il est moralement inacceptable de recevoir des vaccins dans lesquels du mat\u00e9riau provenant de f\u0153tus avort\u00e9s est utilis\u00e9\u00a0\u00bb. <\/span><\/span><\/span><\/p>\n<p align=\"LEFT\"><span style=\"color: #000000;\"><span style=\"font-family: Arial, sans-serif;\"><span style=\"font-size: small;\">A la lecture de cet appel, l&rsquo;on se demande s&rsquo;il l&rsquo;on n&rsquo;est pas face \u00e0 un commentaire d&rsquo;une groupie d&rsquo;Alain Soral sur le site Egalit\u00e9 &amp; R\u00e9conciliation tant le vocabulaire utilis\u00e9 est similaire. Les responsables politiques sont des \u00ab\u00a0techniciens\u00a0\u00bb qui chercheraient \u00e0 fuir leurs responsabilit\u00e9s p\u00e9nales. Les \u00ab\u00a0m\u00e9dias\u00a0\u00bb sont \u00e9galement pris \u00e0 partie et accus\u00e9s de p\u00e9naliser \u00ab\u00a0la dissidence\u00a0\u00bb en recourant \u00e0 des formes de \u00ab\u00a0censure\u00a0\u00bb, au risque de \u00ab\u00a0voir impos\u00e9es des formes subtiles de dictature, vraisemblablement pires que celles que notre soci\u00e9t\u00e9 a vu na\u00eetre et mourir dans un pass\u00e9 r\u00e9cent\u00a0\u00bb. <\/span><\/span><\/span><\/p>\n<p align=\"LEFT\"><span style=\"color: #000000;\"><span style=\"font-family: Arial, sans-serif;\"><span style=\"font-size: small;\">La tribune se conclut par une demande de passe-droit, afin que les offices et messes puissent reprendre en dehors des r\u00e8gles communes et temporaires de non-regroupement. Pour quelles raisons\u00a0? \u00ab\u00a0<\/span><\/span><\/span><span style=\"color: #000000;\"><span style=\"font-family: Arial, sans-serif;\"><span style=\"font-size: small;\"> Cette autonomie et cette libert\u00e9 sont un droit inh\u00e9rent que le Seigneur J\u00e9sus-Christ lui a donn\u00e9 pour la poursuite de ses propres fins\u00a0\u00bb mais encore\u00a0: \u00ab\u00a0Les droits de Dieu et des fid\u00e8les sont la loi supr\u00eame de l\u2019\u00c9glise \u00e0 laquelle elle ne veut ni ne peut d\u00e9roger\u00a0\u00bb. Autrement dit, la loi de Dieu pr\u00e9vaudrait sur la politique publique de l&rsquo;Etat. L&rsquo;int\u00e9grisme religieux de la tribune est assum\u00e9, notamment dans sa conclusion\u00a0: \u00ab\u00a0Nous sommes tous appel\u00e9s \u00e0 \u00e9valuer les faits actuels conform\u00e9ment \u00e0 l\u2019enseignement de l\u2019\u00c9vangile. Cela implique de choisir son camp : avec le Christ, ou contre le Christ. Ne permettons pas que des si\u00e8cles de civilisation chr\u00e9tienne soient an\u00e9antis sous le pr\u00e9texte d\u2019un virus, en laissant s\u2019\u00e9tablir une tyrannie technologique haineuse dans laquelle des personnes anonymes et sans visage peuvent d\u00e9cider du sort du monde en nous confinant dans une r\u00e9alit\u00e9 virtuelle. Si tel est le plan auquel les puissants de la terre entendent nous plier, sachez que J\u00e9sus-Christ, Roi et Seigneur de l\u2019Histoire, a promis que\u00a0<\/span><\/span><\/span><em><span style=\"color: #000000;\"><span style=\"font-family: Arial, sans-serif;\"><span style=\"font-size: small;\"><i>\u00ab les portes des Enfers ne pr\u00e9vaudront pas \u00bb\u00a0<\/i><\/span><\/span><\/span><\/em><span style=\"color: #000000;\"><span style=\"font-family: Arial, sans-serif;\"><span style=\"font-size: small;\">(Mt 16, 18)\u00a0\u00bb. <\/span><\/span><\/span><\/p>\n<p align=\"LEFT\"><strong><span style=\"color: #000000;\"><span style=\"font-family: Arial, sans-serif;\"><span style=\"font-size: small;\"><b>Parmi les signataires nous retouvons :<\/b><\/span><\/span><\/span><\/strong><\/p>\n<ul>\n<li>\n<p align=\"LEFT\"><span style=\"color: #000000;\"><span style=\"font-family: Arial, sans-serif;\"><span style=\"font-size: small;\">Mgr. Carlo Maria Vigano, archev\u00eaque. Il s&rsquo;est fait conna\u00eetre en 2018 en accusant ouvertement le Pape Fran\u00e7ois d&rsquo;avoir couvert des actes d&rsquo;abus sexuels qui auraient \u00e9t\u00e9 commis par le Cardinal McCarrick et en demandant en cons\u00e9quence au Pape Fran\u00e7ois de d\u00e9missionner. Mgr Vigano est un proche de Benoit XVI qui l&rsquo;avait promu secr\u00e9taire du gouvernement du Vatican. Apr\u00e8s avoir \u00e9t\u00e9 \u00e9loign\u00e9 aux USA, il a finalement \u00e9t\u00e9 d\u00e9mis de ses fonctions de nonce apostolique aux USA par le Pape Fran\u00e7ois en 2016 apr\u00e8s avoir organis\u00e9 une rencontre \u00ab\u00a0surprise\u00a0\u00bb entre ce dernier et la greffi\u00e8re Kim Davis, l&rsquo;\u00e9g\u00e9rie am\u00e9ricaine des anti mariages pour tous. Depuis, Mgr Vigano poursuit son rapprochement avec le camp traditionaliste et ultra-conservateur du Vatican. Dans sa <a href=\"http:\/\/online.wsj.com\/media\/Viganos-letter.pdf\">lettre ouverte<\/a> de 2018 demandant la d\u00e9mission de Fran\u00e7ois, il d\u00e9crivait d\u00e9j\u00e0 de fa\u00e7on complotiste et homophobe un \u00ab\u00a0r\u00e9seau homosexuel\u00a0\u00bb avec le \u00ab\u00a0pouvoir tentaculaire d&rsquo;une pieuvre\u00a0\u00bb au Vatican, qui serait responsable d&rsquo;un renversement du dogme catholique et des scandales de p\u00e9dophilie dans l&rsquo;Eglise. Il est \u00e9galement proche du Cardinal Burke, soutien de Donald Trump et opposant au Pape Fran\u00e7ois, qui lui a apport\u00e9 son soutien suite \u00e0 cette lettre ouverte.<\/span><\/span><\/span><\/p>\n<\/li>\n<\/ul>\n<ul>\n<li>\n<p align=\"LEFT\"><span style=\"color: #000000;\"><span style=\"font-family: Arial, sans-serif;\"><span style=\"font-size: small;\">Cdl Gerhard M\u00fcller, ancien pr\u00e9fet de la Congr\u00e9gation pour la doctrine de la foi, renvoy\u00e9 en 2017 par le Pape Fran\u00e7ois. En 2019, il publie un Manifeste pour la Foi qui sera salu\u00e9 par la presse traditionnaliste et notamment LifeSiteNews comme une \u00ab\u00a0quasi-correction du pontificat du Pape Fran\u00e7ois\u00a0\u00bb. il y affirme que \u00ab\u00a0<\/span><\/span><\/span><span style=\"color: #24274c;\"><span style=\"font-family: Arial, sans-serif;\"><span style=\"font-size: small;\">Garder le silence sur les v\u00e9rit\u00e9s de la foi catholique ou enseigner le contraire est une forme de tromperie religieuse qui provient de l&rsquo;Ant\u00e9christ\u00a0\u00bb. Il avait re\u00e7u en 2014 la Fraternit\u00e9 Saint Pie X afin d&rsquo;\u0153uvrer pour un rapprochement avec Rome. <\/span><\/span><\/span><\/p>\n<\/li>\n<li>\n<p align=\"LEFT\"><span style=\"color: #000000;\"><span style=\"font-family: Arial, sans-serif;\"><span style=\"font-size: small;\">Cdl Joseph Zen Ze-kiun, \u00e9v\u00eaque \u00e9m\u00e9rite de Hong Kong. Il est en conflit avec le Pape Fran\u00e7ois depuis 2019, date \u00e0 laquelle le Vatican a pass\u00e9 un accord avec le gouvernement chinois qui placerait l&rsquo;Eglise sous les ordres du Parti Communiste. <\/span><\/span><\/span><\/p>\n<\/li>\n<\/ul>\n<ul>\n<li>\n<p align=\"LEFT\"><span style=\"color: #000000;\"><span style=\"font-family: Arial, sans-serif;\"><span style=\"font-size: small;\">Cdl Janis Pujats, \u00e9v\u00eaque \u00e9m\u00e9rite de Riga. Il est proche des milieux traditionalistes et milite pour une approche conservatrice du dogme. C&rsquo;est un opposant \u00e0 la communion pour les divorc\u00e9s remari\u00e9s. <\/span><\/span><\/span><\/p>\n<\/li>\n<li>\n<p align=\"LEFT\"><span style=\"color: #000000;\"><span style=\"font-family: Arial, sans-serif;\"><span style=\"font-size: small;\">John-Henry Westen, r\u00e9dacteur en chef de LifeSiteNews.com, un site web fond\u00e9 par le lobby canadien Campaign Life Coalition pour s&rsquo;opposer aux lois pro-IVG. Le site web publie \u00e9galement du contenu anti-euthanasie et anti-mariage pour tous. C&rsquo;est sur ce site web qu&rsquo;a \u00e9t\u00e9 publi\u00e9e en 2018 la tribune de Mgr Vigano appelant le Pape Fran\u00e7ois \u00e0 d\u00e9missionner, ou encore en 2019 la tribune du pr\u00eatre Aidan Nichols critiquant les positions trop \u00ab\u00a0accomodantes\u00a0\u00bb du Pape envers l&rsquo;avortement, les homosexuels, les protestants ou encore les musulmans.<\/span><\/span><\/span><\/p>\n<\/li>\n<\/ul>\n<ul>\n<li>\n<p align=\"LEFT\"><span style=\"color: #000000;\"><span style=\"font-family: Arial, sans-serif;\"><span style=\"font-size: small;\"><span style=\"font-family: Arial, sans-serif;\">Ma\u00eetre Andr\u00e9 Bonnet, avocat, fondateur de l\u2019association Promouvoir qui se donne pour objectif de lutter pour <\/span><span style=\"color: #383f4e;\"><span style=\"font-family: Arial, sans-serif;\">\u00ab\u00a0les valeurs jud\u00e9o-chr\u00e9tiennes dan<\/span><\/span><span style=\"color: #383f4e;\"><span style=\"font-family: Arial, sans-serif;\">s tous les domaines de la soci\u00e9t\u00e9\u00a0<\/span><\/span><span style=\"color: #383f4e;\"><span style=\"font-family: Arial, sans-serif;\">(\u2026)\u00a0<\/span><\/span><span style=\"color: #383f4e;\"><span style=\"font-family: Arial, sans-serif;\">et faire obstacle \u00e0 l\u2019inceste, au viol, \u00e0 l\u2019homosexualit\u00e9\u00a0\u00bb. Promouvoir obtient en 2000 l&rsquo;interdiction du visa d&rsquo;exploitation du film Baise Moi de Virginie Despentes, puis en 2015\u00a0<\/span><\/span><a href=\"http:\/\/www.lemonde.fr\/cinema\/article\/2015\/08\/03\/love-de-gaspard-noe-finalement-interdit-aux-moins-de-18-ans_4710288_3476.html\"><span style=\"color: #383f4e;\"><span style=\"font-family: Arial, sans-serif;\">l\u2019interdiction de\u00a0<\/span><\/span><span style=\"color: #383f4e;\"><span style=\"font-family: Arial, sans-serif;\">Love<\/span><\/span><span style=\"color: #383f4e;\"><span style=\"font-family: Arial, sans-serif;\">, le film de Gaspar No\u00e9, aux moins de 18 ans<\/span><\/span><\/a><span style=\"color: #383f4e;\"><span style=\"font-family: Arial, sans-serif;\">.\u00a0 Une plainte avait \u00e9t\u00e9 \u00e9galement d\u00e9pos\u00e9e contre le film La Vie d&rsquo;Ad\u00e8le. Andr\u00e9 Bonnet a \u00e9t\u00e9 responsable du Mouvement national r\u00e9publicain (MNR, ex-parti de Bruno M\u00e9gret) dans le Vaucluse avant de s&rsquo;investir dans la Manif Pour Tous aux c\u00f4t\u00e9s de Frigide Barjot pour d\u00e9noncer le mariage pour tous qu&rsquo;il compare \u00ab\u00a0\u00e0 la mont\u00e9e du nazisme et du marxisme-l\u00e9ninisme\u00a0\u00bb. <\/span><\/span><\/span><\/span><\/span><\/p>\n<\/li>\n<li>\n<p align=\"LEFT\"><span style=\"color: #000000;\"><span style=\"font-family: Arial, sans-serif;\"><span style=\"font-size: small;\">Reynald Secher, historien ayant propos\u00e9 une th\u00e8se sur le pr\u00e9tendu \u00ab\u00a0g\u00e9nocide vend\u00e9en\u00a0\u00bb pendant la r\u00e9volution fran\u00e7aise<\/span><\/span><\/span><\/p>\n<\/li>\n<li>\n<p align=\"LEFT\"><span style=\"color: #000000;\"><span style=\"font-family: Arial, sans-serif;\"><span style=\"font-size: small;\">Michael J. Matt, directeur de The Remnant, un site web proche de la Fraternit\u00e9 Saint Pie X<\/span><\/span><\/span><\/p>\n<\/li>\n<li>\n<p align=\"LEFT\"><span style=\"color: #000000;\"><span style=\"font-family: Arial, sans-serif;\"><span style=\"font-size: small;\">Olivier Figueras, journaliste sur Radio Courtoisie <\/span><\/span><\/span><\/p>\n<\/li>\n<li>\n<p align=\"LEFT\"><span style=\"color: #000000;\"><span style=\"font-family: Arial, sans-serif;\"><span style=\"font-size: small;\">Jean-Pierre Maugendre, d\u00e9l\u00e9gu\u00e9 g\u00e9n\u00e9ral de Renaissance Catholique, association cr\u00e9\u00e9e en 1988 suite \u00e0 l&rsquo;excommunication de Mgr Lefebvre pour soutenir la Fraternit\u00e9 Saint Pie X. Renaissance Catholique participe r\u00e9guli\u00e8rement aux \u00ab\u00a0Marches pour la Vie\u00a0\u00bb. <\/span><\/span><\/span><\/p>\n<\/li>\n<li>\n<p align=\"LEFT\"><span style=\"color: #000000;\"><span style=\"font-family: Arial, sans-serif;\"><span style=\"font-size: small;\">L&rsquo;abb\u00e9 Guy Pag\u00e8s, auteur de nombreuse vid\u00e9os sur Internet o\u00f9 il d\u00e9nonce essentiellement l&rsquo;Islam et l&rsquo;homosexualit\u00e9,<\/span><\/span><\/span><\/p>\n<\/li>\n<li>\n<p align=\"LEFT\"><span style=\"color: #000000;\"><span style=\"font-family: Arial, sans-serif;\"><span style=\"font-size: small;\">Steven Mosher, pr\u00e9sident du Population Research Institute, lobbyiste anti-IVG, notamment aupr\u00e8s du Pr\u00e9sident George W. Bush. Il a ainsi obtenu la r\u00e9duction drastique des financements am\u00e9ricains aupr\u00e8s du planning familial du fond des Nations Unies. Dans une chronique tr\u00e8s partag\u00e9e sur les r\u00e9seaux sociaux et publi\u00e9e sur le tablo\u00efd The New York Post, il affirme sans preuve que le Covid-19 s&rsquo;est \u00e9chapp\u00e9 du Laboratoire P4 de Wuhan. <\/span><\/span><\/span><\/p>\n<\/li>\n<li>\n<p align=\"LEFT\"><span style=\"color: #000000;\"><span style=\"font-family: Arial, sans-serif;\"><span style=\"font-size: small;\">Dr Stefano Montanari, directeur scientifique de son laboratoire Nanodiagnostics \u00e0 Mod\u00e8ne. Dipl\u00f4m\u00e9 en pharmacie, il est un militant anti-vaccins italien : \u00ab\u00a0dans les meilleurs des cas, les\u00a0<\/span><\/span><\/span><span style=\"color: #000000;\"><span style=\"font-family: Arial, sans-serif;\"><span style=\"font-size: small;\">vaccins sont parfaitement inutiles. Ils causent g\u00e9n\u00e9ralement des dommages qui ne sont pas rares et irr\u00e9versibles\u00a0\u00bb. <\/span><\/span><\/span><span style=\"color: #000000;\"><span style=\"font-family: Arial, sans-serif;\"><span style=\"font-size: small;\">Comme le rappelle le site <a href=\"https:\/\/www.conspiracywatch.info\/stefano-montanari\">Conspiracy Watch<\/a>, concernant le Covid-19,\u00a0il a d\u00e9clar\u00e9 \u00e0 plusieurs reprises, par exemple\u00a0<\/span><\/span><\/span><a href=\"http:\/\/archive.vn\/OKnp6\" target=\"_blank\"><span style=\"color: #000000;\"><span style=\"font-family: Arial, sans-serif;\"><span style=\"font-size: small;\">sur son site personnel<\/span><\/span><\/span><\/a><span style=\"color: #000000;\"><span style=\"font-family: Arial, sans-serif;\"><span style=\"font-size: small;\">\u00a0ou\u00a0<\/span><\/span><\/span><a href=\"http:\/\/archive.is\/oXgqC\" target=\"_blank\"><span style=\"color: #000000;\"><span style=\"font-family: Arial, sans-serif;\"><span style=\"font-size: small;\">sur le site d\u2019extr\u00eame droite italien ImolaOggi.it<\/span><\/span><\/span><\/a><span style=\"color: #000000;\"><span style=\"font-family: Arial, sans-serif;\"><span style=\"font-size: small;\">, qu\u2019il s\u2019agissait d\u2019un virus\u00a0<\/span><\/span><\/span><span style=\"color: #000000;\"><span style=\"font-family: Arial, sans-serif;\"><span style=\"font-size: small;\">\u00ab fabriqu\u00e9 en laboratoire \u00bb<\/span><\/span><\/span><span style=\"color: #000000;\"><span style=\"font-family: Arial, sans-serif;\"><span style=\"font-size: small;\">, \u00e0 rebours de\u00a0<\/span><\/span><\/span><a href=\"https:\/\/twitter.com\/conspiration\/status\/1245070093215764480\" target=\"_blank\"><span style=\"color: #000000;\"><span style=\"font-family: Arial, sans-serif;\"><span style=\"font-size: small;\">toutes les connaissances scientifiques sur l\u2019origine de ce virus<\/span><\/span><\/span><\/a><span style=\"color: #000000;\"><span style=\"font-family: Arial, sans-serif;\"><span style=\"font-size: small;\">.<\/span><\/span><\/span><\/p>\n<\/li>\n<\/ul>\n<ul>\n<li>\n<p align=\"LEFT\"><span style=\"color: #000000;\"><span style=\"font-family: Arial, sans-serif;\"><span style=\"font-size: small;\">Mgr Luigi Negri, archev\u00eaque \u00e9m\u00e9rite de Ferrara-Comacchio <\/span><\/span><\/span><\/p>\n<\/li>\n<li>\n<p align=\"LEFT\"><span style=\"color: #000000;\"><span style=\"font-family: Arial, sans-serif;\"><span style=\"font-size: small;\">Mgr Thomas Peta, archev\u00eaque m\u00e9tropolite d\u2019Astana <\/span><\/span><\/span><\/p>\n<\/li>\n<li>\n<p align=\"LEFT\"><span style=\"color: #000000;\"><span style=\"font-family: Arial, sans-serif;\"><span style=\"font-size: small;\">Mgr Athanasius Schneider, \u00e9v\u00eaque auxiliaire d\u2019Astana <\/span><\/span><\/span><\/p>\n<\/li>\n<li>\n<p align=\"LEFT\"><span style=\"color: #000000;\"><span style=\"font-family: Arial, sans-serif;\"><span style=\"font-size: small;\">Mgr Jan Pawel Lenga, archev\u00eaque \u00e9m\u00e9rite de Karaganda <\/span><\/span><\/span><\/p>\n<\/li>\n<li>\n<p align=\"LEFT\"><span style=\"color: #000000;\"><span style=\"font-family: Arial, sans-serif;\"><span style=\"font-size: small;\">Mgr Rene Henry Gracida, \u00e9v\u00eaque \u00e9m\u00e9rite de Corpus Christi<\/span><\/span><\/span><\/p>\n<\/li>\n<li>\n<p align=\"LEFT\"><span style=\"color: #000000;\"><span style=\"font-family: Arial, sans-serif;\"><span style=\"font-size: small;\">Mgr Andreas Laun, \u00e9v\u00eaque auxiliaire de Salzburg <\/span><\/span><\/span><\/p>\n<\/li>\n<li>\n<p align=\"LEFT\"><span style=\"color: #000000;\"><span style=\"font-family: Arial, sans-serif;\"><span style=\"font-size: small;\">Prof. Vittorio Sgarbi, critique d\u2019art, essayiste <\/span><\/span><\/span><\/p>\n<\/li>\n<li>\n<p align=\"LEFT\"><span style=\"color: #000000;\"><span style=\"font-family: Arial, sans-serif;\"><span style=\"font-size: small;\">Aldo Maria Valli, journaliste <\/span><\/span><\/span><\/p>\n<\/li>\n<li>\n<p align=\"LEFT\"><span style=\"color: #000000;\"><span style=\"font-family: Arial, sans-serif;\"><span style=\"font-size: small;\">Magdi Cristiano Allam, \u00e9crivain <\/span><\/span><\/span><\/p>\n<\/li>\n<li>\n<p align=\"LEFT\"><span style=\"color: #000000;\"><span style=\"font-family: Arial, sans-serif;\"><span style=\"font-size: small;\">Giulio Meotti, journaliste <\/span><\/span><\/span><\/p>\n<\/li>\n<li>\n<p align=\"LEFT\"><span style=\"color: #000000;\"><span style=\"font-family: Arial, sans-serif;\"><span style=\"font-size: small;\">Marco Tosatti, journaliste <\/span><\/span><\/span><\/p>\n<\/li>\n<li>\n<p align=\"LEFT\"><span style=\"color: #000000;\"><span style=\"font-family: Arial, sans-serif;\"><span style=\"font-size: small;\">Claudio Messora, directeur de Byoblu.com <\/span><\/span><\/span><\/p>\n<\/li>\n<li>\n<p align=\"LEFT\"><span style=\"color: #000000;\"><span style=\"font-family: Arial, sans-serif;\"><span style=\"font-size: small;\">Robert Moynihan, \u00e9crivain, journaliste <\/span><\/span><\/span><\/p>\n<\/li>\n<li>\n<p align=\"LEFT\"><span style=\"color: #000000;\"><span style=\"font-family: Arial, sans-serif;\"><span style=\"font-size: small;\">Cesare Sacchetti, journaliste <\/span><\/span><\/span><\/p>\n<\/li>\n<li>\n<p align=\"LEFT\"><span style=\"color: #000000;\"><span style=\"font-family: Arial, sans-serif;\"><span style=\"font-size: small;\">Prof. Giorgio Nicolini, directeur de Tele Maria <\/span><\/span><\/span><\/p>\n<\/li>\n<li>\n<p align=\"LEFT\"><span style=\"color: #000000;\"><span style=\"font-family: Arial, sans-serif;\"><span style=\"font-size: small;\">Vittoria Alliata di Villafranca, journaliste, \u00e9crivain <\/span><\/span><\/span><\/p>\n<\/li>\n<li>\n<p align=\"LEFT\"><span style=\"color: #000000;\"><span style=\"font-family: Arial, sans-serif;\"><span style=\"font-size: small;\">Maria Guarini, \u00e9diteur <\/span><\/span><\/span><\/p>\n<\/li>\n<li>\n<p align=\"LEFT\"><span style=\"color: #000000;\"><span style=\"font-family: Arial, sans-serif;\"><span style=\"font-size: small;\">Prof. Francesco Lamendola<\/span><\/span><\/span><\/p>\n<\/li>\n<li>\n<p align=\"LEFT\"><span style=\"color: #000000;\"><span style=\"font-family: Arial, sans-serif;\"><span style=\"font-size: small;\">Ant\u00f3nio Carlos de Azeredo, \u00e9diteur <\/span><\/span><\/span><\/p>\n<\/li>\n<li>\n<p align=\"LEFT\"><span style=\"color: #000000;\"><span style=\"font-family: Arial, sans-serif;\"><span style=\"font-size: small;\">Riccardo Zenobi, \u00e9crivain <\/span><\/span><\/span><\/p>\n<\/li>\n<li>\n<p align=\"LEFT\"><span style=\"color: #000000;\"><span style=\"font-family: Arial, sans-serif;\"><span style=\"font-size: small;\">Danilo Quinto, \u00e9crivain <\/span><\/span><\/span><\/p>\n<\/li>\n<li>\n<p align=\"LEFT\"><span style=\"color: #000000;\"><span style=\"font-family: Arial, sans-serif;\"><span style=\"font-size: small;\">Jeanne Smits, journaliste <\/span><\/span><\/span><\/p>\n<\/li>\n<li>\n<p align=\"LEFT\"><span style=\"color: #000000;\"><span style=\"font-family: Arial, sans-serif;\"><span style=\"font-size: small;\">Dr Antonietta Gatti, directeur de recherches, Nanodiagnostics laboratory, Modena<\/span><\/span><\/span><\/p>\n<\/li>\n<li>\n<p align=\"LEFT\"><span style=\"color: #000000;\"><span style=\"font-family: Arial, sans-serif;\"><span style=\"font-size: small;\">Prof. Alessandro Meluzzi, psychiatre <\/span><\/span><\/span><\/p>\n<\/li>\n<li>\n<p align=\"LEFT\"><span style=\"color: #000000;\"><span style=\"font-family: Arial, sans-serif;\"><span style=\"font-size: small;\">Prof. Martino Mora, philosophe <\/span><\/span><\/span><\/p>\n<\/li>\n<li>\n<p align=\"LEFT\"><span style=\"color: #000000;\"><span style=\"font-family: Arial, sans-serif;\"><span style=\"font-size: small;\">Prof. Massimo Viglione, historien et essayiste <\/span><\/span><\/span><\/p>\n<\/li>\n<li>\n<p align=\"LEFT\"><span style=\"color: #000000;\"><span style=\"font-family: Arial, sans-serif;\"><span style=\"font-size: small;\">Prof. Elisabetta Sala, enseignant et \u00e9crivain <\/span><\/span><\/span><\/p>\n<\/li>\n<li>\n<p align=\"LEFT\"><span style=\"color: #000000;\"><span style=\"font-family: Arial, sans-serif;\"><span style=\"font-size: small;\">Prof. Amadeu Teixeira Fernandes, Georgetown University <\/span><\/span><\/span><\/p>\n<\/li>\n<li>\n<p align=\"LEFT\"><span style=\"color: #000000;\"><span style=\"font-family: Arial, sans-serif;\"><span style=\"font-size: small;\">Alfonso Martone, CNR Italy.<\/span><\/span><\/span><\/p>\n<\/li>\n<\/ul>\n","protected":false},"excerpt":{"rendered":"<p>Lanc\u00e9e par Monseigneur Carlo Maria Vigano et publi\u00e9e par Valeurs Actuelles le 7 mai 2020, une tribune appelle ouvertement dans un registre complotiste les catholiques \u00e0 la d\u00e9fiance vis-\u00e0-vis des autorit\u00e9s \u00e9tatiques, scientifiques et des m\u00e9dias. Alors que les signataires sont connus pour leurs tr\u00e8s fort engagement pro-vie (essentiellement anti-IVG et anti-euthanasie), on peut lire &hellip; <a href=\"https:\/\/prochoix.org\/?p=1226\" class=\"more-link\">Continuer la lecture de <span class=\"screen-reader-text\">La charge complotiste des conservateurs catholiques sur le Covid-19<\/span>  <span class=\"meta-nav\">&rarr;<\/span><\/a><\/p>\n","protected":false},"author":3,"featured_media":1227,"comment_status":"closed","ping_status":"closed","sticky":false,"template":"","format":"standard","meta":{"footnotes":""},"categories":[17],"tags":[206,201,202,209,204,203,205,208,207],"_links":{"self":[{"href":"https:\/\/prochoix.org\/index.php?rest_route=\/wp\/v2\/posts\/1226"}],"collection":[{"href":"https:\/\/prochoix.org\/index.php?rest_route=\/wp\/v2\/posts"}],"about":[{"href":"https:\/\/prochoix.org\/index.php?rest_route=\/wp\/v2\/types\/post"}],"author":[{"embeddable":true,"href":"https:\/\/prochoix.org\/index.php?rest_route=\/wp\/v2\/users\/3"}],"replies":[{"embeddable":true,"href":"https:\/\/prochoix.org\/index.php?rest_route=%2Fwp%2Fv2%2Fcomments&post=1226"}],"version-history":[{"count":1,"href":"https:\/\/prochoix.org\/index.php?rest_route=\/wp\/v2\/posts\/1226\/revisions"}],"predecessor-version":[{"id":1228,"href":"https:\/\/prochoix.org\/index.php?rest_route=\/wp\/v2\/posts\/1226\/revisions\/1228"}],"wp:featuredmedia":[{"embeddable":true,"href":"https:\/\/prochoix.org\/index.php?rest_route=\/wp\/v2\/media\/1227"}],"wp:attachment":[{"href":"https:\/\/prochoix.org\/index.php?rest_route=%2Fwp%2Fv2%2Fmedia&parent=1226"}],"wp:term":[{"taxonomy":"category","embeddable":true,"href":"https:\/\/prochoix.org\/index.php?rest_route=%2Fwp%2Fv2%2Fcategories&post=1226"},{"taxonomy":"post_tag","embeddable":true,"href":"https:\/\/prochoix.org\/index.php?rest_route=%2Fwp%2Fv2%2Ftags&post=1226"}],"curies":[{"name":"wp","href":"https:\/\/api.w.org\/{rel}","templated":true}]}}