{"id":14,"date":"2014-11-16T14:22:07","date_gmt":"2014-11-16T13:22:07","guid":{"rendered":"http:\/\/www.prochoix.org\/wordpress\/?p=14"},"modified":"2014-11-16T18:15:51","modified_gmt":"2014-11-16T17:15:51","slug":"cahiers-de-doleances-trop-dincivilites","status":"publish","type":"post","link":"https:\/\/prochoix.org\/?p=14","title":{"rendered":"Cahiers de dol\u00e9ances : Trop d\u2019incivilit\u00e9s ?"},"content":{"rendered":"<div class=\"bloc video-about\">\n<div class=\"content-va\">\n<div class=\"texte rubrique_171 \">\n<p>La col\u00e8re monte. Les peurs, les propagandes, divisent les Fran\u00e7ais. Chacun tend \u00e0 se replier sur soi, son identit\u00e9, sa \u00ab\u00a0tribu\u00a0\u00bb, ses pr\u00e9jug\u00e9s\u00a0\u00bb. Les \u00e9lus et les \u00e9lites sont d\u00e9cri\u00e9s, la d\u00e9mocratie repr\u00e9sentative v\u00e9cue comme un \u00ab\u00a0syst\u00e8me\u00a0\u00bb injuste et cynique. Dans ce contexte de tensions, Caroline Fourest r\u00e9colte les dol\u00e9ances des citoyens pour faire la part du l\u00e9gitime et du pr\u00e9jug\u00e9, du vrai du faux, avant de porter leurs revendications aupr\u00e8s des d\u00e9cideurs.<\/p>\n<p>Pour ce premier num\u00e9ro, Caroline Fourest se penche sur le th\u00e8me des incivilit\u00e9s. Un grand nombre de Fran\u00e7ais se plaignent des \u00ab\u00a0incivilit\u00e9s\u00a0\u00bb. Au travail, dans les transports en commun, dans la rue, de la part de ses voisins. Mais faut-il les confondre avec le sentiment d\u2019ins\u00e9curit\u00e9, ne bl\u00e2mer que quelques-uns ou sommes-nous tous devenus plus intol\u00e9rants aux incivilit\u00e9s parce que nous vivons dans une soci\u00e9t\u00e9 toujours plus urbaine et plus anonyme\u00a0? En partant d\u2019un sentiment r\u00e9pandu, Caroline Fourest fait le tri entre les comportements mal polis qui ont toujours exist\u00e9 et ceux qui nous parlent effectivement de notre \u00e9poque. Sans ang\u00e9lisme mais sans pr\u00e9jug\u00e9s.<\/p>\n<p><iframe loading=\"lazy\" frameborder=\"0\" width=\"474\" height=\"268\" src=\"http:\/\/www.dailymotion.com\/embed\/video\/x28hur0\" allowfullscreen><\/iframe><\/p>\n<\/div>\n<\/div>\n<\/div>\n","protected":false},"excerpt":{"rendered":"<p>La col\u00e8re monte. Les peurs, les propagandes, divisent les Fran\u00e7ais. Chacun tend \u00e0 se replier sur soi, son identit\u00e9, sa \u00ab\u00a0tribu\u00a0\u00bb, ses pr\u00e9jug\u00e9s\u00a0\u00bb. Les \u00e9lus et les \u00e9lites sont d\u00e9cri\u00e9s, la d\u00e9mocratie repr\u00e9sentative v\u00e9cue comme un \u00ab\u00a0syst\u00e8me\u00a0\u00bb injuste et cynique. Dans ce contexte de tensions, Caroline Fourest r\u00e9colte les dol\u00e9ances des citoyens pour faire la &hellip; <a href=\"https:\/\/prochoix.org\/?p=14\" class=\"more-link\">Continuer la lecture de <span class=\"screen-reader-text\">Cahiers de dol\u00e9ances : Trop d\u2019incivilit\u00e9s ?<\/span>  <span class=\"meta-nav\">&rarr;<\/span><\/a><\/p>\n","protected":false},"author":1,"featured_media":0,"comment_status":"open","ping_status":"open","sticky":false,"template":"","format":"standard","meta":{"footnotes":""},"categories":[4],"tags":[],"_links":{"self":[{"href":"https:\/\/prochoix.org\/index.php?rest_route=\/wp\/v2\/posts\/14"}],"collection":[{"href":"https:\/\/prochoix.org\/index.php?rest_route=\/wp\/v2\/posts"}],"about":[{"href":"https:\/\/prochoix.org\/index.php?rest_route=\/wp\/v2\/types\/post"}],"author":[{"embeddable":true,"href":"https:\/\/prochoix.org\/index.php?rest_route=\/wp\/v2\/users\/1"}],"replies":[{"embeddable":true,"href":"https:\/\/prochoix.org\/index.php?rest_route=%2Fwp%2Fv2%2Fcomments&post=14"}],"version-history":[{"count":3,"href":"https:\/\/prochoix.org\/index.php?rest_route=\/wp\/v2\/posts\/14\/revisions"}],"predecessor-version":[{"id":27,"href":"https:\/\/prochoix.org\/index.php?rest_route=\/wp\/v2\/posts\/14\/revisions\/27"}],"wp:attachment":[{"href":"https:\/\/prochoix.org\/index.php?rest_route=%2Fwp%2Fv2%2Fmedia&parent=14"}],"wp:term":[{"taxonomy":"category","embeddable":true,"href":"https:\/\/prochoix.org\/index.php?rest_route=%2Fwp%2Fv2%2Fcategories&post=14"},{"taxonomy":"post_tag","embeddable":true,"href":"https:\/\/prochoix.org\/index.php?rest_route=%2Fwp%2Fv2%2Ftags&post=14"}],"curies":[{"name":"wp","href":"https:\/\/api.w.org\/{rel}","templated":true}]}}