{"id":246,"date":"2014-09-29T10:12:10","date_gmt":"2014-09-29T09:12:10","guid":{"rendered":"http:\/\/www.prochoix.org\/wordpress\/?p=246"},"modified":"2014-11-19T10:13:38","modified_gmt":"2014-11-19T09:13:38","slug":"avortement-les-espagnols-fetent-le-retrait-du-projet-de-loi","status":"publish","type":"post","link":"https:\/\/prochoix.org\/?p=246","title":{"rendered":"Avortement : les Espagnols f\u00eatent le retrait du projet de loi"},"content":{"rendered":"<p>C\u2019est une journ\u00e9e de f\u00eate en Espagne, pour ces manifestants pro-avortement. Un peu partout dans le pays, ils c\u00e9l\u00e8brent le retrait du projet de loi controvers\u00e9, et la d\u00e9mission du ministre\u00a0de\u00a0la\u00a0Justice,\u00a0Alberto\u00a0Ruiz-Gallardon,\u00a0\u00e0\u00a0l\u2019origine\u00a0du\u00a0projet<\/p>\n<p><iframe loading=\"lazy\" frameborder=\"0\" width=\"474\" height=\"268\" src=\"http:\/\/www.dailymotion.com\/embed\/video\/x26ta37\" allowfullscreen><\/iframe><\/p>\n","protected":false},"excerpt":{"rendered":"<p>C\u2019est une journ\u00e9e de f\u00eate en Espagne, pour ces manifestants pro-avortement. Un peu partout dans le pays, ils c\u00e9l\u00e8brent le retrait du projet de loi controvers\u00e9, et la d\u00e9mission du ministre\u00a0de\u00a0la\u00a0Justice,\u00a0Alberto\u00a0Ruiz-Gallardon,\u00a0\u00e0\u00a0l\u2019origine\u00a0du\u00a0projet<\/p>\n","protected":false},"author":1,"featured_media":0,"comment_status":"open","ping_status":"open","sticky":false,"template":"","format":"standard","meta":{"footnotes":""},"categories":[4],"tags":[],"_links":{"self":[{"href":"https:\/\/prochoix.org\/index.php?rest_route=\/wp\/v2\/posts\/246"}],"collection":[{"href":"https:\/\/prochoix.org\/index.php?rest_route=\/wp\/v2\/posts"}],"about":[{"href":"https:\/\/prochoix.org\/index.php?rest_route=\/wp\/v2\/types\/post"}],"author":[{"embeddable":true,"href":"https:\/\/prochoix.org\/index.php?rest_route=\/wp\/v2\/users\/1"}],"replies":[{"embeddable":true,"href":"https:\/\/prochoix.org\/index.php?rest_route=%2Fwp%2Fv2%2Fcomments&post=246"}],"version-history":[{"count":1,"href":"https:\/\/prochoix.org\/index.php?rest_route=\/wp\/v2\/posts\/246\/revisions"}],"predecessor-version":[{"id":247,"href":"https:\/\/prochoix.org\/index.php?rest_route=\/wp\/v2\/posts\/246\/revisions\/247"}],"wp:attachment":[{"href":"https:\/\/prochoix.org\/index.php?rest_route=%2Fwp%2Fv2%2Fmedia&parent=246"}],"wp:term":[{"taxonomy":"category","embeddable":true,"href":"https:\/\/prochoix.org\/index.php?rest_route=%2Fwp%2Fv2%2Fcategories&post=246"},{"taxonomy":"post_tag","embeddable":true,"href":"https:\/\/prochoix.org\/index.php?rest_route=%2Fwp%2Fv2%2Ftags&post=246"}],"curies":[{"name":"wp","href":"https:\/\/api.w.org\/{rel}","templated":true}]}}