{"id":253,"date":"2014-11-20T11:16:04","date_gmt":"2014-11-20T10:16:04","guid":{"rendered":"http:\/\/www.prochoix.org\/wordpress\/?p=253"},"modified":"2014-11-20T11:16:04","modified_gmt":"2014-11-20T10:16:04","slug":"alain-soral-injures-a-caractere-raciste-contre-une-mannequin-noire","status":"publish","type":"post","link":"https:\/\/prochoix.org\/?p=253","title":{"rendered":"Alain Soral : injures \u00e0 caract\u00e8re raciste contre une mannequin noire"},"content":{"rendered":"<p>StreetPress vient de\u00a0publier le t\u00e9moignage de\u00a0Binti, une top-mod\u00e8le qui a \u00e9t\u00e9 injuri\u00e9e, harcel\u00e9e et menac\u00e9e par Alain Soral. Son t\u00e9l\u00e9phone a \u00e9t\u00e9 hack\u00e9 et effac\u00e9.<\/p>\n<p>Les documents publi\u00e9s par Street Press sont assez r\u00e9v\u00e9lateurs du racisme du personnage.<\/p>\n<p>On apprend notamment qu&rsquo;Alain Soral a \u00e9crit<\/p>\n<p>\u00ab Dans 10 ans ton corps sera tout sec, et avec ton gros pif s\u00e9mite, tu ressembleras \u00e0 un vieux chef indien ! Sur le march\u00e9 du travail tu ne vaudras plus rien.\u00bb<\/p>\n<p>Ou encore :<\/p>\n<p>\u00ab Les p\u00e9d\u00e9s comme amis pour t\u2019\u00e9couter chialer que ton destin c\u2019est d\u2019\u00eatre une pute \u00e0 juifs\u2026 \u00bb<\/p>\n<p>&nbsp;<\/p>\n<p><a href=\"http:\/\/www.streetpress.com\/sujet\/1416422707-soral-accuse-injures-racistes-mannequin#\">Pour lire l&rsquo;enqu\u00eate de Mathieu Molard dans Streetpress :<\/a><\/p>\n<p><a href=\"http:\/\/www.streetpress.com\/sujet\/1416422707-soral-accuse-injures-racistes-mannequin#\"><img loading=\"lazy\" decoding=\"async\" class=\"size-medium wp-image-254 aligncenter\" src=\"http:\/\/www.prochoix.org\/wordpress\/wp-content\/uploads\/2014\/11\/Capture-d\u2019\u00e9cran-2014-11-20-\u00e0-11.12.21-300x151.png\" alt=\"Capture d\u2019\u00e9cran 2014-11-20 \u00e0 11.12.21\" width=\"300\" height=\"151\" srcset=\"https:\/\/prochoix.org\/wp-content\/uploads\/2014\/11\/Capture-d\u2019\u00e9cran-2014-11-20-\u00e0-11.12.21-300x151.png 300w, https:\/\/prochoix.org\/wp-content\/uploads\/2014\/11\/Capture-d\u2019\u00e9cran-2014-11-20-\u00e0-11.12.21-1024x516.png 1024w, https:\/\/prochoix.org\/wp-content\/uploads\/2014\/11\/Capture-d\u2019\u00e9cran-2014-11-20-\u00e0-11.12.21.png 1299w\" sizes=\"(max-width: 300px) 100vw, 300px\" \/><\/a><\/p>\n","protected":false},"excerpt":{"rendered":"<p>StreetPress vient de\u00a0publier le t\u00e9moignage de\u00a0Binti, une top-mod\u00e8le qui a \u00e9t\u00e9 injuri\u00e9e, harcel\u00e9e et menac\u00e9e par Alain Soral. Son t\u00e9l\u00e9phone a \u00e9t\u00e9 hack\u00e9 et effac\u00e9. Les documents publi\u00e9s par Street Press sont assez r\u00e9v\u00e9lateurs du racisme du personnage. On apprend notamment qu&rsquo;Alain Soral a \u00e9crit \u00ab Dans 10 ans ton corps sera tout sec, et &hellip; <a href=\"https:\/\/prochoix.org\/?p=253\" class=\"more-link\">Continuer la lecture de <span class=\"screen-reader-text\">Alain Soral : injures \u00e0 caract\u00e8re raciste contre une mannequin noire<\/span>  <span class=\"meta-nav\">&rarr;<\/span><\/a><\/p>\n","protected":false},"author":1,"featured_media":0,"comment_status":"open","ping_status":"open","sticky":false,"template":"","format":"standard","meta":{"footnotes":""},"categories":[16,8],"tags":[],"_links":{"self":[{"href":"https:\/\/prochoix.org\/index.php?rest_route=\/wp\/v2\/posts\/253"}],"collection":[{"href":"https:\/\/prochoix.org\/index.php?rest_route=\/wp\/v2\/posts"}],"about":[{"href":"https:\/\/prochoix.org\/index.php?rest_route=\/wp\/v2\/types\/post"}],"author":[{"embeddable":true,"href":"https:\/\/prochoix.org\/index.php?rest_route=\/wp\/v2\/users\/1"}],"replies":[{"embeddable":true,"href":"https:\/\/prochoix.org\/index.php?rest_route=%2Fwp%2Fv2%2Fcomments&post=253"}],"version-history":[{"count":1,"href":"https:\/\/prochoix.org\/index.php?rest_route=\/wp\/v2\/posts\/253\/revisions"}],"predecessor-version":[{"id":255,"href":"https:\/\/prochoix.org\/index.php?rest_route=\/wp\/v2\/posts\/253\/revisions\/255"}],"wp:attachment":[{"href":"https:\/\/prochoix.org\/index.php?rest_route=%2Fwp%2Fv2%2Fmedia&parent=253"}],"wp:term":[{"taxonomy":"category","embeddable":true,"href":"https:\/\/prochoix.org\/index.php?rest_route=%2Fwp%2Fv2%2Fcategories&post=253"},{"taxonomy":"post_tag","embeddable":true,"href":"https:\/\/prochoix.org\/index.php?rest_route=%2Fwp%2Fv2%2Ftags&post=253"}],"curies":[{"name":"wp","href":"https:\/\/api.w.org\/{rel}","templated":true}]}}