{"id":256,"date":"2014-11-26T10:48:23","date_gmt":"2014-11-26T09:48:23","guid":{"rendered":"http:\/\/www.prochoix.org\/wordpress\/?p=256"},"modified":"2014-11-26T10:47:11","modified_gmt":"2014-11-26T09:47:11","slug":"minorites-deux-poids-deux-mesures-bande-annonce-cahiers-de-doleances-3-de-caroline-fourest","status":"publish","type":"post","link":"https:\/\/prochoix.org\/?p=256","title":{"rendered":"\u00ab\u00a0Minorit\u00e9s : deux poids, deux mesures ?\u00a0\u00bb Bande Annonce Cahiers de Dol\u00e9ances #3 de Caroline Fourest"},"content":{"rendered":"<div id=\"watch-uploader-info\">\n<p>Premi\u00e8re diffusion 26 novembre \u00e0 21h30 sur \u00a0LCP<\/p>\n<p><iframe loading=\"lazy\" width=\"474\" height=\"267\" src=\"https:\/\/www.youtube.com\/embed\/vCceW59njSg?feature=oembed\" frameborder=\"0\" allowfullscreen><\/iframe><\/p>\n<\/div>\n<div id=\"watch-description-text\" class=\"\">\n<p id=\"eow-description\">\u00ab\u00a0Minorit\u00e9s : deux poids, deux mesures ?\u00a0\u00bb Bande Annonce Cahiers de Dol\u00e9ances #3 de Caroline Fourest<\/p>\n<p>\u00ab\u00a0Faut-il choisir entre comm\u00e9morer la Shoah et l&rsquo;Esclavage ?<br \/>\nY a-t-il un \u00ab\u00a02 poids, deux mesures\u00a0\u00bb dans le traitement des minorit\u00e9s en R\u00e9publique (noires, musulmanes et juives) comme l&rsquo;affirment Dieudonn\u00e9 ou Soral ?<\/p>\n<p>Avec ce \u00ab\u00a0Cahiers de dol\u00e9ances\u00a0\u00bb, Caroline Fourest s&rsquo;attaque \u00e0 une propagande fr\u00e9quente sur Internet et au coeur du nouveau racisme anti-Juifs\u00a0\u00bb.<\/p>\n<p>&nbsp;<\/p>\n<\/div>\n","protected":false},"excerpt":{"rendered":"<p>Premi\u00e8re diffusion 26 novembre \u00e0 21h30 sur \u00a0LCP \u00ab\u00a0Minorit\u00e9s : deux poids, deux mesures ?\u00a0\u00bb Bande Annonce Cahiers de Dol\u00e9ances #3 de Caroline Fourest \u00ab\u00a0Faut-il choisir entre comm\u00e9morer la Shoah et l&rsquo;Esclavage ? Y a-t-il un \u00ab\u00a02 poids, deux mesures\u00a0\u00bb dans le traitement des minorit\u00e9s en R\u00e9publique (noires, musulmanes et juives) comme l&rsquo;affirment Dieudonn\u00e9 ou &hellip; <a href=\"https:\/\/prochoix.org\/?p=256\" class=\"more-link\">Continuer la lecture de <span class=\"screen-reader-text\">\u00ab\u00a0Minorit\u00e9s : deux poids, deux mesures ?\u00a0\u00bb Bande Annonce Cahiers de Dol\u00e9ances #3 de Caroline Fourest<\/span>  <span class=\"meta-nav\">&rarr;<\/span><\/a><\/p>\n","protected":false},"author":1,"featured_media":0,"comment_status":"open","ping_status":"open","sticky":false,"template":"","format":"standard","meta":{"footnotes":""},"categories":[4],"tags":[26,28,9,27],"_links":{"self":[{"href":"https:\/\/prochoix.org\/index.php?rest_route=\/wp\/v2\/posts\/256"}],"collection":[{"href":"https:\/\/prochoix.org\/index.php?rest_route=\/wp\/v2\/posts"}],"about":[{"href":"https:\/\/prochoix.org\/index.php?rest_route=\/wp\/v2\/types\/post"}],"author":[{"embeddable":true,"href":"https:\/\/prochoix.org\/index.php?rest_route=\/wp\/v2\/users\/1"}],"replies":[{"embeddable":true,"href":"https:\/\/prochoix.org\/index.php?rest_route=%2Fwp%2Fv2%2Fcomments&post=256"}],"version-history":[{"count":2,"href":"https:\/\/prochoix.org\/index.php?rest_route=\/wp\/v2\/posts\/256\/revisions"}],"predecessor-version":[{"id":338,"href":"https:\/\/prochoix.org\/index.php?rest_route=\/wp\/v2\/posts\/256\/revisions\/338"}],"wp:attachment":[{"href":"https:\/\/prochoix.org\/index.php?rest_route=%2Fwp%2Fv2%2Fmedia&parent=256"}],"wp:term":[{"taxonomy":"category","embeddable":true,"href":"https:\/\/prochoix.org\/index.php?rest_route=%2Fwp%2Fv2%2Fcategories&post=256"},{"taxonomy":"post_tag","embeddable":true,"href":"https:\/\/prochoix.org\/index.php?rest_route=%2Fwp%2Fv2%2Ftags&post=256"}],"curies":[{"name":"wp","href":"https:\/\/api.w.org\/{rel}","templated":true}]}}