{"id":267,"date":"2013-10-27T09:51:53","date_gmt":"2013-10-27T08:51:53","guid":{"rendered":"http:\/\/www.prochoix.org\/wordpress\/?p=267"},"modified":"2014-11-23T09:52:43","modified_gmt":"2014-11-23T08:52:43","slug":"campagne-de-soutien-a-djemila-benhabib","status":"publish","type":"post","link":"https:\/\/prochoix.org\/?p=267","title":{"rendered":"Campagne de soutien \u00e0 Djemila Benhabib"},"content":{"rendered":"<div class=\"post-content\">\n<p>L\u2019\u00e9crivaine et journaliste Djemila Benhabib, Prix international de la la\u00efcit\u00e9 2012 et finaliste du Prix Simone de Beauvoir en 2013, est actuellement poursuivie en justice par un \u00e9tablissement scolaire priv\u00e9 portant le nom \u00c9coles musulmanes de Montr\u00e9al (EMMS) pour avoir tenu publiquement des propos soi-disant \u00ab\u00a0anti-coraniques\u00a0\u00bb et \u00ab\u00a0diffamatoires\u00a0\u00bb (comme l\u2019atteste la poursuite) lors d\u2019une entrevue radiophonique au 98,5 FM \u00e0 l\u2019\u00e9mission de Benoit Dutrizac, le 8 f\u00e9vrier 2012, qui donnait suite \u00e0 un article publi\u00e9 sur son blogue du Journal de Montr\u00e9al mettant en cause la dite \u00e9cole. Comme cette \u00e9cole religieuse cr\u00e9\u00e9e en 1985 offre des services en maternelle, au primaire et au secondaire, est subventionn\u00e9e en partie par des deniers publics \u00e0 raison de plus de 400 000 $ par ann\u00e9e, nous consid\u00e9rons qu\u2019il est de notre devoir de nous questionner sur ses agissements ainsi que sur ses m\u00e9thodes d\u2019enseignements et le contenu de ses programmes.<\/p>\n<p>\u00c9tant donn\u00e9 les moyens disproportionn\u00e9s dont dispose cette institution scolaire affili\u00e9e \u00e0 La Mosqu\u00e9e de Montr\u00e9al et au r\u00e9seau Muslim community of Montreal (MCQ) au ramification internationale, il nous appara\u00eet que l\u2019un des objectifs vis\u00e9s par cette poursuite est de plonger madame Benhabib dans une situation inextricable pour l\u2019intimider, lui faire peur, contrarier son engagement et finalement la condamner au silence. Car force est de constater que ni la station radiophonique 98,5FM, ni Le Journal de Montr\u00e9al n\u2019ont \u00e9t\u00e9 vis\u00e9s par la m\u00eame poursuite.<\/p>\n<p>Face \u00e0 cette situation que nous jugeons tr\u00e8s pr\u00e9occupante, nous nous sommes organis\u00e9s en Comit\u00e9 de soutien \u00e0 Djemila Benhabib et nous avons d\u00e9sign\u00e9 comme porte-parole, Louise Mailloux, professeur de philosophie, auteure et militante la\u00efque, f\u00e9ministe et ind\u00e9pendantiste bien connue. A travers cette action, nous voulons apporter \u00e0 Djemila Benhabib notre soutien et lui exprimer aussi l\u2019admiration que nous vouons \u00e0 son engagement constant en faveur de la soci\u00e9t\u00e9 qu\u00e9b\u00e9coise. Nous agirons d\u00e9sormais en qualit\u00e9 de Comit\u00e9 de soutien de Djemila et nous nous engageons \u00e0 recueillir les fonds n\u00e9cessaires pour d\u00e9frayer ses frais juridiques. Par ailleurs, l\u2019organisme \u00e0 but non lucratif, G\u00e9n\u00e9ration nationale, se chargera de coordonner les dons. A pr\u00e9ciser que les noms des donateurs ne seront pas rendu publics.<\/p>\n<p>L\u2019auteure de Ma vie \u00e0 contre-Coran, vous le savez, milite depuis des ann\u00e9es contre l\u2019int\u00e9grisme musulman et d\u00e9nonce ses strat\u00e9gies d\u2019entrisme et ses ambitions h\u00e9g\u00e9moniques aussi bien dans les pays musulmans qu\u2019en Occident. La r\u00e9duire au silence serait une perte consid\u00e9rable pour la libert\u00e9 d\u2019expression.<\/p>\n<p>Puisque le pr\u00e9c\u00e9dent cr\u00e9e le droit, une victoire des accusateurs aurait des cons\u00e9quences tr\u00e8s graves pour l\u2019avenir de notre soci\u00e9t\u00e9, en particulier en ce qui concerne la libert\u00e9 de critiquer les religions. Ces enjeux qui touchent aux libert\u00e9s fondamentales, au syst\u00e8me \u00e9ducatif ou encore \u00e0 l\u2019\u00e9galit\u00e9 entre les femmes et les hommes ou au droit du public \u00e0 \u00eatre inform\u00e9, concernent tout le monde. Ils doivent retenir notre attention, plus encore, \u00eatre d\u00e9battus sur la place publique sans crainte de repr\u00e9sailles de qui que ce soit.<\/p>\n<p>Il est \u00e0 souligner, dans cette affaire que les adversaires de madame Benhabib organisent des rallyes \u00e0 travers des r\u00e9seaux islamiques afin de financer leur cause et ce depuis 2012.<\/p>\n<p>Nous devons faire preuve de solidarit\u00e9 envers madame Benhabib car cette affaire d\u00e9passe sa simple personne. Ce proc\u00e8s est d\u2019abord et avant tout politique et id\u00e9ologique. C\u2019est une femme courageuse, une intellectuelle engag\u00e9e en faveur de la la\u00efcit\u00e9 et des droits des femmes ainsi qu\u2019une farouche opposante \u00e0 l\u2019islam politique que l\u2019on cherche \u00e0 atteindre. C\u2019est pourquoi nous vous invitons \u00e0 soutenir cette campagne en faisant parvenir un don par l\u2019entremise du lien suivant.<\/p>\n<p>Pour faire un don par carte de cr\u00e9dit, cliquez sur le bouton en haut de la page.<\/p>\n<p>Par comptant ou par ch\u00e8que:\u00a0<a href=\"http:\/\/www.prochoix.org\/cgi\/blog\/index.php\/2013\/10\/27\/jesoutiensdjemila.org\" hreflang=\"fr\">jesoutiensdjemila.org<\/a>\u00a0701 rue Thibeau CP 33023 Trois-Rivi\u00e8res, QC G8T 9T8<\/p>\n<p>Par ailleurs, en parcourant l\u2019ensemble des rubriques de ce site Internet, vous pourriez en apprendre davantage sur la poursuite en question.<\/p>\n<p>Merci pour votre solidarit\u00e9\u00a0!<\/p>\n<p>Le Comit\u00e9 de soutien de Djemila<\/p>\n<\/div>\n<p>dimanche 27 octobre 2013<\/p>\n","protected":false},"excerpt":{"rendered":"<p>L\u2019\u00e9crivaine et journaliste Djemila Benhabib, Prix international de la la\u00efcit\u00e9 2012 et finaliste du Prix Simone de Beauvoir en 2013, est actuellement poursuivie en justice par un \u00e9tablissement scolaire priv\u00e9 portant le nom \u00c9coles musulmanes de Montr\u00e9al (EMMS) pour avoir tenu publiquement des propos soi-disant \u00ab\u00a0anti-coraniques\u00a0\u00bb et \u00ab\u00a0diffamatoires\u00a0\u00bb (comme l\u2019atteste la poursuite) lors d\u2019une entrevue &hellip; <a href=\"https:\/\/prochoix.org\/?p=267\" class=\"more-link\">Continuer la lecture de <span class=\"screen-reader-text\">Campagne de soutien \u00e0 Djemila Benhabib<\/span>  <span class=\"meta-nav\">&rarr;<\/span><\/a><\/p>\n","protected":false},"author":1,"featured_media":0,"comment_status":"open","ping_status":"open","sticky":false,"template":"","format":"standard","meta":{"footnotes":""},"categories":[3],"tags":[32,33],"_links":{"self":[{"href":"https:\/\/prochoix.org\/index.php?rest_route=\/wp\/v2\/posts\/267"}],"collection":[{"href":"https:\/\/prochoix.org\/index.php?rest_route=\/wp\/v2\/posts"}],"about":[{"href":"https:\/\/prochoix.org\/index.php?rest_route=\/wp\/v2\/types\/post"}],"author":[{"embeddable":true,"href":"https:\/\/prochoix.org\/index.php?rest_route=\/wp\/v2\/users\/1"}],"replies":[{"embeddable":true,"href":"https:\/\/prochoix.org\/index.php?rest_route=%2Fwp%2Fv2%2Fcomments&post=267"}],"version-history":[{"count":1,"href":"https:\/\/prochoix.org\/index.php?rest_route=\/wp\/v2\/posts\/267\/revisions"}],"predecessor-version":[{"id":268,"href":"https:\/\/prochoix.org\/index.php?rest_route=\/wp\/v2\/posts\/267\/revisions\/268"}],"wp:attachment":[{"href":"https:\/\/prochoix.org\/index.php?rest_route=%2Fwp%2Fv2%2Fmedia&parent=267"}],"wp:term":[{"taxonomy":"category","embeddable":true,"href":"https:\/\/prochoix.org\/index.php?rest_route=%2Fwp%2Fv2%2Fcategories&post=267"},{"taxonomy":"post_tag","embeddable":true,"href":"https:\/\/prochoix.org\/index.php?rest_route=%2Fwp%2Fv2%2Ftags&post=267"}],"curies":[{"name":"wp","href":"https:\/\/api.w.org\/{rel}","templated":true}]}}