{"id":269,"date":"2013-11-06T09:52:51","date_gmt":"2013-11-06T08:52:51","guid":{"rendered":"http:\/\/www.prochoix.org\/wordpress\/?p=269"},"modified":"2014-11-23T09:53:27","modified_gmt":"2014-11-23T08:53:27","slug":"un-mot-de-djemila-benhabib","status":"publish","type":"post","link":"https:\/\/prochoix.org\/?p=269","title":{"rendered":"Un mot de Djemila Benhabib"},"content":{"rendered":"<div class=\"post-content\">\n<p>Cher(e)s ami(e)s<\/p>\n<p>\u00c0 l\u2019\u00e9t\u00e9 2012, j\u2019\u00e9tais en pleine r\u00e9daction de mon troisi\u00e8me ouvrage Des femmes au Printemps en hommage aux femmes tunisiennes et \u00e9gyptiennes paru au Qu\u00e9bec en novembre 2012 ainsi qu\u2019en France et en Alg\u00e9rie, quelques mois plus tard, sous le titre de L\u2019Automne des femmes arabes lorsque j\u2019appris qu\u2019une \u00e9cole musulmane avait eu recours aux services d\u2019un avocat pour m\u2019intenter une poursuite en diffamation en raison de propos que j\u2019avais tenus, en f\u00e9vrier 2012, \u00e0 l\u2019\u00e9mission radiophonique de Beno\u00eet Dutrizac au 98,5 fm.<\/p>\n<p>La journ\u00e9e s\u2019annon\u00e7ait chaude. Elle l\u2019a \u00e9t\u00e9, en effet. Mais certainement pas pour les raisons que j\u2019avais anticip\u00e9es. Je ne sais si c\u2019est l\u2019atmosph\u00e8re du Caire ou de Tunis qui rendait mes doigts moites. Deux villes \u00e9poustouflantes que je venais de quitter apr\u00e8s un s\u00e9jour de quelques semaines. Mon c\u0153ur br\u00fblait d\u2019espoir. Ma t\u00eate tremblait d\u2019inqui\u00e9tude. Une br\u00e8che venait de s\u2019ouvrir. Les murs du temple \u00e9taient d\u00e9sormais \u00e9branl\u00e9s! Je me mettais \u00e0 r\u00eaver, encore une fois, exactement comme en 1988 \u00e0 la naissance du multipartisme en Alg\u00e9rie. C\u2019\u00e9tait, bien entendu, avant l\u2019apparition du Front islamique du salut (FIS) et de ses arm\u00e9es sanguinaires. Comment rester indiff\u00e9rent \u00e0 la br\u00fblure des autres quand au moins une fois dans sa vie on a fr\u00f4l\u00e9 l\u2019enfer?<\/p>\n<p>De retour au Qu\u00e9bec, j\u2019\u00e9tais surtout hant\u00e9e par les visages lumineux de ces r\u00e9sistantes et r\u00e9sistants qui manifestaient nombreux, les mains nues, contre les escadrons de la mort salafistes et de leurs acolytes les Fr\u00e8res musulmans. Ici, j\u2019\u00e9tais loin de ces pr\u00eaches haineux appelant \u00e0 l\u2019assassinat des d\u00e9mocrates jug\u00e9s \u00ab\u00a0trop libres\u00a0\u00bb et des \u00ab\u00a0maudites femmes occidentalis\u00e9es\u00a0\u00bb, de ces mains d\u2019hommes agrippant des bouts de chair et de cette d\u00e9ferlante de voiles noires d\u00e9ambulant dans les rues. Ici, j\u2019\u00e9tais redevenue une femme libre.<\/p>\n<p>Je m\u2019\u00e9tonnais \u00e0 peine d\u2019une telle \u00ab\u00a0contrari\u00e9t\u00e9\u00a0\u00bb. Sans doute, \u00e0 cet instant-l\u00e0, je n\u2019ai pas pris la mesure r\u00e9elle de cette cabale juridique qui s\u2019orchestrait contre moi. Elle me paraissait si d\u00e9risoire comparativement \u00e0 ce souffle de libert\u00e9 qui embrasait le monde arabe. Je crus que le temps de l\u2019immobilisme, de la vie s\u00e8che et des \u00e2mes mortes \u00e9taient d\u00e9sormais d\u00e9pass\u00e9. \u00ab\u00a0Je veux \u00e9crire\u00bb, dis-je au t\u00e9l\u00e9phone \u00e0 un ami volant \u00e0 mon secours pour me prodiguer quelques judicieux conseils. \u00abTu comprends? Il faut que je finisse ce livre, imp\u00e9rativement\u00bb, insistais-je.<\/p>\n<p>Poursuivre mon travail d\u2019\u00e9criture et m\u2019y consacrer enti\u00e8rement \u00e9tait une promesse \u00e0 laquelle je m\u2019accrochais gr\u00e2ce notamment \u00e0 quelques soutiens inattendus qui m\u2019ont permis de r\u00e9agir efficacement, \u00e9touffant ainsi ce sentiment d\u2019injustice qui m\u2019envahissait.<\/p>\n<p>Car moi aussi il m\u2019arrive quelquefois de d\u00e9sesp\u00e9rer de la d\u00e9mission d\u2019une bonne partie de nos \u00e9lites, de leurs omissions calcul\u00e9es, de leur aveuglement obstin\u00e9, de leurs silences trop nombreux, de leur l\u00e2chet\u00e9 d\u00e9complex\u00e9e et de leur grande complaisance face \u00e0 l\u2019islam politique. Un monde endormi dans son confort et bluff\u00e9 par son indiff\u00e9rence est-il en meilleure posture qu\u2019un monde rong\u00e9 par la barbarie?<\/p>\n<p>Mon c\u0153ur s\u2019est remis \u00e0 battre de joie. Et il battait de plus en plus fort au fur et \u00e0 mesure que ma plume s\u2019abandonnait. Les mots faisaient tant de bruit en moi. Mais ils \u00e9taient en m\u00eame temps si peu de choses. Et puis Des femmes au Printemps a remport\u00e9 le Prix G\u00e9rald Godin d\u00e9cern\u00e9 par la Ville de Trois-Rivi\u00e8res! C\u2019\u00e9tait en mai dernier. Mon nom d\u00e9sormais li\u00e9 \u00e0 celui d\u2019un g\u00e9ant, quel ravissement! Quelques mois auparavant, une autre ville m\u2019accueillait, celle de Paris, pour me d\u00e9cerner une autre distinction, le Prix international de la la\u00efcit\u00e9. C\u2019\u00e9tait le nirv\u00e2na\u2026version la\u00efque, bien entendu!<\/p>\n<p>Qu\u2019ajouterais-je \u00e0 tous ces \u00e9v\u00e9nements? Sinon que je ne cherche \u00e0 convaincre personne de la justesse de mes propos pour lesquels on me poursuit. Chacun est en mesure de se faire une id\u00e9e sur le bien-fond\u00e9 de cette cause. Une chose est s\u00fbre, jamais je n\u2019accepterai de faire silence sur une terreur dont je connais les moindres contours, les ambitions liberticides et les strat\u00e9gies diaboliques.<\/p>\n<p>Cela fait plus d\u2019un an que \u00e7a dure et \u00e7a peut durer pendant longtemps encore. Je le sais. J\u2019avoue, certains jours ont \u00e9t\u00e9 plus difficiles que d\u2019autres, certaines nuits trop br\u00e8ves. Quelques projets ont malheureusement \u00e9t\u00e9 renvoy\u00e9s aux calendes grecques. D\u2019autres, par ailleurs, ont abouti parmi lesquels un s\u00e9jour en Afghanistan l\u2019\u00e9t\u00e9 dernier qui se conclura par un r\u00e9cit dans ce coin du monde des ombres bleues grillag\u00e9es.<\/p>\n<p>Dans cette \u00e9preuve, j\u2019ai toujours \u00e9t\u00e9 soutenue et accompagn\u00e9e d\u2019une fa\u00e7on formidable par mon compagnon, Gilles Toupin, mes parents, Kety et Fewzi, ma famille, mes avocats, mes \u00e9diteurs, mes nombreux amis et tant de personnes anonymes qui me t\u00e9moignent leur soutien. J\u2019ai des raisons d\u2019esp\u00e9rer! Car mon engagement me lie \u00e0 chacun d\u2019entre vous et puise ses racines dans une m\u00eame communaut\u00e9 de destins. Celle d\u2019une humanit\u00e9 en mouvement d\u00e9barrass\u00e9e des carcans ethniques et religieux. Ma communaut\u00e9, c\u2019est l\u2019humanit\u00e9 toute enti\u00e8re. Ma religion, ce sont Les lumi\u00e8res. C\u2019est gr\u00e2ce \u00e0 vous toutes et tous que j\u2019ai pu garder la t\u00eate hors de l\u2019eau, avancer dignement, continuer co\u00fbte que co\u00fbte sur ce si long chemin.<\/p>\n<p>\u00c0 vous toutes et tous je dis merci du plus profond de mon \u00eatre. \u00c0 vous toutes et tous qui, inlassablement, jour apr\u00e8s jour, continuer de me gratifier de votre solidarit\u00e9, une solidarit\u00e9 qui prend mille et un visages, je dis merci encore et toujours! Surtout, soyez les t\u00e9moins bruyants de votre \u00e9poque!<\/p>\n<p>Quant \u00e0 moi, rien ni personne ne me fera taire. Je ne connais ni la peur ni la fuite. Je reste convaincue qu\u2019il n\u2019est pas moins urgent, aujourd\u2019hui qu\u2019il y a trois si\u00e8cles, de lutter contre les tentations obscurantistes, la bigoterie, la censure et le fanatisme. Les d\u00e9fis de ce d\u00e9but de si\u00e8cle nous imposent une lucidit\u00e9 et un engagement encore plus grands que par le pass\u00e9. Merci encore\u00a0!<\/p>\n<p>\u00c0 tr\u00e8s bient\u00f4t!<\/p>\n<p>Djemila B.<\/p>\n<p><a href=\"http:\/\/jesoutiensdjemila.org\/index.php\/un-mot-de-djemila-benhabib\/\" hreflang=\"fr\">http:\/\/jesoutiensdjemila.org\/index.php\/un-mot-de-djemila-benhabib\/<\/a><\/p>\n<\/div>\n<p>mercredi 6 novembre 2013<\/p>\n","protected":false},"excerpt":{"rendered":"<p>Cher(e)s ami(e)s \u00c0 l\u2019\u00e9t\u00e9 2012, j\u2019\u00e9tais en pleine r\u00e9daction de mon troisi\u00e8me ouvrage Des femmes au Printemps en hommage aux femmes tunisiennes et \u00e9gyptiennes paru au Qu\u00e9bec en novembre 2012 ainsi qu\u2019en France et en Alg\u00e9rie, quelques mois plus tard, sous le titre de L\u2019Automne des femmes arabes lorsque j\u2019appris qu\u2019une \u00e9cole musulmane avait eu &hellip; <a href=\"https:\/\/prochoix.org\/?p=269\" class=\"more-link\">Continuer la lecture de <span class=\"screen-reader-text\">Un mot de Djemila Benhabib<\/span>  <span class=\"meta-nav\">&rarr;<\/span><\/a><\/p>\n","protected":false},"author":1,"featured_media":0,"comment_status":"open","ping_status":"open","sticky":false,"template":"","format":"standard","meta":{"footnotes":""},"categories":[7],"tags":[],"_links":{"self":[{"href":"https:\/\/prochoix.org\/index.php?rest_route=\/wp\/v2\/posts\/269"}],"collection":[{"href":"https:\/\/prochoix.org\/index.php?rest_route=\/wp\/v2\/posts"}],"about":[{"href":"https:\/\/prochoix.org\/index.php?rest_route=\/wp\/v2\/types\/post"}],"author":[{"embeddable":true,"href":"https:\/\/prochoix.org\/index.php?rest_route=\/wp\/v2\/users\/1"}],"replies":[{"embeddable":true,"href":"https:\/\/prochoix.org\/index.php?rest_route=%2Fwp%2Fv2%2Fcomments&post=269"}],"version-history":[{"count":1,"href":"https:\/\/prochoix.org\/index.php?rest_route=\/wp\/v2\/posts\/269\/revisions"}],"predecessor-version":[{"id":270,"href":"https:\/\/prochoix.org\/index.php?rest_route=\/wp\/v2\/posts\/269\/revisions\/270"}],"wp:attachment":[{"href":"https:\/\/prochoix.org\/index.php?rest_route=%2Fwp%2Fv2%2Fmedia&parent=269"}],"wp:term":[{"taxonomy":"category","embeddable":true,"href":"https:\/\/prochoix.org\/index.php?rest_route=%2Fwp%2Fv2%2Fcategories&post=269"},{"taxonomy":"post_tag","embeddable":true,"href":"https:\/\/prochoix.org\/index.php?rest_route=%2Fwp%2Fv2%2Ftags&post=269"}],"curies":[{"name":"wp","href":"https:\/\/api.w.org\/{rel}","templated":true}]}}