{"id":271,"date":"2013-11-26T09:53:32","date_gmt":"2013-11-26T08:53:32","guid":{"rendered":"http:\/\/www.prochoix.org\/wordpress\/?p=271"},"modified":"2014-11-23T09:53:56","modified_gmt":"2014-11-23T08:53:56","slug":"la-contre-marche-brigitte-stora","status":"publish","type":"post","link":"https:\/\/prochoix.org\/?p=271","title":{"rendered":"La contre marche (Brigitte Stora)"},"content":{"rendered":"<div class=\"post-content\">\n<p>\u00ab\u00a0Je n\u2019ai pas fait un film sur la marche de Beurs mais un film sur la marche pour l\u2019\u00e9galit\u00e9 et contre le racisme\u00a0\u00bb, ainsi s\u2019exprimait le cin\u00e9aste Nabil Ben Yandir, r\u00e9alisateur du film La Marche. Lors d\u2019une avant premi\u00e8re au mus\u00e9e de l\u2019immigration. Ce beau film g\u00e9n\u00e9reux reconstitue l\u2019itin\u00e9raire de ces jeunes marcheurs qui travers\u00e8rent la France puis furent accueillis \u00e0 Paris par plus de 100 000 personnes. Les jeunes g\u00e9n\u00e9rations y d\u00e9couvriront la formidable solidarit\u00e9 qui a uni les marcheurs et leurs soutiens tout au long d\u2019un parcours difficile puis la joie et la dignit\u00e9 d\u2019une gigantesque manifestation qui accueillit leur arriv\u00e9e \u00e0 Paris.<\/p>\n<p>Le mot beur que r\u00e9fute Nabil ben Yandir fut surtout une invention des m\u00e9dias, r\u00e9ductrice, puisqu\u2019elle ne concernait que les jeunes issus de l\u2019immigration maghr\u00e9bine, elle ne fut que rarement utilis\u00e9e par les int\u00e9ress\u00e9s, c\u2019est pourtant le mot et l\u2019on en comprendra l\u2019intention, du titre du documentaire de Samia Chala \u2026 chronique des ann\u00e9es beurs.<\/p>\n<p>Diffus\u00e9 sur la chaine parlementaire et relay\u00e9 par la plupart des m\u00e9dias, ce documentaire pr\u00e9tend nous raconter l\u2019envers du d\u00e9cor, nous ouvrir les yeux (1). Les vrais marcheurs vont-ils parler\u00a0? Azouz Begag ouvre le documentaire sur un constat d\u2019\u00e9chec. \u00ab\u00a0Les jeunes n\u2019ont jamais entendu parler de ce que nous avons fait\u00a0\u00bb. Le \u00ab\u00a0nous\u00a0\u00bb est appuy\u00e9, on esp\u00e8re une explication sur ce \u00ab\u00a0d\u00e9faut de transmission\u00a0\u00bb de la part des porteurs de m\u00e9moires, h\u00e9las ce documentaire, essentiellement \u00e0 charge, n\u2019abordera jamais la question. Passons sur le fait que la plupart des interrog\u00e9s n\u2019ont jamais fait la marche. Apr\u00e8s tout un mouvement n\u2019appartient jamais \u00e0 ceux qui l\u2019ont initi\u00e9 mais sans doute encore moins \u00e0 ceux qui l\u2019ont ignor\u00e9 voire combattu. Le discours, pourtant l\u00e9gitime, sur la r\u00e9cup\u00e9ration politique et la non prise en compte des jeune issus de l\u2019immigration, ne manque pas de saveur dans la bouche d\u2019Azouz Begag, ancien ministre d\u2019un gouvernement de droite ou dans celle de Djida Tazda\u00eft ancienne d\u00e9put\u00e9e europ\u00e9enne chez les Verts d\u00e9sormais candidate du Modem\u2026 Si Magyd Cherfi du groupe Zebda reconna\u00eet la place que ces jeunes d\u2019origine maghr\u00e9bine ont fini par occuper dans le champs culturel, ses propos sur la nationalit\u00e9 fran\u00e7aise v\u00e9cue \u00ab\u00a0comme un coup de poignard dans le dos de son p\u00e8re\u00a0\u00bb laissent r\u00eaveur, on aurait esp\u00e9r\u00e9 plus de fraternit\u00e9 de la part de celui qui fit danser la France enti\u00e8re avec \u00ab\u00a0tomber la chemise\u00a0\u00bb. Mais tout cela ne serait rien sans l\u2019explication de \u00ab\u00a0comment les \u00ab\u00a0Beurs\u00a0\u00bb se sont fait avoir\u00a0\u00bb. Cette explication, dans la droite ligne des discours conspirationnistes, c\u2019est Farida Belghoul qui la porte. Mme Belghoul ne fut pas une marcheuse, ancienne militante de l\u2019Union des \u00e9tudiants communistes, elle initia la marche de Convergence 84. Devenue proche des islamistes, cette derni\u00e8re s\u2019affiche d\u00e9sormais aux c\u00f4t\u00e9s d\u2019Alain Soral et c\u2019est sur un ton sentencieux qu\u2019elle \u00e9nonce que la \u00ab\u00a0cr\u00e9ation de SOS racisme ne correspondait pas aux int\u00e9r\u00eats de la France \u2026\u00a0\u00bb<\/p>\n<p><strong>A ce stade il faut peut-\u00eatre quelques rep\u00e8res.<\/strong><\/p>\n<p>Apr\u00e8s la marche de 83 n\u2019eut pas de traduction politique, en juillet 1984 eurent lieu les Assises de Lyon\u00a0: des d\u00e9bats houleux avec d\u2019un c\u00f4t\u00e9, les \u00abcommunautaires\u00bb, partisans du \u00ablobby beur\u00bb, de l\u2019autre, ceux qui consid\u00e8rent que \u00abLa France, c\u2019est comme une mobylette, pour avancer il lui faut du m\u00e9lange\u00bb\u2026 Ces derniers seront \u00e0 l\u2019origine de l\u2019initiative Convergence 84. Le 6 d\u00e9cembre 1984, plus de 30 000\u00a0; jeunes pour la plupart accueillent les rouleurs. Mais c\u2019est aussi ce jour-l\u00e0 que la principale initiatrice de Convergence et h\u00e9ro\u00efne du doc prononce un discours o\u00f9 il est question de \u00ab\u00a0faire du beur \u00e0 l\u2019envers un Arabe \u00e0 l\u2019endroit\u00a0\u00bb o\u00f9 les \u00ab\u00a0fachos, gauchos, cathos\u00a0\u00bb sont mis dans le m\u00eame sac o\u00f9 il n\u2019est plus question de s\u2019adresser aux \u00ab\u00a0convaincus\u00a0\u00bb que sont les antiracistes. Ce discours ne m\u00e9ritait sans doute pas d\u2019entrer dans l\u2019histoire mais il offrit un vide et c\u2019est sur ce vide que va se cr\u00e9er SOS racisme. Le projet des fondateurs de SOS Racisme se veut large et consensuel. Face \u00e0 la mont\u00e9e du Front national, il s\u2019agit pour eux d\u2019avantage d\u2019affirmer des valeurs que des revendications, concerts g\u00e9ants, parrainages nombreux, SOS r\u00e9unira en juin 85 quelque 300 000 personnes \u00e0 la Concorde.<\/p>\n<p>On peut partager bien des choses qui sont dites dans ce doc. Car si la France de 2013 ne ressemble plus \u00e0 celle de 83, 30 ans apr\u00e8s le constat reste mitig\u00e9. Les jeunes issus de l\u2019immigration se sont largement int\u00e9gr\u00e9s, des musiciens, chanteurs, com\u00e9diens, sportifs et autres font d\u00e9sormais partie du paysage hexagonal et sont r\u00e9guli\u00e8rement cit\u00e9s comme personnalit\u00e9 pr\u00e9f\u00e9r\u00e9es des fran\u00e7ais. La politique, toujours en retard, a fini elle aussi par leur faire une place. Moins m\u00e9diatis\u00e9s et plus nombreux sont ceux qui, issus de parents ouvriers ont int\u00e9gr\u00e9 les grandes \u00e9coles, sont devenus chercheurs, avocats, enseignants. Pourtant les probl\u00e8mes demeurent\u00a0; dans les cit\u00e9s la drogue et son cort\u00e8ge de violence et de mort n\u2019en finit pas de miner l\u2019espoir et le vivre ensemble, les ann\u00e9es sida ont d\u00e9cim\u00e9 les rangs de nombreux acteurs de la vie associative. La mixit\u00e9 ethnique plus visible aujourd\u2019hui qu\u2019hier sur la sc\u00e8ne publique a pourtant presque disparu de certains quartiers rel\u00e9gu\u00e9s o\u00f9 l\u2019absence de perspective et le taux de ch\u00f4mage atteignent des niveaux in\u00e9gal\u00e9s. Le repli sur soi et la perte de certaines valeurs ont form\u00e9 un terreau favorable aux discours de haine que les islamistes utilisent \u00e0 leur fin. Tout cela aurait pu \u00eatre abord\u00e9 voire \u00e9clair\u00e9 par des sociologues et des historiens loin du \u00ab\u00a0complot sioniste\u00a0\u00bb qui sert d\u2019explication au monde et que reprend \u00e0 son compte Farida Belghoul aux c\u00f4t\u00e9s d\u2019Alain Soral qu\u2019elle a r\u00e9cemment rejoint. L\u00e9gitimer A. Soral et son site \u00ab\u00a0Egalit\u00e9 et r\u00e9conciliation\u00a0\u00bb aux yeux de l\u2019immigration et de ses h\u00e9ritiers constitue \u00e0 la fois une faute morale et politique. F. Belghoul est inexcusable. C\u2019est Houria Boutelja patronne des indig\u00e8nes de la r\u00e9publique qui l\u2019\u00e9crit\u2026 A l\u2019heure du repli sur soi, de la haine de l\u2019Autre qui s\u2019exprime \u00e7\u00e0 et l\u00e0, \u00e0 l\u2019heure o\u00f9 des insultes racistes qu\u2019on croyait d\u2019un autre \u00e2ge s\u2019expriment ouvertement, \u00e0 l\u2019heure aussi o\u00f9 des enfants dans ce pays ont \u00e9t\u00e9 assassin\u00e9s, peut-on encore laisser diffuser cette petite musique sur la chaine parlementaire \u00e0 une heure de grande \u00e9coute\u00a0? Peut-on promouvoir sans aucune responsabilit\u00e9 les marchands de haine\u00a0? 30 ans apr\u00e8s la marche, est-ce de cela que notre pays a besoin\u00a0?<\/p>\n<p><strong>Brigitte Stora<\/strong><\/p>\n<p>(1) M\u00e9diapart De la trahison des \u00abBeurs\u00bb: retour sur une marche r\u00e9cup\u00e9r\u00e9e 18 NOVEMBRE 2013 | PAR ANTOINE PERRAUD Voil\u00e0 30 ans, ils d\u00e9filaient pour l&rsquo;\u00e9galit\u00e9 et contre le racisme. Ils ne trouv\u00e8rent que paternalisme et faux-fuyants de la part d&rsquo;une gauche moralisante, prompte \u00e0 transformer la politique en spectacle. Un documentaire nous ouvre les yeux sur ce jeu de dupes, dont les Fran\u00e7ais issus de l&rsquo;immigration ne cessent de faire les frais&#8230;<\/p>\n<p>\u00ab\u00a0il fallait lire, naturellement \u00ab\u00a0Lettre aux Cons Vaincus\u00a0\u00bb \u2013 le texte d\u00e9non\u00e7ait les \u00ab\u00a0faux anti-racistes\u00a0\u00bb. Alors qu\u2019en tout \u00e9tat de cause, il s\u2019agissait d\u2019alli\u00e9s dans la lutte anti-raciste\u00a0\u00bb, Albano Cordeiro, membre de la Coordination nationale de Convergence 84 pour l\u2019\u00c9galit\u00e9.<\/p>\n<\/div>\n<p>mardi 26 novembre 2013<\/p>\n","protected":false},"excerpt":{"rendered":"<p>\u00ab\u00a0Je n\u2019ai pas fait un film sur la marche de Beurs mais un film sur la marche pour l\u2019\u00e9galit\u00e9 et contre le racisme\u00a0\u00bb, ainsi s\u2019exprimait le cin\u00e9aste Nabil Ben Yandir, r\u00e9alisateur du film La Marche. Lors d\u2019une avant premi\u00e8re au mus\u00e9e de l\u2019immigration. Ce beau film g\u00e9n\u00e9reux reconstitue l\u2019itin\u00e9raire de ces jeunes marcheurs qui travers\u00e8rent &hellip; <a href=\"https:\/\/prochoix.org\/?p=271\" class=\"more-link\">Continuer la lecture de <span class=\"screen-reader-text\">La contre marche (Brigitte Stora)<\/span>  <span class=\"meta-nav\">&rarr;<\/span><\/a><\/p>\n","protected":false},"author":1,"featured_media":0,"comment_status":"open","ping_status":"open","sticky":false,"template":"","format":"standard","meta":{"footnotes":""},"categories":[7],"tags":[],"_links":{"self":[{"href":"https:\/\/prochoix.org\/index.php?rest_route=\/wp\/v2\/posts\/271"}],"collection":[{"href":"https:\/\/prochoix.org\/index.php?rest_route=\/wp\/v2\/posts"}],"about":[{"href":"https:\/\/prochoix.org\/index.php?rest_route=\/wp\/v2\/types\/post"}],"author":[{"embeddable":true,"href":"https:\/\/prochoix.org\/index.php?rest_route=\/wp\/v2\/users\/1"}],"replies":[{"embeddable":true,"href":"https:\/\/prochoix.org\/index.php?rest_route=%2Fwp%2Fv2%2Fcomments&post=271"}],"version-history":[{"count":1,"href":"https:\/\/prochoix.org\/index.php?rest_route=\/wp\/v2\/posts\/271\/revisions"}],"predecessor-version":[{"id":272,"href":"https:\/\/prochoix.org\/index.php?rest_route=\/wp\/v2\/posts\/271\/revisions\/272"}],"wp:attachment":[{"href":"https:\/\/prochoix.org\/index.php?rest_route=%2Fwp%2Fv2%2Fmedia&parent=271"}],"wp:term":[{"taxonomy":"category","embeddable":true,"href":"https:\/\/prochoix.org\/index.php?rest_route=%2Fwp%2Fv2%2Fcategories&post=271"},{"taxonomy":"post_tag","embeddable":true,"href":"https:\/\/prochoix.org\/index.php?rest_route=%2Fwp%2Fv2%2Ftags&post=271"}],"curies":[{"name":"wp","href":"https:\/\/api.w.org\/{rel}","templated":true}]}}