{"id":273,"date":"2013-11-30T09:54:07","date_gmt":"2013-11-30T08:54:07","guid":{"rendered":"http:\/\/www.prochoix.org\/wordpress\/?p=273"},"modified":"2014-11-23T09:54:38","modified_gmt":"2014-11-23T08:54:38","slug":"pakistan-younis-masih-enfin-libre","status":"publish","type":"post","link":"https:\/\/prochoix.org\/?p=273","title":{"rendered":"Pakistan : Younis Masih enfin libre"},"content":{"rendered":"<div class=\"post-content\">\n<p>Younis Masih, avait \u00e9t\u00e9 emprisonn\u00e9 en septembre 2005 pour blasph\u00e8me contre le proph\u00e8te Mahomet. Un blasph\u00e8me qu&rsquo;il a toujours ni\u00e9.<\/p>\n<p>Le 30 mai 2007 il avait \u00e9t\u00e9 condamn\u00e9 \u00e0 mort par un tribunal de premi\u00e8re instance \u00e0 Lahore.<\/p>\n<p>Suite \u00e0 une forte mobilisation internationale, un nouveau proc\u00e8s \u00e0 eu lieu en septembre 2012 qui a abouti \u00e0 sa lib\u00e9ration le 10 novembre dernier. Apr\u00e8s 8 ans de prison. Pour \u00e9viter de d\u00e9clencher des manifestations, sa remise en libert\u00e9 n&rsquo;\u00e9 \u00e9t\u00e9 connue qu&rsquo;aujourd&rsquo;hui. En prison, il a du subir plusieurs agressions. Il a eu un incident cardiaque en janvier. Il a d\u00e9j\u00e0 re\u00e7u plusieurs lettres de menaces.<\/p>\n<p>40 chr\u00e9tiens sont en prison au Pakistan pour blasph\u00e8me. Plusieurs centaines d&rsquo;Ahmadi sont en prison au Pakistan pour blasph\u00e8me. M\u00eame si au Pakistan de nombreuses associations et personnalit\u00e9s (y compris des conservateurs religieux) essayent de remettre en cause les lois contre le blasph\u00e8me, le Pakistan continue dans les instances internationales \u00e0 plaider pour la reconnaissance de la diffamation des religions.<\/p>\n<\/div>\n<p>samedi 30 novembre 2013<\/p>\n","protected":false},"excerpt":{"rendered":"<p>Younis Masih, avait \u00e9t\u00e9 emprisonn\u00e9 en septembre 2005 pour blasph\u00e8me contre le proph\u00e8te Mahomet. Un blasph\u00e8me qu&rsquo;il a toujours ni\u00e9. Le 30 mai 2007 il avait \u00e9t\u00e9 condamn\u00e9 \u00e0 mort par un tribunal de premi\u00e8re instance \u00e0 Lahore. Suite \u00e0 une forte mobilisation internationale, un nouveau proc\u00e8s \u00e0 eu lieu en septembre 2012 qui a &hellip; <a href=\"https:\/\/prochoix.org\/?p=273\" class=\"more-link\">Continuer la lecture de <span class=\"screen-reader-text\">Pakistan : Younis Masih enfin libre<\/span>  <span class=\"meta-nav\">&rarr;<\/span><\/a><\/p>\n","protected":false},"author":1,"featured_media":0,"comment_status":"open","ping_status":"open","sticky":false,"template":"","format":"standard","meta":{"footnotes":""},"categories":[17],"tags":[],"_links":{"self":[{"href":"https:\/\/prochoix.org\/index.php?rest_route=\/wp\/v2\/posts\/273"}],"collection":[{"href":"https:\/\/prochoix.org\/index.php?rest_route=\/wp\/v2\/posts"}],"about":[{"href":"https:\/\/prochoix.org\/index.php?rest_route=\/wp\/v2\/types\/post"}],"author":[{"embeddable":true,"href":"https:\/\/prochoix.org\/index.php?rest_route=\/wp\/v2\/users\/1"}],"replies":[{"embeddable":true,"href":"https:\/\/prochoix.org\/index.php?rest_route=%2Fwp%2Fv2%2Fcomments&post=273"}],"version-history":[{"count":1,"href":"https:\/\/prochoix.org\/index.php?rest_route=\/wp\/v2\/posts\/273\/revisions"}],"predecessor-version":[{"id":274,"href":"https:\/\/prochoix.org\/index.php?rest_route=\/wp\/v2\/posts\/273\/revisions\/274"}],"wp:attachment":[{"href":"https:\/\/prochoix.org\/index.php?rest_route=%2Fwp%2Fv2%2Fmedia&parent=273"}],"wp:term":[{"taxonomy":"category","embeddable":true,"href":"https:\/\/prochoix.org\/index.php?rest_route=%2Fwp%2Fv2%2Fcategories&post=273"},{"taxonomy":"post_tag","embeddable":true,"href":"https:\/\/prochoix.org\/index.php?rest_route=%2Fwp%2Fv2%2Ftags&post=273"}],"curies":[{"name":"wp","href":"https:\/\/api.w.org\/{rel}","templated":true}]}}