{"id":275,"date":"2013-12-02T09:54:49","date_gmt":"2013-12-02T08:54:49","guid":{"rendered":"http:\/\/www.prochoix.org\/wordpress\/?p=275"},"modified":"2014-11-23T09:55:24","modified_gmt":"2014-11-23T08:55:24","slug":"serge-michelini-candidat-fn-a-bayeux-aurait-tenu-des-propos-anti-arabes","status":"publish","type":"post","link":"https:\/\/prochoix.org\/?p=275","title":{"rendered":"Serge Michelini candidat FN \u00e0 Bayeux aurait tenu des propos anti-arabes"},"content":{"rendered":"<div class=\"post-content\">\n<p>Selon\u00a0<a href=\"http:\/\/www.lamanchelibre.fr\/bayeux\/actualite-47694-bayeux-soupcons-islamophobes-pour-candidat-front-national.html\" hreflang=\"fr\">La Manche Libre<\/a>, et\u00a0<a href=\"http:\/\/basse-normandie.france3.fr\/2013\/12\/02\/municipales-bayeux-le-candidat-fn-soupconne-d-islamophobie-369233.html\" hreflang=\"fr\">France 3<\/a>, Serge Michelini candidat FN \u00e0 Bayeux aurait \u00e0 plusieurs reprise tenu des propos anti-arabes.\u00a0: \u00ab\u00a0un arabe nait en france nset pas un francais c un arabe&#8230;.une voiture francaise fait en rouamnie reste une voiture francaise\u00a0\u00bb<\/p>\n<p>Le Fn n&rsquo;a pour l&rsquo;instant pris aucune sanction, convaincu par l&rsquo;explication du candidat dont les comptes auraient \u00e9t\u00e9 pirat\u00e9s.<\/p>\n<p>Voir aussi\u00a0:\u00a0<a href=\"http:\/\/carolinefourest.wordpress.com\/2013\/02\/19\/les-enrages-de-lidentite\/\" hreflang=\"fr\">Les enrag\u00e9s de l&rsquo;identit\u00e9<\/a>, un film de Caroline Fourest<\/p>\n<\/div>\n<p>lundi 2 d\u00e9cembre 2013<\/p>\n","protected":false},"excerpt":{"rendered":"<p>Selon\u00a0La Manche Libre, et\u00a0France 3, Serge Michelini candidat FN \u00e0 Bayeux aurait \u00e0 plusieurs reprise tenu des propos anti-arabes.\u00a0: \u00ab\u00a0un arabe nait en france nset pas un francais c un arabe&#8230;.une voiture francaise fait en rouamnie reste une voiture francaise\u00a0\u00bb Le Fn n&rsquo;a pour l&rsquo;instant pris aucune sanction, convaincu par l&rsquo;explication du candidat dont les &hellip; <a href=\"https:\/\/prochoix.org\/?p=275\" class=\"more-link\">Continuer la lecture de <span class=\"screen-reader-text\">Serge Michelini candidat FN \u00e0 Bayeux aurait tenu des propos anti-arabes<\/span>  <span class=\"meta-nav\">&rarr;<\/span><\/a><\/p>\n","protected":false},"author":1,"featured_media":0,"comment_status":"open","ping_status":"open","sticky":false,"template":"","format":"standard","meta":{"footnotes":""},"categories":[8],"tags":[],"_links":{"self":[{"href":"https:\/\/prochoix.org\/index.php?rest_route=\/wp\/v2\/posts\/275"}],"collection":[{"href":"https:\/\/prochoix.org\/index.php?rest_route=\/wp\/v2\/posts"}],"about":[{"href":"https:\/\/prochoix.org\/index.php?rest_route=\/wp\/v2\/types\/post"}],"author":[{"embeddable":true,"href":"https:\/\/prochoix.org\/index.php?rest_route=\/wp\/v2\/users\/1"}],"replies":[{"embeddable":true,"href":"https:\/\/prochoix.org\/index.php?rest_route=%2Fwp%2Fv2%2Fcomments&post=275"}],"version-history":[{"count":1,"href":"https:\/\/prochoix.org\/index.php?rest_route=\/wp\/v2\/posts\/275\/revisions"}],"predecessor-version":[{"id":276,"href":"https:\/\/prochoix.org\/index.php?rest_route=\/wp\/v2\/posts\/275\/revisions\/276"}],"wp:attachment":[{"href":"https:\/\/prochoix.org\/index.php?rest_route=%2Fwp%2Fv2%2Fmedia&parent=275"}],"wp:term":[{"taxonomy":"category","embeddable":true,"href":"https:\/\/prochoix.org\/index.php?rest_route=%2Fwp%2Fv2%2Fcategories&post=275"},{"taxonomy":"post_tag","embeddable":true,"href":"https:\/\/prochoix.org\/index.php?rest_route=%2Fwp%2Fv2%2Ftags&post=275"}],"curies":[{"name":"wp","href":"https:\/\/api.w.org\/{rel}","templated":true}]}}