{"id":277,"date":"2013-12-13T09:55:32","date_gmt":"2013-12-13T08:55:32","guid":{"rendered":"http:\/\/www.prochoix.org\/wordpress\/?p=277"},"modified":"2014-11-23T09:56:05","modified_gmt":"2014-11-23T08:56:05","slug":"30e-anniversaire-de-la-ratification-du-cedaw","status":"publish","type":"post","link":"https:\/\/prochoix.org\/?p=277","title":{"rendered":"30e anniversaire de la ratification du Cedaw"},"content":{"rendered":"<div class=\"post-content\">\n<p>A l&rsquo;initiative du minist\u00e8re des Droits des femmes et de la d\u00e9l\u00e9gation aux Droits des femmes de l&rsquo;Assembl\u00e9e nationale, une comm\u00e9moration sera organis\u00e9e<\/p>\n<p>mardi 17 d\u00e9cembre 2013 \u00e0 16h30 \u00e0 l&rsquo;Assembl\u00e9e nationale (salle Colbert),<\/p>\n<pre><\/pre>\n<p>en pr\u00e9sence de Nicole AMELINE, pr\u00e9sidente du Comit\u00e9 pour l\u2019\u00e9limination des discriminations contre les femmes.<\/p>\n<pre><\/pre>\n<p>Programme du 30e anniversaire de la ratification par la France de la Convention sur l\u2019\u00e9limination de toutes les formes de discrimination contre les femmes Mardi 17 d\u00e9cembre 2013 \u2013 16h30<\/p>\n<p>16h15 Accueil des participant-e-s<br \/>\n16h30 Ouverture<br \/>\n\u00b7 Catherine COUTELLE, pr\u00e9sidente de la d\u00e9l\u00e9gation des Droits des femmes de l\u2019Assembl\u00e9e nationale<br \/>\n\u00b7 Nicole AMELINE, pr\u00e9sidente du Comit\u00e9 pour l\u2019\u00e9limination de la discrimination contre les femmes<br \/>\n16h45 T\u00e9moignage de Fran\u00e7oise GASPARD, historienne, sociologue, experte internationale sur les droits des femmes<br \/>\n16h50 Les coulisses de la CEDEF<br \/>\n\u00b7 Nicole AMELINE, pr\u00e9sidente du Comit\u00e9 pour l\u2019\u00e9limination de la discrimination contre les femmes<br \/>\n\u00b7 Christine LAZERGES, pr\u00e9sidente de la Commission nationale consultative pour les droits de l\u2019Homme<br \/>\n\u00b7 Annie SUGIER, pr\u00e9sidente de la Ligue du droit international des femmes, membre de la Clef<br \/>\n\u00b7 Naela GABR, experte \u00e9gyptienne du Comit\u00e9 pour l\u2019\u00e9limination de la discrimination contre les femmes<br \/>\n\u00b7 Patrizianna SPARACINO-THIELLAY, ambassadrice pour les Droits de l\u2019Homme<br \/>\n17h25 Intervention de Souhayr BELHASSEN, pr\u00e9sidente d\u2019honneur de la FIDH, membre fondatrice de la campagne \u00ab&amp;#8201;\u00e9galit\u00e9 sans r\u00e9serve&amp;#8201;\u00bb<br \/>\n17h30 Les d\u00e9fis de la CEDEF<br \/>\n\u00b7 Catherine COUTELLE, pr\u00e9sidente de la d\u00e9l\u00e9gation des Droits des femmes, Assembl\u00e9e nationale<br \/>\n\u00b7 Kareen JABRE, cheffe du programme Femmes en politique, Union interparlementaire<br \/>\n\u00b7 Reine ALAPINI-GANSOU, rapporteuse sp\u00e9ciale, Commission africaine des droits de l\u2019Homme et des peuples<br \/>\n\u00b7 Diane ROMAN, enseignante-chercheuse, co-directrice de REGINE<br \/>\n\u00b7 Shoukria HAIDAR, pr\u00e9sidente de Negar \u2014 Soutien aux femmes d\u2019Afghanistan<br \/>\n18h00 Conclusion<br \/>\n\u00b7 Christiane FERAL-SCHUHL, b\u00e2tonnier du Barreau de Paris, membre du HCE-fh<br \/>\n\u00b7 Najat VALLAUD-BELKACEM, ministre des Droits des femmes, porte-parole du Gouvernement<\/p>\n<\/div>\n<p>vendredi 13 d\u00e9cembre 2013<\/p>\n","protected":false},"excerpt":{"rendered":"<p>A l&rsquo;initiative du minist\u00e8re des Droits des femmes et de la d\u00e9l\u00e9gation aux Droits des femmes de l&rsquo;Assembl\u00e9e nationale, une comm\u00e9moration sera organis\u00e9e mardi 17 d\u00e9cembre 2013 \u00e0 16h30 \u00e0 l&rsquo;Assembl\u00e9e nationale (salle Colbert), en pr\u00e9sence de Nicole AMELINE, pr\u00e9sidente du Comit\u00e9 pour l\u2019\u00e9limination des discriminations contre les femmes. Programme du 30e anniversaire de la &hellip; <a href=\"https:\/\/prochoix.org\/?p=277\" class=\"more-link\">Continuer la lecture de <span class=\"screen-reader-text\">30e anniversaire de la ratification du Cedaw<\/span>  <span class=\"meta-nav\">&rarr;<\/span><\/a><\/p>\n","protected":false},"author":1,"featured_media":0,"comment_status":"open","ping_status":"open","sticky":false,"template":"","format":"standard","meta":{"footnotes":""},"categories":[14],"tags":[],"_links":{"self":[{"href":"https:\/\/prochoix.org\/index.php?rest_route=\/wp\/v2\/posts\/277"}],"collection":[{"href":"https:\/\/prochoix.org\/index.php?rest_route=\/wp\/v2\/posts"}],"about":[{"href":"https:\/\/prochoix.org\/index.php?rest_route=\/wp\/v2\/types\/post"}],"author":[{"embeddable":true,"href":"https:\/\/prochoix.org\/index.php?rest_route=\/wp\/v2\/users\/1"}],"replies":[{"embeddable":true,"href":"https:\/\/prochoix.org\/index.php?rest_route=%2Fwp%2Fv2%2Fcomments&post=277"}],"version-history":[{"count":1,"href":"https:\/\/prochoix.org\/index.php?rest_route=\/wp\/v2\/posts\/277\/revisions"}],"predecessor-version":[{"id":278,"href":"https:\/\/prochoix.org\/index.php?rest_route=\/wp\/v2\/posts\/277\/revisions\/278"}],"wp:attachment":[{"href":"https:\/\/prochoix.org\/index.php?rest_route=%2Fwp%2Fv2%2Fmedia&parent=277"}],"wp:term":[{"taxonomy":"category","embeddable":true,"href":"https:\/\/prochoix.org\/index.php?rest_route=%2Fwp%2Fv2%2Fcategories&post=277"},{"taxonomy":"post_tag","embeddable":true,"href":"https:\/\/prochoix.org\/index.php?rest_route=%2Fwp%2Fv2%2Ftags&post=277"}],"curies":[{"name":"wp","href":"https:\/\/api.w.org\/{rel}","templated":true}]}}