{"id":283,"date":"2014-01-23T09:57:54","date_gmt":"2014-01-23T08:57:54","guid":{"rendered":"http:\/\/www.prochoix.org\/wordpress\/?p=283"},"modified":"2014-11-23T09:58:51","modified_gmt":"2014-11-23T08:58:51","slug":"inna-le-livre-de-caroline-fourest-sort-le-22-janvier-chez-grasset","status":"publish","type":"post","link":"https:\/\/prochoix.org\/?p=283","title":{"rendered":"\u00ab\u00a0Inna\u00a0\u00bb, le livre de Caroline Fourest sort le 22 janvier chez Grasset"},"content":{"rendered":"<p>Plus qu\u2019un portrait d\u2019Inna Shevchenko, la leader des Femen, c\u2019est le roman d\u2019une \u00e9poque, d\u2019une Amazone et de ses soeurs (Amina, Aliaa etc\u2026), le r\u00e9cit de nos luttes, corps et \u00e2me, de nos disputes (\u00e0 propos de notre-Dame ou du \u00ab\u00a0Topless Jihad\u00a0\u00bb). Nos luttes, nos amours, nos disputes. Les coulisses d\u2019une r\u00e9volution 2.0. De Kiev \u00e0 Tunis en passant par Paris, la r\u00e9volution Orange au printemps arabe en passant par CIVITAS et La Manif pour tous, tout le monde y est\u2026 Et sera \u00e9mu ou f\u00e2ch\u00e9.<\/p>\n<p><a href=\"http:\/\/carolinefourest.wordpress.com\/2013\/12\/20\/inna-sort-le-22-janvier\/\" hreflang=\"fr\">http:\/\/carolinefourest.wordpress.com\/2013\/12\/20\/inna-sort-le-22-janvier\/<\/a><\/p>\n<p>Voir aussi Th\u00e9 ou Caf\u00e9\u00a0:\u00a0<a href=\"http:\/\/pluzz.francetv.fr\/videos\/the_ou_cafe_,95271420.html\">http:\/\/pluzz.francetv.fr\/videos\/the_ou_cafe_,95271420.html<\/a><\/p>\n<p><img decoding=\"async\" src=\"http:\/\/www.prochoix.org\/cgi\/blog\/images\/inna.jpg\" alt=\"\" \/><\/p>\n","protected":false},"excerpt":{"rendered":"<p>Plus qu\u2019un portrait d\u2019Inna Shevchenko, la leader des Femen, c\u2019est le roman d\u2019une \u00e9poque, d\u2019une Amazone et de ses soeurs (Amina, Aliaa etc\u2026), le r\u00e9cit de nos luttes, corps et \u00e2me, de nos disputes (\u00e0 propos de notre-Dame ou du \u00ab\u00a0Topless Jihad\u00a0\u00bb). Nos luttes, nos amours, nos disputes. Les coulisses d\u2019une r\u00e9volution 2.0. De Kiev &hellip; <a href=\"https:\/\/prochoix.org\/?p=283\" class=\"more-link\">Continuer la lecture de <span class=\"screen-reader-text\">\u00ab\u00a0Inna\u00a0\u00bb, le livre de Caroline Fourest sort le 22 janvier chez Grasset<\/span>  <span class=\"meta-nav\">&rarr;<\/span><\/a><\/p>\n","protected":false},"author":1,"featured_media":0,"comment_status":"open","ping_status":"open","sticky":false,"template":"","format":"standard","meta":{"footnotes":""},"categories":[34],"tags":[],"_links":{"self":[{"href":"https:\/\/prochoix.org\/index.php?rest_route=\/wp\/v2\/posts\/283"}],"collection":[{"href":"https:\/\/prochoix.org\/index.php?rest_route=\/wp\/v2\/posts"}],"about":[{"href":"https:\/\/prochoix.org\/index.php?rest_route=\/wp\/v2\/types\/post"}],"author":[{"embeddable":true,"href":"https:\/\/prochoix.org\/index.php?rest_route=\/wp\/v2\/users\/1"}],"replies":[{"embeddable":true,"href":"https:\/\/prochoix.org\/index.php?rest_route=%2Fwp%2Fv2%2Fcomments&post=283"}],"version-history":[{"count":2,"href":"https:\/\/prochoix.org\/index.php?rest_route=\/wp\/v2\/posts\/283\/revisions"}],"predecessor-version":[{"id":285,"href":"https:\/\/prochoix.org\/index.php?rest_route=\/wp\/v2\/posts\/283\/revisions\/285"}],"wp:attachment":[{"href":"https:\/\/prochoix.org\/index.php?rest_route=%2Fwp%2Fv2%2Fmedia&parent=283"}],"wp:term":[{"taxonomy":"category","embeddable":true,"href":"https:\/\/prochoix.org\/index.php?rest_route=%2Fwp%2Fv2%2Fcategories&post=283"},{"taxonomy":"post_tag","embeddable":true,"href":"https:\/\/prochoix.org\/index.php?rest_route=%2Fwp%2Fv2%2Ftags&post=283"}],"curies":[{"name":"wp","href":"https:\/\/api.w.org\/{rel}","templated":true}]}}