{"id":290,"date":"2014-02-13T10:00:27","date_gmt":"2014-02-13T09:00:27","guid":{"rendered":"http:\/\/www.prochoix.org\/wordpress\/?p=290"},"modified":"2014-11-23T10:01:02","modified_gmt":"2014-11-23T09:01:02","slug":"derriere-les-corps-gerard-biard","status":"publish","type":"post","link":"https:\/\/prochoix.org\/?p=290","title":{"rendered":"Derri\u00e8re les corps (G\u00e9rard Biard)"},"content":{"rendered":"<div class=\"post-content\">\n<p>Bien s\u00fbr, il y a la biographie-portrait d\u2019Inna Shevchenko, l\u2019\u00e9tudiante brillante devenue, en quelques coups de tron\u00e7onneuse sur une croix, l\u2019\u00e9g\u00e9rie-leader de Femen, et qui, depuis son refuge fran\u00e7ais du Lavoir moderne parisien, dirige ses troupes r\u00e9volutionnaires avec l\u2019intransigeance d\u2019une commissaire politique.<\/p>\n<p>Il y a aussi la chronique \u00e0 la premi\u00e8re personne d\u2019une longue ann\u00e9e de folie furieuse, au cours de laquelle Caroline Fourest, dans son combat politique, a d\u00fb affronter \u2014 entre autres \u2014 la haine \u00e9cumante des opposants au mariage pour tous et ce m\u00e9lange d\u2019hyst\u00e9risation et de confusion qui para\u00eet d\u00e9sormais devoir s\u2019emparer de tous les d\u00e9bats. Mais il y a surtout, au c\u0153ur de ce livre qui adopte tout naturellement la structure et les codes du roman, parce que son sujet est, de l\u2019aveu m\u00eame de l\u2019auteure, \u00ab\u00a0un personnage romanesque\u00a0\u00bb, une rencontre, qui fait basculer l\u2019\u0153uvre \u00ab\u00a0journalistique\u00a0\u00bb que l\u2019on pensait tenir en mains vers un r\u00e9cit autre, qui donne parfois \u00e0 ses deux protagonistes principales, bien r\u00e9elles, des allures d\u2019h\u00e9ro\u00efnes de fiction.<br \/>\nInna, c\u2019est donc avant tout le r\u00e9cit de la rencontre entre une jeune activiste grandie dans une Ukraine post-sovi\u00e9tique gangr\u00e9n\u00e9e par le machisme et la \u00ab\u00a0tutelle\u00a0\u00bb russe, o\u00f9 la seule alternative qui s\u2019offre aux jeunes filles est de devenir, au sens propre, maman ou putain, et une f\u00e9ministe humaniste nourrie d\u2019esprit des Lumi\u00e8res \u2014 Olympe de Gouges comprise \u2014, qui s\u2019est construite dans une d\u00e9mocratie. Entre une \u00ab\u00a0guerri\u00e8re\u00a0\u00bb de 23 ans qui s\u2019interdit toute faiblesse et repousse tout ce qui pourrait la d\u00e9tourner de son combat, et une journaliste, s\u00e9duite mais m\u00e9fiante, qui ex\u00e8cre tout radicalisme, qu\u2019il soit politique ou amoureux, et qui se retrouve confront\u00e9e \u00e0 ce grand chaos comportemental qu\u2019on appelle \u00ab\u00a0l\u2019\u00e2me slave\u00a0\u00bb&#8230; Cette rencontre, au flou intime savamment entretenu, entre deux femmes militantes, produit logiquement quelques \u00e9tincelles, courant tant\u00f4t positif, tant\u00f4t n\u00e9gatif.<\/p>\n<p>Et ce sont ces \u00e9tincelles qui permettent \u00e0 Caroline Fourest de signer, in fine, le livre qu\u2019aucun autre journaliste n\u2019aurait pu \u2014 ou voulu \u2014 \u00e9crire\u00a0: celui qui ouvre d\u2019autres portes, plus \u00ab\u00a0humaines\u00a0\u00bb, sur Femen, ce mouvement \u00e0 la fois radical et pacifiste devenu le symbole d\u2019un \u00ab\u00a0nouveau f\u00e9minisme\u00a0\u00bb de combat, et sur la plus iconique de ses figures de proue. Il lui a certes fallu pour cela se transformer en quelque sorte, elle aussi, en personnage romanesque, ce qui n\u2019est pas sans risque quand on est journaliste, essayiste et chroniqueuse en vue. Mais l\u2019exercice l\u2019autorise \u00e0 ajouter une ligne suppl\u00e9mentaire, non usurp\u00e9e, \u00e0 son CV\u00a0: \u00e9crivaine.<\/p>\n<p><strong>G\u00e9rard Biard<\/strong>\u00a0<em>Charlie Hebdo<\/em><\/p>\n<p>\u00ab\u00a0Inna\u00a0\u00bb, Caroline Fourest. Ed. Grasset<\/p>\n<\/div>\n<p>jeudi 13 f\u00e9vrier 2014<\/p>\n","protected":false},"excerpt":{"rendered":"<p>Bien s\u00fbr, il y a la biographie-portrait d\u2019Inna Shevchenko, l\u2019\u00e9tudiante brillante devenue, en quelques coups de tron\u00e7onneuse sur une croix, l\u2019\u00e9g\u00e9rie-leader de Femen, et qui, depuis son refuge fran\u00e7ais du Lavoir moderne parisien, dirige ses troupes r\u00e9volutionnaires avec l\u2019intransigeance d\u2019une commissaire politique. Il y a aussi la chronique \u00e0 la premi\u00e8re personne d\u2019une longue ann\u00e9e &hellip; <a href=\"https:\/\/prochoix.org\/?p=290\" class=\"more-link\">Continuer la lecture de <span class=\"screen-reader-text\">Derri\u00e8re les corps (G\u00e9rard Biard)<\/span>  <span class=\"meta-nav\">&rarr;<\/span><\/a><\/p>\n","protected":false},"author":1,"featured_media":0,"comment_status":"open","ping_status":"open","sticky":false,"template":"","format":"standard","meta":{"footnotes":""},"categories":[34],"tags":[36,35],"_links":{"self":[{"href":"https:\/\/prochoix.org\/index.php?rest_route=\/wp\/v2\/posts\/290"}],"collection":[{"href":"https:\/\/prochoix.org\/index.php?rest_route=\/wp\/v2\/posts"}],"about":[{"href":"https:\/\/prochoix.org\/index.php?rest_route=\/wp\/v2\/types\/post"}],"author":[{"embeddable":true,"href":"https:\/\/prochoix.org\/index.php?rest_route=\/wp\/v2\/users\/1"}],"replies":[{"embeddable":true,"href":"https:\/\/prochoix.org\/index.php?rest_route=%2Fwp%2Fv2%2Fcomments&post=290"}],"version-history":[{"count":1,"href":"https:\/\/prochoix.org\/index.php?rest_route=\/wp\/v2\/posts\/290\/revisions"}],"predecessor-version":[{"id":291,"href":"https:\/\/prochoix.org\/index.php?rest_route=\/wp\/v2\/posts\/290\/revisions\/291"}],"wp:attachment":[{"href":"https:\/\/prochoix.org\/index.php?rest_route=%2Fwp%2Fv2%2Fmedia&parent=290"}],"wp:term":[{"taxonomy":"category","embeddable":true,"href":"https:\/\/prochoix.org\/index.php?rest_route=%2Fwp%2Fv2%2Fcategories&post=290"},{"taxonomy":"post_tag","embeddable":true,"href":"https:\/\/prochoix.org\/index.php?rest_route=%2Fwp%2Fv2%2Ftags&post=290"}],"curies":[{"name":"wp","href":"https:\/\/api.w.org\/{rel}","templated":true}]}}