{"id":292,"date":"2014-02-13T10:01:22","date_gmt":"2014-02-13T09:01:22","guid":{"rendered":"http:\/\/www.prochoix.org\/wordpress\/?p=292"},"modified":"2014-11-23T10:01:39","modified_gmt":"2014-11-23T09:01:39","slug":"soiree-de-solidarite-avec-djemila-benhabib-pour-la-liberte-dexpression","status":"publish","type":"post","link":"https:\/\/prochoix.org\/?p=292","title":{"rendered":"Soir\u00e9e de solidarit\u00e9 avec Djemila Benhabib. Pour la libert\u00e9 d&rsquo;expression !"},"content":{"rendered":"<p>L\u2019\u00e9crivaine et journaliste Djemila Benhabib, Prix international de la la\u00efcit\u00e9 2012 et finaliste du Prix Simone de Beauvoir en 2013, est actuellement poursuivie en justice, au Qu\u00e9bec, pour diffamation par un \u00e9tablissement scolaire priv\u00e9 portant le nom d\u2019\u00c9coles musulmanes de Montr\u00e9al (EMMS).<\/p>\n<p>On lui reproche d\u2019avoir tenu des propos \u00ab\u00a0diffamatoires\u00a0\u00bb, \u00ab\u00a0anticoraniques\u00a0\u00bb et \u00ab\u00a0antiislamiques\u00a0\u00bb lors d\u2019une entrevue radiophonique sur la chaine qu\u00e9b\u00e9coise du 98.5 FM, le 8 f\u00e9vrier 2012, dans laquelle elle critiquait vertement les enseignements ainsi que les m\u00e9thodes p\u00e9dagogiques dispens\u00e9s dans cette \u00e9cole dont le port du voile islamique pour les filles \u00e0 partir de la 4\u00e8me ann\u00e9e (9 ans). (Pour prendre connaissance de l\u2019ensemble des d\u00e9tails de cette poursuite, se r\u00e9f\u00e9rer au site Internet\u00a0: jesoutiensdjemila.org)<\/p>\n<p>En brandissant le spectre du harc\u00e8lement judiciaire \u00e0 l\u2019endroit de l\u2019auteure du c\u00e9l\u00e8bre pamphlet Ma vie \u00e0 contre Coran l\u2019objectif est clair\u00a0: mettre \u00e0 genou et museler une intellectuelle libre et une militante f\u00e9ministe et la\u00efque engag\u00e9e qui porte courageusement le combat contre l\u2019islamisme et le syst\u00e8me multiculturalise. C\u2019est une affaire politique et un proc\u00e8s id\u00e9ologique qui se joue. C\u2019est pourquoi nous tenons \u00e0 lui exprimer toute notre solidarit\u00e9.<\/p>\n<p>En r\u00e9action \u00e0 cette grave tentative d\u2019intimidation, plusieurs associations f\u00e9ministes fran\u00e7aises, ont d\u00e9cid\u00e9 d\u2019exprimer leur solidarit\u00e9 \u00e0 l\u2019\u00e9gard de Djemila Benhabib et d\u2019organiser une soir\u00e9e de mobilisation et d\u2019information \u00e0 Paris en sa pr\u00e9sence. Le 30 janvier dernier a eu lieu \u00e0 Montr\u00e9al, au Cabaret du Lion d\u2019or, en pr\u00e9sence de l\u2019ancien Premier ministre du Qu\u00e9bec, Bernard Landry et de sa compagne Chantal Renaud, une soir\u00e9e ayant le m\u00eame objectif qui a connu un immense succ\u00e8s et a r\u00e9uni de nombreuses personnalit\u00e9s du monde politique, culturel, associatif et acad\u00e9mique.<\/p>\n<p>jeudi 13 f\u00e9vrier 2014 Espace Jean Dame, 17 rue L\u00e9opold Bellan, 75002, Paris<\/p>\n","protected":false},"excerpt":{"rendered":"<p>L\u2019\u00e9crivaine et journaliste Djemila Benhabib, Prix international de la la\u00efcit\u00e9 2012 et finaliste du Prix Simone de Beauvoir en 2013, est actuellement poursuivie en justice, au Qu\u00e9bec, pour diffamation par un \u00e9tablissement scolaire priv\u00e9 portant le nom d\u2019\u00c9coles musulmanes de Montr\u00e9al (EMMS). On lui reproche d\u2019avoir tenu des propos \u00ab\u00a0diffamatoires\u00a0\u00bb, \u00ab\u00a0anticoraniques\u00a0\u00bb et \u00ab\u00a0antiislamiques\u00a0\u00bb lors d\u2019une &hellip; <a href=\"https:\/\/prochoix.org\/?p=292\" class=\"more-link\">Continuer la lecture de <span class=\"screen-reader-text\">Soir\u00e9e de solidarit\u00e9 avec Djemila Benhabib. Pour la libert\u00e9 d&rsquo;expression !<\/span>  <span class=\"meta-nav\">&rarr;<\/span><\/a><\/p>\n","protected":false},"author":1,"featured_media":0,"comment_status":"open","ping_status":"open","sticky":false,"template":"","format":"standard","meta":{"footnotes":""},"categories":[17],"tags":[],"_links":{"self":[{"href":"https:\/\/prochoix.org\/index.php?rest_route=\/wp\/v2\/posts\/292"}],"collection":[{"href":"https:\/\/prochoix.org\/index.php?rest_route=\/wp\/v2\/posts"}],"about":[{"href":"https:\/\/prochoix.org\/index.php?rest_route=\/wp\/v2\/types\/post"}],"author":[{"embeddable":true,"href":"https:\/\/prochoix.org\/index.php?rest_route=\/wp\/v2\/users\/1"}],"replies":[{"embeddable":true,"href":"https:\/\/prochoix.org\/index.php?rest_route=%2Fwp%2Fv2%2Fcomments&post=292"}],"version-history":[{"count":1,"href":"https:\/\/prochoix.org\/index.php?rest_route=\/wp\/v2\/posts\/292\/revisions"}],"predecessor-version":[{"id":293,"href":"https:\/\/prochoix.org\/index.php?rest_route=\/wp\/v2\/posts\/292\/revisions\/293"}],"wp:attachment":[{"href":"https:\/\/prochoix.org\/index.php?rest_route=%2Fwp%2Fv2%2Fmedia&parent=292"}],"wp:term":[{"taxonomy":"category","embeddable":true,"href":"https:\/\/prochoix.org\/index.php?rest_route=%2Fwp%2Fv2%2Fcategories&post=292"},{"taxonomy":"post_tag","embeddable":true,"href":"https:\/\/prochoix.org\/index.php?rest_route=%2Fwp%2Fv2%2Ftags&post=292"}],"curies":[{"name":"wp","href":"https:\/\/api.w.org\/{rel}","templated":true}]}}