{"id":294,"date":"2014-02-24T10:01:48","date_gmt":"2014-02-24T09:01:48","guid":{"rendered":"http:\/\/www.prochoix.org\/wordpress\/?p=294"},"modified":"2014-11-23T10:02:12","modified_gmt":"2014-11-23T09:02:12","slug":"stop-au-nettoyage-ethnique-en-rca-amnesty-international","status":"publish","type":"post","link":"https:\/\/prochoix.org\/?p=294","title":{"rendered":"Stop au nettoyage ethnique en RCA (Amnesty International)"},"content":{"rendered":"<p>Il faut, sans plus attendre, emp\u00eacher les milices anti-balaka de mener des attaques meurtri\u00e8res dans le but de proc\u00e9der au nettoyage ethnique des musulmans en R\u00e9publique centrafricaine. Ces violences ont entra\u00een\u00e9 un exode sans pr\u00e9c\u00e9dent des musulmans.<\/p>\n<p>L\u2019une des attaques les plus meurtri\u00e8res s\u2019est d\u00e9roul\u00e9e le18 janvier\u00a0; elle a fait au moins 100 victimes parmi la population musulmane, dont des femmes et des vieillards.<\/p>\n<p>Les troupes internationales de maintien de la paix doivent intensifier leurs op\u00e9rations afin de prot\u00e9ger efficacement les civils, en particulier les communaut\u00e9s musulmanes encore pr\u00e9sentes dans le pays.<\/p>\n<p>L\u2019urgence de la situation exige une r\u00e9ponse imm\u00e9diate.Demandez que l\u2019Union africaine agisse imm\u00e9diatement pour mettre un terme \u00e0 ce nettoyage ethnique<\/p>\n<p>P\u00e9tition \u00e0 l&rsquo;attention de Smail CHERGUI, Commissaire \u00e0 la paix et \u00e0 la s\u00e9curit\u00e9 de l&rsquo;Union Africaine<\/p>\n<p><a href=\"http:\/\/www.amnesty.fr\/AI-en-action\/Violences\/Armes-et-conflits-armes\/Actions\/Stop-au-nettoyage-ethnique-en-RCA-10878\" hreflang=\"fr\">http:\/\/www.amnesty.fr\/AI-en-action\/Violences\/Armes-et-conflits-armes\/Actions\/Stop-au-nettoyage-ethnique-en-RCA-10878<\/a><\/p>\n<p>Ces derni\u00e8res semaines, Amnesty International a recueilli plus d\u2019une centaine de t\u00e9moignages sur les attaques de grande ampleur men\u00e9es par les milices anti-balaka contre des civils musulmans dans les villes du nord-ouest du pays.<\/p>\n<p>Le nouveau rapport intitul\u00e9 \u00ab\u00a0Ethnic cleansing and sectarian Killings in the Central African Republic\u00a0\u00bb fait \u00e9tat de l&rsquo;\u00e9chec des forces internationales \u00e0 faire cesser les exactions. Afin de prot\u00e9ger les communaut\u00e9s musulmanes encore pr\u00e9sentes dans le pays, les soldats de la paix doivent faire barrage au contr\u00f4le des milices anti-balaka et d\u00e9ployer des troupes en nombre suffisant dans les villes o\u00f9 les musulmans sont menac\u00e9s.<\/p>\n<p>Les milices anti-balaka m\u00e8nent des attaques violentes dans une logique de nettoyage ethnique \u00e0 l\u2019encontre des musulmans en R\u00e9publique centrafricaine. En r\u00e9sulte un exode de la population musulmane dans des proportions historiques\u00a0\u00bb.<\/p>\n<p>__Joanne Mariner Conseill\u00e8re d&rsquo;Amnesty International pour les situations de crise.__<\/p>\n<p>Les troupes internationales, incapables de mettre fin aux violences<\/p>\n<p>Amnesty International a critiqu\u00e9 la r\u00e9ponse trop timor\u00e9e de la communaut\u00e9 internationale, en notant que les troupes internationales de maintien de la paix se montrent r\u00e9ticentes \u00e0 faire face aux milices anti-balaka et ne sont pas assez r\u00e9actives pour prot\u00e9ger la minorit\u00e9 musulmane menac\u00e9e.<\/p>\n<p>Les troupes internationales de maintien de la paix n\u2019ont pas r\u00e9ussi \u00e0 stopper la violence. Elles y ont consenti dans certains cas, en laissant les milices anti-balaka remplir au niveau du pouvoir le vide cr\u00e9\u00e9 par le d\u00e9part de la S\u00e9l\u00e9ka.\u00a0\u00bb<\/p>\n<p>Donatella Rovera Conseill\u00e8re d&rsquo;Amnesty International pour les situations de crise<\/p>\n<p>Les forces de maintien de la paix se composent d\u2019environ 5 500 soldats de l\u2019Union africaine, la MISCA, et de 1 600 soldats fran\u00e7ais, les \u00ab\u00a0Sangaris\u00a0\u00bb. Elles ont \u00e9t\u00e9 d\u00e9ploy\u00e9es dans Bangui et dans plusieurs villes au nord et au sud-ouest de la capitale.<\/p>\n<p>Stop au nettoyage ethnique en cours en RCA\u00a0! Interpellez l&rsquo;Union Africaine SIGNEZ<\/p>\n<p>Au cours de ces derni\u00e8res semaines, Amnesty International a recueilli plus d\u2019une centaine de t\u00e9moignages de premi\u00e8re main sur les attaques de grande ampleur men\u00e9es par les milices anti-balaka contre des civils musulmans dans les villes du nord-ouest du pays de Bouali, Boyali, Bossembele, Bossemptele, et Baoro. Les troupes internationales n\u2019avaient pas \u00e9t\u00e9 d\u00e9ploy\u00e9es dans ces villes, laissant les populations civiles sans protection.<\/p>\n<p>L\u2019exode, unique moyen pour sauver sa vie<\/p>\n<p>L\u2019attaque la plus meurtri\u00e8re r\u00e9pertori\u00e9e par Amnesty International s\u2019est d\u00e9roul\u00e9e le 18 janvier \u00e0 Bossempt\u00e9l\u00e9. Elle a fait plus de 100 victimes parmi la population musulmane, dont des femmes et des vieillards, notamment un imam d\u2019environ 75 ans.<\/p>\n<p>Pour \u00e9chapper \u00e0 la folie meurtri\u00e8re des anti-balaka, dans de nombreuses villes et de nombreux villages, toute la population musulmane a fui, tandis qu\u2019ailleurs, ceux qui restent se r\u00e9fugient \u00e0 l\u2019int\u00e9rieur et aux abords des \u00e9glises et des mosqu\u00e9es.<\/p>\n<p>M\u00eame dans le quartier musulman du PK-5 situ\u00e9 au centre de Bangui, des milliers d\u2019habitants effray\u00e9s font leurs valises et quittent leur foyer.<\/p>\n<p>Pour se mettre \u00e0 l\u2019abri, le p\u00e9riple est difficile et dangereux. Les convois sont fr\u00e9quemment pris pour cibles par les milices anti-balaka.<\/p>\n<p>Un petit gar\u00e7on appel\u00e9 Abdul Rahman a racont\u00e9 \u00e0 Amnesty International que, le 14 janvier, le camion \u00e0 bord duquel il voyageait avait \u00e9t\u00e9 stopp\u00e9 \u00e0 un poste de contr\u00f4le tenu par les anti-balaka. Ils ont exig\u00e9 que tous les passagers musulmans descendent. Six membres de sa famille ont alors \u00e9t\u00e9 tu\u00e9s\u00a0: trois femmes et trois jeunes enfants, dont un bambin<\/p>\n<pre><\/pre>\n<p>Une crise de longue date, des cons\u00e9quences pr\u00e9visibles<\/p>\n<p>La violence, la haine et l\u2019instabilit\u00e9 sont une cons\u00e9quence directe de la crise des droits humains qui a d\u00e9but\u00e9 en d\u00e9cembre 2012, lorsque la S\u00e9l\u00e9ka, tr\u00e8s majoritairement musulmane, a lanc\u00e9 une offensive arm\u00e9e qui s\u2019est termin\u00e9e par la prise du pouvoir en mars 2013. \u00c0 la t\u00eate du pays pendant pr\u00e8s de 10 mois, les forces de la S\u00e9l\u00e9ka ont commis des massacres, des ex\u00e9cutions extrajudiciaires, des viols, des actes de torture et des pillages, et ont incendi\u00e9 et d\u00e9truit de nombreux villages chr\u00e9tiens.<\/p>\n<p>Lorsque la S\u00e9l\u00e9ka s\u2019est retir\u00e9e, les forces internationales ont laiss\u00e9 les milices anti-balaka prendre le contr\u00f4le du pays, ville apr\u00e8s ville. Les violences et l\u2019expulsion forc\u00e9e des communaut\u00e9s musulmanes \u00e9taient pr\u00e9visibles.<\/p>\n<p>Le pouvoir d\u00e9clinant des forces de la S\u00e9l\u00e9ka n\u2019a en rien diminu\u00e9 leur brutalit\u00e9 lorsqu\u2019elles se sont retir\u00e9es. M\u00eame avec une capacit\u00e9 de mouvement et des moyens op\u00e9rationnels fortement entrav\u00e9s, les membres de la S\u00e9l\u00e9ka ont poursuivi les attaques violentes contre les civils chr\u00e9tiens et leurs biens. Des membres arm\u00e9s de communaut\u00e9s musulmanes, agissant ind\u00e9pendamment ou aux c\u00f4t\u00e9s de la S\u00e9l\u00e9ka, se sont \u00e9galement livr\u00e9s \u00e0 des attaques de grande ampleur contre des civils chr\u00e9tiens.<\/p>\n<p>L\u2019urgence de la situation exige une r\u00e9ponse imm\u00e9diate. Il est temps que l\u2019op\u00e9ration de maintien de la paix en R\u00e9publique centrafricaine prot\u00e8ge la population civile, se d\u00e9ploie dans les zones \u00e0 risques et stoppe cet exode massif.\u00a0\u00bb<\/p>\n<p>Joanne Mariner<\/p>\n<p><a href=\"http:\/\/www.amnesty.org\/en\/library\/info\/AFR19\/004\/2014\/en\">Lire-t\u00e9l\u00e9charger le rapport\u00a0: \u00ab\u00a0Ethnic cleansing and sectarian killings in the Central African Republic\u00a0\u00bb (en anglais)<\/a><\/p>\n","protected":false},"excerpt":{"rendered":"<p>Il faut, sans plus attendre, emp\u00eacher les milices anti-balaka de mener des attaques meurtri\u00e8res dans le but de proc\u00e9der au nettoyage ethnique des musulmans en R\u00e9publique centrafricaine. Ces violences ont entra\u00een\u00e9 un exode sans pr\u00e9c\u00e9dent des musulmans. L\u2019une des attaques les plus meurtri\u00e8res s\u2019est d\u00e9roul\u00e9e le18 janvier\u00a0; elle a fait au moins 100 victimes parmi &hellip; <a href=\"https:\/\/prochoix.org\/?p=294\" class=\"more-link\">Continuer la lecture de <span class=\"screen-reader-text\">Stop au nettoyage ethnique en RCA (Amnesty International)<\/span>  <span class=\"meta-nav\">&rarr;<\/span><\/a><\/p>\n","protected":false},"author":1,"featured_media":0,"comment_status":"open","ping_status":"open","sticky":false,"template":"","format":"standard","meta":{"footnotes":""},"categories":[16,17],"tags":[],"_links":{"self":[{"href":"https:\/\/prochoix.org\/index.php?rest_route=\/wp\/v2\/posts\/294"}],"collection":[{"href":"https:\/\/prochoix.org\/index.php?rest_route=\/wp\/v2\/posts"}],"about":[{"href":"https:\/\/prochoix.org\/index.php?rest_route=\/wp\/v2\/types\/post"}],"author":[{"embeddable":true,"href":"https:\/\/prochoix.org\/index.php?rest_route=\/wp\/v2\/users\/1"}],"replies":[{"embeddable":true,"href":"https:\/\/prochoix.org\/index.php?rest_route=%2Fwp%2Fv2%2Fcomments&post=294"}],"version-history":[{"count":1,"href":"https:\/\/prochoix.org\/index.php?rest_route=\/wp\/v2\/posts\/294\/revisions"}],"predecessor-version":[{"id":295,"href":"https:\/\/prochoix.org\/index.php?rest_route=\/wp\/v2\/posts\/294\/revisions\/295"}],"wp:attachment":[{"href":"https:\/\/prochoix.org\/index.php?rest_route=%2Fwp%2Fv2%2Fmedia&parent=294"}],"wp:term":[{"taxonomy":"category","embeddable":true,"href":"https:\/\/prochoix.org\/index.php?rest_route=%2Fwp%2Fv2%2Fcategories&post=294"},{"taxonomy":"post_tag","embeddable":true,"href":"https:\/\/prochoix.org\/index.php?rest_route=%2Fwp%2Fv2%2Ftags&post=294"}],"curies":[{"name":"wp","href":"https:\/\/api.w.org\/{rel}","templated":true}]}}