{"id":296,"date":"2014-03-06T10:02:26","date_gmt":"2014-03-06T09:02:26","guid":{"rendered":"http:\/\/www.prochoix.org\/wordpress\/?p=296"},"modified":"2014-11-23T10:02:53","modified_gmt":"2014-11-23T09:02:53","slug":"contre-les-violences-faites-aux-femmes-version-roissy-anafe","status":"publish","type":"post","link":"https:\/\/prochoix.org\/?p=296","title":{"rendered":"Contre les violences faites aux femmes, version Roissy ? (Anaf\u00e9)"},"content":{"rendered":"<p>Silence, on tape\u00a0!<\/p>\n<p>Mercredi 26 f\u00e9vrier 2014, zone d\u2019attente de l\u2019a\u00e9roport de Roissy-Charles-De-Gaulle. Six femmes honduriennes et nicaraguayennes se rendent dans le bureau de l\u2019Anaf\u00e9 et racontent avoir \u00e9t\u00e9 victimes quelques heures plus t\u00f4t de violences polici\u00e8res lors d\u2019une tentative de renvoi forc\u00e9 \u00e0 destination de Mexico. Cette premi\u00e8re tentative a \u00e9chou\u00e9 devant le refus du commandant de bord d\u2019embarquer des passager.e.s dans de telles conditions. Ces femmes apparaissent boulevers\u00e9es, et souhaitent porter plainte. L\u2019Anaf\u00e9 les assiste dans cette d\u00e9marche et r\u00e9colte leurs t\u00e9moignages. Quatre d\u2019entre elles sont examin\u00e9es par le m\u00e9decin intervenant en zone d\u2019attente, et se voient d\u00e9livrer un certificat m\u00e9dical attestant de l\u00e9sions et h\u00e9matomes multiples.<\/p>\n<p>Devant la gravit\u00e9 des accusations, l\u2019Anaf\u00e9 saisit imm\u00e9diatement le minist\u00e8re de l&rsquo;int\u00e9rieur de cette situation, et lui demande de surseoir au renvoi forc\u00e9 de ces femmes dans l\u2019attente qu\u2019une enqu\u00eate soit diligent\u00e9e. D\u00e8s le lendemain, la police aux fronti\u00e8res (PAF) tente \u00e0 nouveau de les refouler. Depuis, les tentatives de renvoi sont quotidiennes et le minist\u00e8re de l\u2019int\u00e9rieur ne manifeste aucune r\u00e9action.<\/p>\n<p>Mardi 4 mars, la PAF parvient \u00e0 expulser deux d\u2019entre elles\u00a0: l\u2019une d\u2019elle aurait \u00e9t\u00e9 menott\u00e9e et b\u00e2illonn\u00e9e, tandis que l\u2019autre est renvoy\u00e9e la veille de l\u2019audience pr\u00e9vue devant le Juge des libert\u00e9s et de la d\u00e9tention, et ne pourra pas faire valoir sa cause devant la Justice.<\/p>\n<p>Mercredi 5 mars\u00a0: les tentatives pour refouler les quatre femmes, toujours maintenues en zone d\u2019attente se poursuivent, de m\u00eame que le silence du minist\u00e8re de l\u2019int\u00e9rieur. L\u2019une d\u2019entre elle est plac\u00e9e en garde \u00e0 vue pour avoir refus\u00e9 d\u2019embarquer vers le Mexique, et sera d\u00e9f\u00e9r\u00e9e au tribunal correctionnel sous la menace de poursuites p\u00e9nales.<\/p>\n<p>Au moment m\u00eame o\u00f9 le gouvernement lance une campagne, conduite par la ministre des droits des femmes, pour \u00ab\u00a0lib\u00e9rer la parole face aux violences et orienter les victimes vers les professionnels\u00a0\u00bb, ce slogan resterait-il lettre morte pour les femmes \u00e9trang\u00e8res plac\u00e9es en zone d\u2019attente\u00a0?<\/p>\n<p>Face \u00e0 la gravit\u00e9 de cette situation, l&rsquo;Anaf\u00e9 demande au gouvernement\u00a0: &#8211; de permettre \u00e0 celles qui ont \u00e9t\u00e9 expuls\u00e9es le 4 mars de pouvoir, si elles le souhaitent, de revenir en France pour soutenir leur cause devant la Justice, et de veiller \u00e0 ce que celle qui a \u00e9t\u00e9 plac\u00e9e en garde \u00e0 vue puisse faire valor ses droits\u00a0; &#8211; de prot\u00e9ger d\u2019un renvoi forc\u00e9 les femmes toujours maintenues en zone d\u2019attente de Roissy, dans l\u2019attente que leurs plaintes soient examin\u00e9es\u00a0; &#8211; de prendre toutes les mesures n\u00e9cessaires pour que le droit \u00e0 la protection contre les violences faites aux femmes soit \u00e9galement une r\u00e9alit\u00e9 en zone d\u2019attente\u00a0; &#8211; et, pour les personnes demandeuses d\u2019asile, de garantir la pr\u00e9sence en zone d\u2019attente de r\u00e9f\u00e9rent.e.s sur les questions de violences li\u00e9es au genre.<\/p>\n<p>Contacts\u00a0: Anaf\u00e9\u00a0: 01 43 67 27 52, Laure Blondel\u00a0: 06 24 30 59 79<\/p>\n","protected":false},"excerpt":{"rendered":"<p>Silence, on tape\u00a0! Mercredi 26 f\u00e9vrier 2014, zone d\u2019attente de l\u2019a\u00e9roport de Roissy-Charles-De-Gaulle. Six femmes honduriennes et nicaraguayennes se rendent dans le bureau de l\u2019Anaf\u00e9 et racontent avoir \u00e9t\u00e9 victimes quelques heures plus t\u00f4t de violences polici\u00e8res lors d\u2019une tentative de renvoi forc\u00e9 \u00e0 destination de Mexico. Cette premi\u00e8re tentative a \u00e9chou\u00e9 devant le refus &hellip; <a href=\"https:\/\/prochoix.org\/?p=296\" class=\"more-link\">Continuer la lecture de <span class=\"screen-reader-text\">Contre les violences faites aux femmes, version Roissy ? (Anaf\u00e9)<\/span>  <span class=\"meta-nav\">&rarr;<\/span><\/a><\/p>\n","protected":false},"author":1,"featured_media":0,"comment_status":"open","ping_status":"open","sticky":false,"template":"","format":"standard","meta":{"footnotes":""},"categories":[17],"tags":[],"_links":{"self":[{"href":"https:\/\/prochoix.org\/index.php?rest_route=\/wp\/v2\/posts\/296"}],"collection":[{"href":"https:\/\/prochoix.org\/index.php?rest_route=\/wp\/v2\/posts"}],"about":[{"href":"https:\/\/prochoix.org\/index.php?rest_route=\/wp\/v2\/types\/post"}],"author":[{"embeddable":true,"href":"https:\/\/prochoix.org\/index.php?rest_route=\/wp\/v2\/users\/1"}],"replies":[{"embeddable":true,"href":"https:\/\/prochoix.org\/index.php?rest_route=%2Fwp%2Fv2%2Fcomments&post=296"}],"version-history":[{"count":1,"href":"https:\/\/prochoix.org\/index.php?rest_route=\/wp\/v2\/posts\/296\/revisions"}],"predecessor-version":[{"id":297,"href":"https:\/\/prochoix.org\/index.php?rest_route=\/wp\/v2\/posts\/296\/revisions\/297"}],"wp:attachment":[{"href":"https:\/\/prochoix.org\/index.php?rest_route=%2Fwp%2Fv2%2Fmedia&parent=296"}],"wp:term":[{"taxonomy":"category","embeddable":true,"href":"https:\/\/prochoix.org\/index.php?rest_route=%2Fwp%2Fv2%2Fcategories&post=296"},{"taxonomy":"post_tag","embeddable":true,"href":"https:\/\/prochoix.org\/index.php?rest_route=%2Fwp%2Fv2%2Ftags&post=296"}],"curies":[{"name":"wp","href":"https:\/\/api.w.org\/{rel}","templated":true}]}}