{"id":300,"date":"2014-03-13T10:03:43","date_gmt":"2014-03-13T09:03:43","guid":{"rendered":"http:\/\/www.prochoix.org\/wordpress\/?p=300"},"modified":"2014-11-23T10:04:08","modified_gmt":"2014-11-23T09:04:08","slug":"eloise-bouton-au-tribunal-pour-laction-de-la-madeleine","status":"publish","type":"post","link":"https:\/\/prochoix.org\/?p=300","title":{"rendered":"Elo\u00efse Bouton, au tribunal pour l&rsquo;action de la Madeleine"},"content":{"rendered":"<p>Elo\u00efse Bouton, ancienne militante FEMEN compara\u00eetra le vendredi 14 mars \u00e0 9h, au Tribunal de Grande Instance.<\/p>\n<p>Elle est poursuivie pour avoir fait une action \u00e0 la Madeleine en solidarit\u00e9 avec les femmes espagnoles qui voient leurs droits reculer. Cette action faisait partie d&rsquo;une s\u00e9rie d&rsquo;actions europ\u00e9ennes des Femen.<\/p>\n<p>Suite \u00e0 l&rsquo;action, de nombreux m\u00e9dias et personnalit\u00e9s politiques avaient repris les d\u00e9lires d&rsquo;un pr\u00eatre, Bruno Horaist, qui avait d\u00e9clar\u00e9 qu&rsquo;Elo\u00efse avait urin\u00e9 dans l&rsquo;Eglise ce qui est faux. Bruno Horaist \u00e9tait plut\u00f4t connu jusqu&rsquo;alors pour sa somme de 757 pages\u00a0: \u00ab\u00a0La d\u00e9votion au pape et les catholiques fran\u00e7ais sous le pontificat de Pie IX (1846-1878)\u00a0\u00bb<\/p>\n<p>Il est reproch\u00e9 \u00e0 Elo\u00efse Bouton, d&rsquo;avoir \u00ab\u00a0impos\u00e9 \u00e0 la vue du public une exhibition sexuelle en montrant (ses) seins dans un lieu accessible au regard du public\u00a0\u00bb.<\/p>\n<p>La plainte \u00e9mane de Bruno Horaist, cur\u00e9 de la Paroisse de la Madeleine, repr\u00e9sent\u00e9 par Me Laurent Devolv\u00e9.<br \/>\nElo\u00efse Bouton risque 15 000 \u20ac d\u2019amende et 1 an de prison.<\/p>\n<p>Soyez nombreux\/es<\/p>\n<p>Tribunal de Grande Instance &#8211; 4 boulevard du Palais Paris 1er, 28 e chambre.<\/p>\n<p><a href=\"http:\/\/www.amazon.fr\/Inna-Caroline-Fourest\/dp\/2246807328\/ref=sr_1_1?ie=UTF8&amp;qid=1394717553&amp;sr=8-1&amp;keywords=inna\">Pour en savoir plus sur le mouvement Femen et sur sa leader en France \u00ab\u00a0Inna\u00a0\u00bb voir le livre de Caroline Fourest<\/a>.<\/p>\n<p><a href=\"http:\/\/www.amazon.fr\/Inna-Caroline-Fourest\/dp\/2246807328\/ref=sr_1_1?ie=UTF8&amp;qid=1394717553&amp;sr=8-1&amp;keywords=inna\" hreflang=\"fr\"><img decoding=\"async\" src=\"http:\/\/www.prochoix.org\/cgi\/blog\/images\/inna.jpg\" alt=\"\" \/><\/a><\/p>\n","protected":false},"excerpt":{"rendered":"<p>Elo\u00efse Bouton, ancienne militante FEMEN compara\u00eetra le vendredi 14 mars \u00e0 9h, au Tribunal de Grande Instance. Elle est poursuivie pour avoir fait une action \u00e0 la Madeleine en solidarit\u00e9 avec les femmes espagnoles qui voient leurs droits reculer. Cette action faisait partie d&rsquo;une s\u00e9rie d&rsquo;actions europ\u00e9ennes des Femen. Suite \u00e0 l&rsquo;action, de nombreux m\u00e9dias &hellip; <a href=\"https:\/\/prochoix.org\/?p=300\" class=\"more-link\">Continuer la lecture de <span class=\"screen-reader-text\">Elo\u00efse Bouton, au tribunal pour l&rsquo;action de la Madeleine<\/span>  <span class=\"meta-nav\">&rarr;<\/span><\/a><\/p>\n","protected":false},"author":1,"featured_media":0,"comment_status":"open","ping_status":"open","sticky":false,"template":"","format":"standard","meta":{"footnotes":""},"categories":[17],"tags":[],"_links":{"self":[{"href":"https:\/\/prochoix.org\/index.php?rest_route=\/wp\/v2\/posts\/300"}],"collection":[{"href":"https:\/\/prochoix.org\/index.php?rest_route=\/wp\/v2\/posts"}],"about":[{"href":"https:\/\/prochoix.org\/index.php?rest_route=\/wp\/v2\/types\/post"}],"author":[{"embeddable":true,"href":"https:\/\/prochoix.org\/index.php?rest_route=\/wp\/v2\/users\/1"}],"replies":[{"embeddable":true,"href":"https:\/\/prochoix.org\/index.php?rest_route=%2Fwp%2Fv2%2Fcomments&post=300"}],"version-history":[{"count":1,"href":"https:\/\/prochoix.org\/index.php?rest_route=\/wp\/v2\/posts\/300\/revisions"}],"predecessor-version":[{"id":301,"href":"https:\/\/prochoix.org\/index.php?rest_route=\/wp\/v2\/posts\/300\/revisions\/301"}],"wp:attachment":[{"href":"https:\/\/prochoix.org\/index.php?rest_route=%2Fwp%2Fv2%2Fmedia&parent=300"}],"wp:term":[{"taxonomy":"category","embeddable":true,"href":"https:\/\/prochoix.org\/index.php?rest_route=%2Fwp%2Fv2%2Fcategories&post=300"},{"taxonomy":"post_tag","embeddable":true,"href":"https:\/\/prochoix.org\/index.php?rest_route=%2Fwp%2Fv2%2Ftags&post=300"}],"curies":[{"name":"wp","href":"https:\/\/api.w.org\/{rel}","templated":true}]}}