{"id":302,"date":"2014-03-13T10:04:15","date_gmt":"2014-03-13T09:04:15","guid":{"rendered":"http:\/\/www.prochoix.org\/wordpress\/?p=302"},"modified":"2014-11-23T10:06:52","modified_gmt":"2014-11-23T09:06:52","slug":"jour-de-fred-caroline-fourest-raconte-inna-shevchenko-france-inter","status":"publish","type":"post","link":"https:\/\/prochoix.org\/?p=302","title":{"rendered":"Jour de Fred : Caroline Fourest raconte Inna Shevchenko (France Inter)"},"content":{"rendered":"<p>Fr\u00e9d\u00e9ric Mitterrand re\u00e7oit la journaliste Caroline Fourest pour son livre \u00abInna\u00bb, r\u00e9cit sur la leader des Femen, aux \u00e9ditions Grasset.<br \/>\nA vingt-trois ans, Inna Shevchenko est c\u00e9l\u00e8bre. Qui ne conna\u00eet ses yeux verts, ses cheveux blonds couronn\u00e9s de fleurs, ses seins nus, peints de slogans noirs d\u00e9non\u00e7ant les religions, les dictatures et la prostitution ?<\/p>\n<p>Pourtant, l\u2019ic\u00f4ne politique reste une \u00e9nigme. Qui est vraiment cette \u00e9l\u00e8ve brillante, \u00e9duqu\u00e9e par un p\u00e8re colonel dans l\u2019Ukraine post-sovi\u00e9tique\u00a0? Comment a-t-elle d\u00e9couvert l\u2019engagement politique au lyc\u00e9e, au moment de la R\u00e9volution orange, avant de se jeter \u00e0 corps perdu dans le mouvement Femen\u00a0? Qui est cette femme battue et arr\u00eat\u00e9e cent fois, tortur\u00e9e en Bi\u00e9lorussie, fuyant son pays apr\u00e8s avoir tron\u00e7onn\u00e9 une croix en soutien aux Pussy Riots ?<\/p>\n<p>Caroline Fourest a accompagn\u00e9 Inna d\u00e8s le premier jour de son exil \u00e0 Paris. Elle s\u2019est engag\u00e9e avec elle, parfois contre elle&#8230; Lors des combats de rue face \u00e0 Civitas, pour sauver Amina en Tunisie. Paris serait-elle redevenue la capitale de la r\u00e9volution\u00a0? Bien plus que le portrait d\u2019une h\u00e9ro\u00efne fascinante, ce livre raconte l\u2019odyss\u00e9e d\u2019une frondeuse tourment\u00e9e, tent\u00e9e par le nihilisme, qui exige en tout la libert\u00e9 mais s&rsquo;impose une vie de soldate.<\/p>\n<p>Dans ce r\u00e9cit haletant, tout est vrai\u00a0: la solitude, la force d\u2019\u00e2me, le go\u00fbt un peu \u00e2cre de la v\u00e9rit\u00e9. Tour \u00e0 tour enqu\u00eatrice, conseill\u00e8re, amie, amoureuse et femme libre, Caroline Fourest raconte \u00e0 la fois ses doutes, leurs combats et leur romance. Et pour la premi\u00e8re fois, se livre.<\/p>\n<p><a href=\"http:\/\/www.franceinter.fr\/emission-jour-de-fred-caroline-fourest-raconte-inna-shevchenko#comment-484250\">Pour r\u00e9\u00e9couter l&rsquo;\u00e9mission<\/a><\/p>\n<p><a href=\"http:\/\/www.amazon.fr\/Inna-Caroline-Fourest\/dp\/2246807328\/ref=sr_1_1?ie=UTF8&amp;qid=1394719406&amp;sr=8-1&amp;keywords=Inna\"><img decoding=\"async\" src=\"http:\/\/www.prochoix.org\/cgi\/blog\/images\/inna.jpg\" alt=\"\" \/><\/a><\/p>\n","protected":false},"excerpt":{"rendered":"<p>Fr\u00e9d\u00e9ric Mitterrand re\u00e7oit la journaliste Caroline Fourest pour son livre \u00abInna\u00bb, r\u00e9cit sur la leader des Femen, aux \u00e9ditions Grasset. A vingt-trois ans, Inna Shevchenko est c\u00e9l\u00e8bre. Qui ne conna\u00eet ses yeux verts, ses cheveux blonds couronn\u00e9s de fleurs, ses seins nus, peints de slogans noirs d\u00e9non\u00e7ant les religions, les dictatures et la prostitution ? &hellip; <a href=\"https:\/\/prochoix.org\/?p=302\" class=\"more-link\">Continuer la lecture de <span class=\"screen-reader-text\">Jour de Fred : Caroline Fourest raconte Inna Shevchenko (France Inter)<\/span>  <span class=\"meta-nav\">&rarr;<\/span><\/a><\/p>\n","protected":false},"author":1,"featured_media":0,"comment_status":"open","ping_status":"open","sticky":false,"template":"","format":"standard","meta":{"footnotes":""},"categories":[34],"tags":[],"_links":{"self":[{"href":"https:\/\/prochoix.org\/index.php?rest_route=\/wp\/v2\/posts\/302"}],"collection":[{"href":"https:\/\/prochoix.org\/index.php?rest_route=\/wp\/v2\/posts"}],"about":[{"href":"https:\/\/prochoix.org\/index.php?rest_route=\/wp\/v2\/types\/post"}],"author":[{"embeddable":true,"href":"https:\/\/prochoix.org\/index.php?rest_route=\/wp\/v2\/users\/1"}],"replies":[{"embeddable":true,"href":"https:\/\/prochoix.org\/index.php?rest_route=%2Fwp%2Fv2%2Fcomments&post=302"}],"version-history":[{"count":1,"href":"https:\/\/prochoix.org\/index.php?rest_route=\/wp\/v2\/posts\/302\/revisions"}],"predecessor-version":[{"id":303,"href":"https:\/\/prochoix.org\/index.php?rest_route=\/wp\/v2\/posts\/302\/revisions\/303"}],"wp:attachment":[{"href":"https:\/\/prochoix.org\/index.php?rest_route=%2Fwp%2Fv2%2Fmedia&parent=302"}],"wp:term":[{"taxonomy":"category","embeddable":true,"href":"https:\/\/prochoix.org\/index.php?rest_route=%2Fwp%2Fv2%2Fcategories&post=302"},{"taxonomy":"post_tag","embeddable":true,"href":"https:\/\/prochoix.org\/index.php?rest_route=%2Fwp%2Fv2%2Ftags&post=302"}],"curies":[{"name":"wp","href":"https:\/\/api.w.org\/{rel}","templated":true}]}}