{"id":306,"date":"2014-03-28T10:07:36","date_gmt":"2014-03-28T09:07:36","guid":{"rendered":"http:\/\/www.prochoix.org\/wordpress\/?p=306"},"modified":"2014-11-23T10:08:15","modified_gmt":"2014-11-23T09:08:15","slug":"anciens-militants-du-fn-a-saint-alban-ils-temoignent-marine-plus-dangereuse-que-son-pere","status":"publish","type":"post","link":"https:\/\/prochoix.org\/?p=306","title":{"rendered":"Anciens militants du FN \u00e0 Saint-Alban, ils t\u00e9moignent : \u00abMarine plus dangereuse que son p\u00e8re\u00bb"},"content":{"rendered":"<p>Devant leur maison de Saint Alban, une affiche du FN fra\u00eechement coll\u00e9e monte la garde, comme un avertissement au couple Portheault. Nadia et Thierry avaient d\u00e9fray\u00e9 la chronique pour avoir rendu leur carte et d\u00e9nonc\u00e9 le racisme du parti. Le Front national a port\u00e9 plainte contre eux. Et eux-m\u00eames sortent un livre, \u00abRevenus du Front*\u00bb, ce mercredi.<\/p>\n<p>Pourquoi publier un ouvrage sur votre parcours au FN\u00a0?<\/p>\n<p>Nadia.\u00a0: Ce livre, c\u2019est un peu comme une th\u00e9rapie face \u00e0 la trahison que nous avons v\u00e9cue au Front National. On nous a accus\u00e9s d\u2019avoir \u00e9t\u00e9 manipul\u00e9s par l\u2019UMP ou bien par des partis islamistes. Serge Laroze, le patron du FN31, a dit que nous \u00e9tions \u00abgivr\u00e9s\u00bb. Tout ceci est compl\u00e8tement faux. Ce livre raconte notre \u00e9volution\u00a0: comment nous sommes arriv\u00e9s au parti de Marine Le Pen, quelles sont les personnes qui y gravitent et pourquoi nous avons voulu nous en \u00e9loigner. C\u2019est aussi pour faire profiter \u00e0 d\u2019autres de notre exp\u00e9rience. De plus en plus de jeunes adh\u00e8rent \u00e0 ce parti. Il faut qu\u2019ils connaissent la v\u00e9rit\u00e9.<\/p>\n<p><a href=\"http:\/\/www.ladepeche.fr\/article\/2014\/03\/10\/1835912-marine-plus-dangereuse-que-son-pere.html\" hreflang=\"fr\">Lire la suite http:\/\/www.ladepeche.fr\/article\/2014\/03\/10\/1835912-marine-plus-dangereuse-que-son-pere.html<\/a><br \/>\n<a href=\"http:\/\/iurl.no\/b4f94\" hreflang=\"fr\">[Se procurer l&rsquo;ouvrage\u00a0: http:\/\/iurl.no\/b4f94<\/a>|http:\/\/iurl.no\/b4f94|fr]<\/p>\n","protected":false},"excerpt":{"rendered":"<p>Devant leur maison de Saint Alban, une affiche du FN fra\u00eechement coll\u00e9e monte la garde, comme un avertissement au couple Portheault. Nadia et Thierry avaient d\u00e9fray\u00e9 la chronique pour avoir rendu leur carte et d\u00e9nonc\u00e9 le racisme du parti. Le Front national a port\u00e9 plainte contre eux. Et eux-m\u00eames sortent un livre, \u00abRevenus du Front*\u00bb, &hellip; <a href=\"https:\/\/prochoix.org\/?p=306\" class=\"more-link\">Continuer la lecture de <span class=\"screen-reader-text\">Anciens militants du FN \u00e0 Saint-Alban, ils t\u00e9moignent : \u00abMarine plus dangereuse que son p\u00e8re\u00bb<\/span>  <span class=\"meta-nav\">&rarr;<\/span><\/a><\/p>\n","protected":false},"author":1,"featured_media":0,"comment_status":"open","ping_status":"open","sticky":false,"template":"","format":"standard","meta":{"footnotes":""},"categories":[34],"tags":[],"_links":{"self":[{"href":"https:\/\/prochoix.org\/index.php?rest_route=\/wp\/v2\/posts\/306"}],"collection":[{"href":"https:\/\/prochoix.org\/index.php?rest_route=\/wp\/v2\/posts"}],"about":[{"href":"https:\/\/prochoix.org\/index.php?rest_route=\/wp\/v2\/types\/post"}],"author":[{"embeddable":true,"href":"https:\/\/prochoix.org\/index.php?rest_route=\/wp\/v2\/users\/1"}],"replies":[{"embeddable":true,"href":"https:\/\/prochoix.org\/index.php?rest_route=%2Fwp%2Fv2%2Fcomments&post=306"}],"version-history":[{"count":1,"href":"https:\/\/prochoix.org\/index.php?rest_route=\/wp\/v2\/posts\/306\/revisions"}],"predecessor-version":[{"id":307,"href":"https:\/\/prochoix.org\/index.php?rest_route=\/wp\/v2\/posts\/306\/revisions\/307"}],"wp:attachment":[{"href":"https:\/\/prochoix.org\/index.php?rest_route=%2Fwp%2Fv2%2Fmedia&parent=306"}],"wp:term":[{"taxonomy":"category","embeddable":true,"href":"https:\/\/prochoix.org\/index.php?rest_route=%2Fwp%2Fv2%2Fcategories&post=306"},{"taxonomy":"post_tag","embeddable":true,"href":"https:\/\/prochoix.org\/index.php?rest_route=%2Fwp%2Fv2%2Ftags&post=306"}],"curies":[{"name":"wp","href":"https:\/\/api.w.org\/{rel}","templated":true}]}}