{"id":312,"date":"2014-06-12T10:19:00","date_gmt":"2014-06-12T09:19:00","guid":{"rendered":"http:\/\/www.prochoix.org\/wordpress\/?p=312"},"modified":"2014-11-23T10:19:47","modified_gmt":"2014-11-23T09:19:47","slug":"fn-condamnation-de-dominique-sopo-bal-a-vienne","status":"publish","type":"post","link":"https:\/\/prochoix.org\/?p=312","title":{"rendered":"FN : condamnation de Dominique Sopo (bal \u00e0 Vienne)"},"content":{"rendered":"<p>En janvier 2012, SOS Racisme d\u00e9nonce la pr\u00e9sence de Marine Le Pen \u00e0 un \u00ab\u00a0bal immonde pour nostalgiques du III\u00e8me Reich\u00a0\u00bb. Marine Le Pen, est alors l&rsquo;invit\u00e9e d&rsquo;honneur de Martin Graf, troisi\u00e8me vice-pr\u00e9sident du Parlement autrichien, au bal de l&rsquo;Olympia. Le groupe Olympia est, rappelle SOS Racisme, une corporation secr\u00e8te, interdite aux Juifs et aux femmes. Beaucoup de membres sont des n\u00e9onazis.<\/p>\n<p>Plusieurs journalistes avaient enqu\u00eat\u00e9 sur ce bal\u00a0:<\/p>\n<p><a href=\"http:\/\/www.lexpress.fr\/actualite\/monde\/europe\/marine-le-pen-valse-a-vienne-avec-des-pangermanistes_1076264.html\" hreflang=\"fr\">L&rsquo;express<\/a>\u00a0et\u00a0<a href=\"http:\/\/www.lexpress.fr\/actualite\/monde\/europe\/les-cercles-de-l-autriche-ultra_754439.html\" hreflang=\"fr\">ici<\/a><\/p>\n<p><a href=\"http:\/\/www.lepoint.fr\/politique\/parti-pris\/a-vienne-marine-le-pen-s-est-piegee-toute-seule-02-02-2012-1426558_222.php\" hreflang=\"fr\">Le Point<\/a><\/p>\n<p><a href=\"http:\/\/www.lemonde.fr\/election-presidentielle-2012\/article\/2012\/01\/28\/marine-le-pen-invitee-d-honneur-au-bal-de-l-extreme-droite-europeenne-a-vienne_1635848_1471069.html\" hreflang=\"fr\">Le Monde<\/a><\/p>\n<p>Le 12 juin 2014, le tribunal correctionnel de Paris a condamn\u00e9 Dominique Sopo, ex-pr\u00e9sident de SOS Racisme, \u00e0 verser 1000 euros de dommages et int\u00e9r\u00eats \u00e0 Marine Le Pen pour diffamation. Dominique Sopo a annonc\u00e9 qu&rsquo;il ferait appel de ce jugement.<\/p>\n<p><strong>A. Ba\u00eff<\/strong><\/p>\n","protected":false},"excerpt":{"rendered":"<p>En janvier 2012, SOS Racisme d\u00e9nonce la pr\u00e9sence de Marine Le Pen \u00e0 un \u00ab\u00a0bal immonde pour nostalgiques du III\u00e8me Reich\u00a0\u00bb. Marine Le Pen, est alors l&rsquo;invit\u00e9e d&rsquo;honneur de Martin Graf, troisi\u00e8me vice-pr\u00e9sident du Parlement autrichien, au bal de l&rsquo;Olympia. Le groupe Olympia est, rappelle SOS Racisme, une corporation secr\u00e8te, interdite aux Juifs et aux &hellip; <a href=\"https:\/\/prochoix.org\/?p=312\" class=\"more-link\">Continuer la lecture de <span class=\"screen-reader-text\">FN : condamnation de Dominique Sopo (bal \u00e0 Vienne)<\/span>  <span class=\"meta-nav\">&rarr;<\/span><\/a><\/p>\n","protected":false},"author":1,"featured_media":0,"comment_status":"open","ping_status":"open","sticky":false,"template":"","format":"standard","meta":{"footnotes":""},"categories":[17],"tags":[37,10],"_links":{"self":[{"href":"https:\/\/prochoix.org\/index.php?rest_route=\/wp\/v2\/posts\/312"}],"collection":[{"href":"https:\/\/prochoix.org\/index.php?rest_route=\/wp\/v2\/posts"}],"about":[{"href":"https:\/\/prochoix.org\/index.php?rest_route=\/wp\/v2\/types\/post"}],"author":[{"embeddable":true,"href":"https:\/\/prochoix.org\/index.php?rest_route=\/wp\/v2\/users\/1"}],"replies":[{"embeddable":true,"href":"https:\/\/prochoix.org\/index.php?rest_route=%2Fwp%2Fv2%2Fcomments&post=312"}],"version-history":[{"count":1,"href":"https:\/\/prochoix.org\/index.php?rest_route=\/wp\/v2\/posts\/312\/revisions"}],"predecessor-version":[{"id":313,"href":"https:\/\/prochoix.org\/index.php?rest_route=\/wp\/v2\/posts\/312\/revisions\/313"}],"wp:attachment":[{"href":"https:\/\/prochoix.org\/index.php?rest_route=%2Fwp%2Fv2%2Fmedia&parent=312"}],"wp:term":[{"taxonomy":"category","embeddable":true,"href":"https:\/\/prochoix.org\/index.php?rest_route=%2Fwp%2Fv2%2Fcategories&post=312"},{"taxonomy":"post_tag","embeddable":true,"href":"https:\/\/prochoix.org\/index.php?rest_route=%2Fwp%2Fv2%2Ftags&post=312"}],"curies":[{"name":"wp","href":"https:\/\/api.w.org\/{rel}","templated":true}]}}