{"id":314,"date":"2014-06-12T10:19:55","date_gmt":"2014-06-12T09:19:55","guid":{"rendered":"http:\/\/www.prochoix.org\/wordpress\/?p=314"},"modified":"2014-11-23T10:20:23","modified_gmt":"2014-11-23T09:20:23","slug":"une-victoire-la-condamnation-de-pinar-selek-est-annulee","status":"publish","type":"post","link":"https:\/\/prochoix.org\/?p=314","title":{"rendered":"Une victoire : la condamnation de Pinar Selek est annul\u00e9e !"},"content":{"rendered":"<div class=\"post-content\">\n<p>Le 11 juin 2014, la 9\u00e8me cour de cassation d\u2019Ankara a annul\u00e9 le jugement de condamnation \u00e0 la prison \u00e0 perp\u00e9tuit\u00e9 de Pinar Selek\u00a0! Elle a consid\u00e9r\u00e9 qu\u2019il y avait trop d\u2019ill\u00e9galit\u00e9s au cour du proc\u00e8s. C\u2019est une victoire pour les avocats, pour Pinar Selek, pour la coordination \u00ab\u00a0Nous sommes tous t\u00e9moins\u00a0\u00bb, pour la solidarit\u00e9 internationale, mais surtout pour tous ceux et toutes celles qui luttent pour la justice et la libert\u00e9 en Turquie. Le dossier sera renvoy\u00e9 aupr\u00e8s d\u2019une nouvelle Cour d\u2019assise car le syst\u00e8me judiciaire a \u00e9t\u00e9 remani\u00e9 en Turquie.<\/p>\n<p>Apr\u00e8s 16 ans de luttes, le proc\u00e8s n\u2019est pas termin\u00e9. Tout le monde est fatigu\u00e9 de cet acharnement judiciaire, et rien n\u2019est gagn\u00e9. Pourtant, aujourd\u2019hui, nous sourions et reprenons de la force. Nous admirons les liens que nous avons tiss\u00e9s pendant toutes ces ann\u00e9es et notre capacit\u00e9 \u00e0 cr\u00e9er une multiplicit\u00e9 de r\u00e9sistances.<\/p>\n<p>http:\/\/www.pinarselek.fr<\/p>\n<p>Voir aussi :<a href=\"http:\/\/www.prochoix.org\/cgi\/blog\/index.php\/2014\/04\/03\/2458-lhiver-turc-une-enquete-de-caroline-fourest-et-fiammetta-venner-ce-soir-sur-envoye-special-france-2-20h45\">\u00a0l&rsquo;Hiver turc<\/a><\/p>\n<\/div>\n","protected":false},"excerpt":{"rendered":"<p>Le 11 juin 2014, la 9\u00e8me cour de cassation d\u2019Ankara a annul\u00e9 le jugement de condamnation \u00e0 la prison \u00e0 perp\u00e9tuit\u00e9 de Pinar Selek\u00a0! Elle a consid\u00e9r\u00e9 qu\u2019il y avait trop d\u2019ill\u00e9galit\u00e9s au cour du proc\u00e8s. C\u2019est une victoire pour les avocats, pour Pinar Selek, pour la coordination \u00ab\u00a0Nous sommes tous t\u00e9moins\u00a0\u00bb, pour la solidarit\u00e9 &hellip; <a href=\"https:\/\/prochoix.org\/?p=314\" class=\"more-link\">Continuer la lecture de <span class=\"screen-reader-text\">Une victoire : la condamnation de Pinar Selek est annul\u00e9e !<\/span>  <span class=\"meta-nav\">&rarr;<\/span><\/a><\/p>\n","protected":false},"author":1,"featured_media":0,"comment_status":"open","ping_status":"open","sticky":false,"template":"","format":"standard","meta":{"footnotes":""},"categories":[14],"tags":[],"_links":{"self":[{"href":"https:\/\/prochoix.org\/index.php?rest_route=\/wp\/v2\/posts\/314"}],"collection":[{"href":"https:\/\/prochoix.org\/index.php?rest_route=\/wp\/v2\/posts"}],"about":[{"href":"https:\/\/prochoix.org\/index.php?rest_route=\/wp\/v2\/types\/post"}],"author":[{"embeddable":true,"href":"https:\/\/prochoix.org\/index.php?rest_route=\/wp\/v2\/users\/1"}],"replies":[{"embeddable":true,"href":"https:\/\/prochoix.org\/index.php?rest_route=%2Fwp%2Fv2%2Fcomments&post=314"}],"version-history":[{"count":1,"href":"https:\/\/prochoix.org\/index.php?rest_route=\/wp\/v2\/posts\/314\/revisions"}],"predecessor-version":[{"id":315,"href":"https:\/\/prochoix.org\/index.php?rest_route=\/wp\/v2\/posts\/314\/revisions\/315"}],"wp:attachment":[{"href":"https:\/\/prochoix.org\/index.php?rest_route=%2Fwp%2Fv2%2Fmedia&parent=314"}],"wp:term":[{"taxonomy":"category","embeddable":true,"href":"https:\/\/prochoix.org\/index.php?rest_route=%2Fwp%2Fv2%2Fcategories&post=314"},{"taxonomy":"post_tag","embeddable":true,"href":"https:\/\/prochoix.org\/index.php?rest_route=%2Fwp%2Fv2%2Ftags&post=314"}],"curies":[{"name":"wp","href":"https:\/\/api.w.org\/{rel}","templated":true}]}}