{"id":318,"date":"2014-06-23T10:21:03","date_gmt":"2014-06-23T09:21:03","guid":{"rendered":"http:\/\/www.prochoix.org\/wordpress\/?p=318"},"modified":"2014-11-23T10:21:25","modified_gmt":"2014-11-23T09:21:25","slug":"m-hamon-generalisez-les-abcd-de-legalite","status":"publish","type":"post","link":"https:\/\/prochoix.org\/?p=318","title":{"rendered":"M. Hamon, g\u00e9n\u00e9ralisez les ABCD de l&rsquo;\u00e9galit\u00e9 !"},"content":{"rendered":"<p>Nous, associations de promotion de l\u2019\u00e9galit\u00e9 femmes-hommes, association de parents d\u2019\u00e9l\u00e8ves, syndicats des personnels de l\u2019\u00c9ducation nationale, d\u2019\u00e9tudiant-es et de lyc\u00e9en-nes, attendons de pied ferme l\u2019annonce de la g\u00e9n\u00e9ralisation du dispositif des \u00ab\u00a0ABCD de l\u2019\u00e9galit\u00e9\u00a0\u00bb, \u00e0 la veille des d\u00e9clarations de Beno\u00eet Hamon sur le sujet.<br \/>\nNous voulons la g\u00e9n\u00e9ralisation des ABCD parce qu\u2019ils sont efficaces\u00a0! Ils interrogent les enseignants et enseignantes sur leurs repr\u00e9sentations et leurs pratiques. Ils questionnent les enfants sur leurs imaginaires et leurs projections, d\u2019eux-m\u00eames et des autres. Et mettre en cause les st\u00e9r\u00e9otypes de sexe, c\u2019est enrayer la machine \u00e0 in\u00e9galit\u00e9s\u00a0! Les ABCD font vivre concr\u00e8tement cet id\u00e9al d&rsquo;\u00e9galit\u00e9, fi\u00e8rement affich\u00e9 sur les frontons de nos \u00e9coles publiques.<br \/>\nNous voulons la g\u00e9n\u00e9ralisation des ABCD parce que le bilan des 30 ans de politiques publiques d\u2019\u00e9ducation \u00e0 l\u2019\u00e9galit\u00e9 est insuffisant et qu\u2019il y a urgence \u00e0 agir\u00a0! A-t-on besoin de rappeler qu\u2019aujourd\u2019hui encore, la majorit\u00e9 des femmes est cantonn\u00e9e dans moins de 15% des fili\u00e8res professionnelles\u00a0? Que malgr\u00e9 leur fort taux de r\u00e9ussite scolaire, les femmes gagnent encore 27% de moins que les hommes\u00a0? A quoi bon inciter les lyc\u00e9ennes \u00e0 s\u2019orienter vers des fili\u00e8res d\u2019ing\u00e9nieur si les st\u00e9r\u00e9otypes de sexe ne sont pas d\u00e9construits\u00a0? N&rsquo;est-ce pas le r\u00f4le de l&rsquo;\u00e9cole ?<\/p>\n<p>UN MONDE SANS DISCRIMINATION SEXISTE<\/p>\n<p>Nous voulons la g\u00e9n\u00e9ralisation des ABCD parce que nous attendons depuis trop longtemps une l\u00e9gitimit\u00e9 institutionnelle et perdons patience\u00a0! Nous portons tant bien que mal et \u00e0 bout de bras l\u2019\u00e9galit\u00e9 depuis des d\u00e9cennies. Chacun \u00e0 notre niveau, nous organisons des journ\u00e9es de l\u2019\u00e9galit\u00e9 par-ci, des r\u00e9unions de sensibilisation par l\u00e0. Sans moyen humain ou financier \u00e0 hauteur de cet enjeu. Port\u00e9s par notre volont\u00e9 de construire un monde sans discrimination sexiste. Nous avons aujourd\u2019hui besoin d\u2019un appui, de poser les fondamentaux qui nous permettent de poursuivre notre action.<br \/>\nNous voulons la g\u00e9n\u00e9ralisation des ABCD parce que renoncer aux engagements est d\u00e9sastreux pour la d\u00e9mocratie et qu\u2019il en va du bien-\u00eatre des enfants. Votre volont\u00e9 affich\u00e9e de faire de l\u2019\u00e9galit\u00e9 un marqueur identitaire de votre politique a soulev\u00e9 l\u2019espoir de voir se concr\u00e9tiser le projet de progr\u00e8s qui nous rassemble\u00a0: faire grandir cette soci\u00e9t\u00e9 \u00e9galitaire. Cette volont\u00e9 pourrait donc \u00eatre tu\u00e9e par le lobbying de quelques organisations r\u00e9actionnaires, dont le projet ne trouve aucune convergence avec celui que vous nous aviez promis de d\u00e9fendre\u00a0?<br \/>\nNous voulons la g\u00e9n\u00e9ralisation des ABCD parce que ce dispositif est innovant. Il est salutaire. Et il a fait ses preuves sur le terrain. Il sera compl\u00e9mentaire des efforts \u00e0 poursuivre sur la formation initiale et continue des enseignant-e-s et sur les programmes. Car pour changer d\u2019\u00e9chelle enfin, il faut des temps d\u00e9di\u00e9s au sujet, des outils d\u00e9di\u00e9s, un accompagnement des enseignant-e-s d\u00e9di\u00e9, et un v\u00e9ritable portage politique\u00a0! C\u2019est en articulant une action transversale \u2013 programme et formation des enseignants &#8211; et sp\u00e9cifique \u2013 dispositifs d\u00e9di\u00e9s en classe &#8211; que l\u2019\u00e9galit\u00e9 progressera.<\/p>\n<p>M. Hollande, M. Valls, M. Hamon, Mme Vallaud-Belkacem, vous allez prochainement d\u00e9cider du sort qui sera r\u00e9serv\u00e9 \u00e0 ce dispositif de l&rsquo;\u00e9galit\u00e9. Nous comptons sur vous pour poursuivre la politique d&rsquo;\u00e9ducation \u00e0 l\u2019\u00e9galit\u00e9, la d\u00e9ployer \u00e0 l&rsquo;ensemble du territoire, et l\u2019inscrire dans la dur\u00e9e. Cette politique passe notamment par la g\u00e9n\u00e9ralisation des ABCD.<\/p>\n<p><strong>Premier-e-s signataires<\/strong><\/p>\n<p><strong>Associations<\/strong><br \/>\nOsez le f\u00e9minisme !, Collectif \u00e9ducation contre les LGBTphobies en milieu scolaire et universitaire (regroupant FCPE, Fep-CFDT, Ferc-CGT, FSU, Sgen-CFDT, Sud \u00e9ducation, UNEF, FIDL, UNL), InterLGBT , ARGEF (Association de Recherche pour le Genre en Education et Formation), ANEF (Association nationale des \u00e9tudes f\u00e9ministes), Femmes Ing\u00e9nieurs, Femmes &amp; Sciences, Femmes et math\u00e9matiques, Institut Emilie du Ch\u00e2telet pour le d\u00e9veloppement et la diffusion des \u00e9tudes sur les femmes, le sexe et le genre, Collectif \u00ab\u00a0Genre, recherche, \u00e9ducation\u00a0\u00bb, \u00e9quipe genre &amp; \u00e9ducation, ESP\u00e9 UT2, Centre EPS et Soci\u00e9t\u00e9, Les F\u00e9ministes en Mouvement, Association FIT, une femme, un toit, l\u2019Assembl\u00e9e des femmes , F\u00e9d\u00e9ration Nationale Solidarit\u00e9 Femmes, R\u00e9ussir l&rsquo;\u00e9galit\u00e9 femmes-hommes, Le Planning Familial (MFPF), Association Du c\u00f4t\u00e9 des Femmes, Les Enfants d\u2019Arc en Ciel \u2013 l\u2019asso, Centre LGBT Paris-\u00cele-De-France, le Long Yang Club &#8211; Paris, Collectif National Droits des Femmes, Collectif F\u00e9ministe Contre le Viol, CRIFIP et Le monde \u00e0 Travers un Regard, Femmes pour le Dire, Femmes pour Agir, F\u00e9minisme et G\u00e9opolitique, Fi\u00e8rEs<\/p>\n<p><strong>Chercheur-se-s, enseignant-e-s et personnalit\u00e9s<\/strong><br \/>\nSalle Murielle Ma\u00eetresse de conf\u00e9rences en histoire contemporaine (Universit\u00e9 Claude Bernard Lyon 1 \u2013 ESPE de Lyon), Responsable de la mise en \u0153uvre de l\u2019ABCD de l\u2019Egalit\u00e9 dans l\u2019Acad\u00e9mie du Rh\u00f4ne\u00a0; Vouillot Fran\u00e7oise Ma\u00eetresse de conf\u00e9rences en psychologie de l&rsquo;orientation, Membre du Haut Conseil \u00e0 l&rsquo;Egalit\u00e9 entre les femmes et les hommes, Vidal Catherine neurobiologiste, directrice de recherche \u00e0 l&rsquo;Institut Pasteur\u00a0; Mercader Patricia Professeur de psychologie sociale, Charg\u00e9e de mission Egalit\u00e9 Femmes-Hommes, Universit\u00e9 Lumi\u00e8re-Lyon 2\u00a0; Favre C\u00e9cile Ma\u00eetresse de conf\u00e9rences en informatique \u00e0 l&rsquo;universit\u00e9 Lyon 2. Responsable locale des Masters EGALES et EGALITES\u00a0; Zancarini-Fournel Michelle PR \u00e9m\u00e9rite histoire des femmes et du genre,universite Lyon1,Comit\u00e9 de r\u00e9daction de CLIO FGH\u00a0; Mennesson Christine Sociologue, Directrice du laboratoire PRISSMH-SOI, Vice-pr\u00e9sidente \u00e0 l&rsquo;Egalit\u00e9 Active, Universit\u00e9 Paul Sabatier Toulouse III\u00a0; Molinier Pascale Professeure de psychologie sociale, Directrice de l&rsquo;UTRPP Universit\u00e9 Paris 13, Sorbonne Paris Cit\u00e9\u00a0; Lapeyre Nathalie Universit\u00e9 Toulouse Jean Jaur\u00e8s MCF sociologie du genre\u00a0; Declercq Christelle Vice-presidente Ressources humaines et relations sociales Universit\u00e9 de Reims Champagne-Ardenne\u00a0; Collet Isabelle Ma\u00eetre d&rsquo;enseignement et de recherche, Groupe Relations Interculturelles et Formation des Enseignants \u2013 Genre et Education (Grife-ge), Universit\u00e9 de Gen\u00e8ve\u00a0; Pezeu Genevi\u00e8ve Formatrice \u00e9galit\u00e9 femmes\/hommes et citoyennet\u00e9, $Coordinatrice de recherche\u00a0; Gosset St\u00e9phanie doctorante \u00e0 l&rsquo;Universit\u00e9 de Tours, psychologue sociale\u00a0; Ottogalli C\u00e9cile historienne du sport, Universit\u00e9 de Lyon1\u00a0; Boehringer Sandra historienne, Universit\u00e9 de Strasbourg\u00a0; LECHENET Annie MCF \u00e0 l&rsquo;Universit\u00e9 Lyon 1 &#8211; ESPE, membre du groupe GEM (Genre Egalit\u00e9 Mixit\u00e9) de l&rsquo;ESPE de Lyon, et co-responsable de la recherche ANR \u00ab\u00a0Pratiques genr\u00e9es et violences entre pairs\u00a0: les enjeux socio-\u00e9ducatifs e la mixit\u00e9 au quotidien dans les \u00e9tablissements scolaires\u00a0\u00bb\u00a0; Tain Laurence MCF socio Lyon2, Marie Cervetti, Directrice de l&rsquo;association FIT, une femme, un toit , Membre du Haut Conseil \u00e0 l&rsquo;\u00e9galit\u00e9 entre les femmes et les hommes, Fran\u00e7oise Bri\u00e9 Porte Parole FNSF, Bastide Karine enseignante, Bertrand Karine professeure de lettres-histoire en lyc\u00e9e professionnel, Blanchard Val\u00e9rie Enseignante, Dorvaux Karine professeure des \u00e9coles, Bourdier-Porhel, Isabelle professeurs d&rsquo;histoire-geographie, Chignier Marianne enseignante en maternelle dans l&rsquo;Yonne, Brodziak Sylvie enseigante-chercheure, Chaperon Sylvie Professeure d\u2019histoire contemporaine du genre, Universit\u00e9 de Toulouse Jean Jaures, Morenas Stella Enseignante, Caroline de Haas, militante F\u00e9ministe, Martine Storti Inspectrice g\u00e9n\u00e9rale de l&rsquo;\u00e9ducation nationale honoraire, Dutrop-Voutsinos Violaine Pr\u00e9sidente fondatrice de l&rsquo;Institut EgaliGone, Chaouat Gerard directeur recherches \u00e9m\u00e9rite cnrs, SNCS FSU, Eric Piolle, maire de Grenoble et les \u00e9lu-e-s de la majorit\u00e9 municipale<\/p>\n<p>Les signatures restent ouvertes, si vous souhaitez ajouter la v\u00f4tre, merci de compl\u00e9ter ce formulaire https:\/\/docs.google.com\/forms\/d\/1MoDX3uW2CRBwYbepD-uVmNM9L9lNRNqKXJo6mbO&#8230;<\/p>\n","protected":false},"excerpt":{"rendered":"<p>Nous, associations de promotion de l\u2019\u00e9galit\u00e9 femmes-hommes, association de parents d\u2019\u00e9l\u00e8ves, syndicats des personnels de l\u2019\u00c9ducation nationale, d\u2019\u00e9tudiant-es et de lyc\u00e9en-nes, attendons de pied ferme l\u2019annonce de la g\u00e9n\u00e9ralisation du dispositif des \u00ab\u00a0ABCD de l\u2019\u00e9galit\u00e9\u00a0\u00bb, \u00e0 la veille des d\u00e9clarations de Beno\u00eet Hamon sur le sujet. Nous voulons la g\u00e9n\u00e9ralisation des ABCD parce qu\u2019ils sont &hellip; <a href=\"https:\/\/prochoix.org\/?p=318\" class=\"more-link\">Continuer la lecture de <span class=\"screen-reader-text\">M. Hamon, g\u00e9n\u00e9ralisez les ABCD de l&rsquo;\u00e9galit\u00e9 !<\/span>  <span class=\"meta-nav\">&rarr;<\/span><\/a><\/p>\n","protected":false},"author":1,"featured_media":0,"comment_status":"open","ping_status":"open","sticky":false,"template":"","format":"standard","meta":{"footnotes":""},"categories":[3],"tags":[],"_links":{"self":[{"href":"https:\/\/prochoix.org\/index.php?rest_route=\/wp\/v2\/posts\/318"}],"collection":[{"href":"https:\/\/prochoix.org\/index.php?rest_route=\/wp\/v2\/posts"}],"about":[{"href":"https:\/\/prochoix.org\/index.php?rest_route=\/wp\/v2\/types\/post"}],"author":[{"embeddable":true,"href":"https:\/\/prochoix.org\/index.php?rest_route=\/wp\/v2\/users\/1"}],"replies":[{"embeddable":true,"href":"https:\/\/prochoix.org\/index.php?rest_route=%2Fwp%2Fv2%2Fcomments&post=318"}],"version-history":[{"count":1,"href":"https:\/\/prochoix.org\/index.php?rest_route=\/wp\/v2\/posts\/318\/revisions"}],"predecessor-version":[{"id":319,"href":"https:\/\/prochoix.org\/index.php?rest_route=\/wp\/v2\/posts\/318\/revisions\/319"}],"wp:attachment":[{"href":"https:\/\/prochoix.org\/index.php?rest_route=%2Fwp%2Fv2%2Fmedia&parent=318"}],"wp:term":[{"taxonomy":"category","embeddable":true,"href":"https:\/\/prochoix.org\/index.php?rest_route=%2Fwp%2Fv2%2Fcategories&post=318"},{"taxonomy":"post_tag","embeddable":true,"href":"https:\/\/prochoix.org\/index.php?rest_route=%2Fwp%2Fv2%2Ftags&post=318"}],"curies":[{"name":"wp","href":"https:\/\/api.w.org\/{rel}","templated":true}]}}