{"id":354,"date":"2014-11-23T13:05:08","date_gmt":"2014-11-23T12:05:08","guid":{"rendered":"http:\/\/www.prochoix.org\/wordpress\/?p=354"},"modified":"2015-02-21T13:06:06","modified_gmt":"2015-02-21T12:06:06","slug":"hiver-turc","status":"publish","type":"post","link":"https:\/\/prochoix.org\/?p=354","title":{"rendered":"Hiver turc"},"content":{"rendered":"<p>Malgr\u00e9 un score \u00e9lectoral confortable et le fait d\u2019avoir conserv\u00e9 ses principaux fiefs lors derni\u00e8res \u00e9lections municipales, le parti islamiste de l\u2019AKP, au pouvoir depuis douze ans, est de plus en plus contest\u00e9 et de moins en moins pr\u00e9sent\u00e9 comme un \u00ab mod\u00e8le \u00bb. Longtemps, des observateurs y ont vu un exemple, la preuve qu\u2019un gouvernement islamiste pouvait respecter la d\u00e9mocratie et la la\u00efcit\u00e9. Ce printemps cachait un hiver.<\/p>\n<p>L\u2019enqu\u00eate de Caroline Fourest et de Fiammetta Venner est \u00e9difiante. Loin des promesses, la politique qui est men\u00e9e est bien une politique visant \u00e0 utiliser la d\u00e9mocratie pour faire reculer la la\u00efcit\u00e9 et les libert\u00e9s individuelles en Turquie.<\/p>\n<p>Proc\u00e8s arbitraires contre des la\u00efques et des journalistes, transformation de miliers d\u2019\u00e9coles publiques en \u00e9coles religieuses, mise au pas des minorit\u00e9s comme les Alevi, r\u00e9pression de la jeunesse contestataire lors des manifestations de la Place Taksim, et plus r\u00e9cemment censure de Twitter pour faire taire les r\u00e9v\u00e9lations sur la corruption\u2026 L\u2019illusion d\u2019un pouvoir turc \u00ab islamiste mod\u00e9r\u00e9 \u00bb est bel et bien en train de fissurer.<\/p>\n<p>&nbsp;<\/p>\n<p><iframe loading=\"lazy\" width=\"474\" height=\"267\" src=\"https:\/\/www.youtube.com\/embed\/0zCoDoh0B2E?feature=oembed\" frameborder=\"0\" allowfullscreen><\/iframe><\/p>\n","protected":false},"excerpt":{"rendered":"<p>Malgr\u00e9 un score \u00e9lectoral confortable et le fait d\u2019avoir conserv\u00e9 ses principaux fiefs lors derni\u00e8res \u00e9lections municipales, le parti islamiste de l\u2019AKP, au pouvoir depuis douze ans, est de plus en plus contest\u00e9 et de moins en moins pr\u00e9sent\u00e9 comme un \u00ab mod\u00e8le \u00bb. Longtemps, des observateurs y ont vu un exemple, la preuve qu\u2019un &hellip; <a href=\"https:\/\/prochoix.org\/?p=354\" class=\"more-link\">Continuer la lecture de <span class=\"screen-reader-text\">Hiver turc<\/span>  <span class=\"meta-nav\">&rarr;<\/span><\/a><\/p>\n","protected":false},"author":1,"featured_media":0,"comment_status":"open","ping_status":"open","sticky":false,"template":"","format":"standard","meta":{"footnotes":""},"categories":[4],"tags":[36,55,53,54],"_links":{"self":[{"href":"https:\/\/prochoix.org\/index.php?rest_route=\/wp\/v2\/posts\/354"}],"collection":[{"href":"https:\/\/prochoix.org\/index.php?rest_route=\/wp\/v2\/posts"}],"about":[{"href":"https:\/\/prochoix.org\/index.php?rest_route=\/wp\/v2\/types\/post"}],"author":[{"embeddable":true,"href":"https:\/\/prochoix.org\/index.php?rest_route=\/wp\/v2\/users\/1"}],"replies":[{"embeddable":true,"href":"https:\/\/prochoix.org\/index.php?rest_route=%2Fwp%2Fv2%2Fcomments&post=354"}],"version-history":[{"count":1,"href":"https:\/\/prochoix.org\/index.php?rest_route=\/wp\/v2\/posts\/354\/revisions"}],"predecessor-version":[{"id":355,"href":"https:\/\/prochoix.org\/index.php?rest_route=\/wp\/v2\/posts\/354\/revisions\/355"}],"wp:attachment":[{"href":"https:\/\/prochoix.org\/index.php?rest_route=%2Fwp%2Fv2%2Fmedia&parent=354"}],"wp:term":[{"taxonomy":"category","embeddable":true,"href":"https:\/\/prochoix.org\/index.php?rest_route=%2Fwp%2Fv2%2Fcategories&post=354"},{"taxonomy":"post_tag","embeddable":true,"href":"https:\/\/prochoix.org\/index.php?rest_route=%2Fwp%2Fv2%2Ftags&post=354"}],"curies":[{"name":"wp","href":"https:\/\/api.w.org\/{rel}","templated":true}]}}