{"id":366,"date":"2015-02-11T11:10:40","date_gmt":"2015-02-11T10:10:40","guid":{"rendered":"http:\/\/www.prochoix.org\/wordpress\/?p=366"},"modified":"2015-02-22T11:11:46","modified_gmt":"2015-02-22T10:11:46","slug":"handicap-dix-ans-apres-la-loi-lemploi-ne-decolle-pas","status":"publish","type":"post","link":"https:\/\/prochoix.org\/?p=366","title":{"rendered":"Handicap: dix ans apr\u00e8s la loi, l&#8217;emploi ne d\u00e9colle pas"},"content":{"rendered":"<p>L\u2019int\u00e9gration des personnes handicap\u00e9es dans le monde du travail a progress\u00e9, mais pas autant qu&rsquo;esp\u00e9r\u00e9.<\/p>\n<div class=\"text\">\n<p><a href=\"http:\/\/informations.handicap.fr\/decret-loi-fevrier-2005.php\" target=\"_blank\">La loi du 11 f\u00e9vrier 2005<\/a>\u00a0avait \u00e9t\u00e9 salu\u00e9e de toutes parts comme \u00e9tant une avanc\u00e9e majeure et un texte fondamental en faveur de la citoyennet\u00e9 des personnes handicap\u00e9es. \u00ab\u00a0<em>Cela fait partie des grandes lois de la soci\u00e9t\u00e9 fran\u00e7aise, c<\/em>onfirme Eric Blanchet, directeur g\u00e9n\u00e9ral de l\u2019Adapt (association pour l\u2019insertion sociale et professionnelle des personnes handicap\u00e9es)<em>. Mais ce sont des lois qui prennent \u00e9norm\u00e9ment de temps<\/em>\u00ab\u00a0.<\/p>\n<p>De fait, dix ans plus tard, si des progr\u00e8s sont ind\u00e9niables, les effets sont loin des espoirs suscit\u00e9s par l\u2019adoption du texte. En mati\u00e8re d\u2019emploi, le handicap est enfin devenu un vrai sujet au sein des entreprises. Mais le ch\u00f4mage des personnes handicap\u00e9es demeure largement sup\u00e9rieur \u00e0 celui de la population g\u00e9n\u00e9rale et les axes de progression sont nombreux.<\/p>\n<h3>Plus de personnes handicap\u00e9es en emploi&#8230;<\/h3>\n<p>La loi de 2005\u00a0<a href=\"http:\/\/www.handiplace.org\/pageinfo.php?type=2&amp;page=627\" target=\"_blank\">a durci les sanctions financi\u00e8res<\/a>\u00a0impos\u00e9es depuis 1987 aux entreprises de plus de 20 salari\u00e9s n\u2019employant pas au minimum 6% de travailleurs handicap\u00e9s. R\u00e9sultat, le nombre de personnes handicap\u00e9es travaillant dans ces structures a doubl\u00e9 entre 2006 et 2012, passant \u00e0 361.700,<a href=\"http:\/\/www.faire-face.fr\/2015\/02\/09\/handicap-dix-bougies-mouillees-pour-la-loi-de-2005\/\" target=\"_blank\">\u00a0comme le souligne le site faire-face.fr<\/a>, \u00e9dit\u00e9 par l\u2019Association des paralys\u00e9s de France (APF). Et seules 8% des entreprises soumises au quota n\u2019emploient aucun salari\u00e9 handicap\u00e9, que ce soit directement ou indirectement (<a href=\"http:\/\/www.agefiph.fr\/Entreprise\/Dossiers-pratiques\/Sous-traiter-aux-secteurs-protege-et-adapte-quels-avantages\" target=\"_blank\">via la sous-traitance<\/a>).<\/p>\n<p>Le taux d\u2019emploi reste toutefois loin de l\u2019objectif, \u00e0 3,1% en 2012. Jusqu\u2019alors exempt\u00e9e, la fonction publique est soumise depuis 2005 \u00e0 ce m\u00eame quota. Meilleure \u00e9l\u00e8ve que le priv\u00e9,\u00a0<a href=\"http:\/\/lentreprise.lexpress.fr\/actualites\/1\/actualites\/taux-d-emploi-des-handicapes-dans-la-fonction-publique-4-9-en-2014_1649328.html\" target=\"_blank\">elle compte 4,9% de personnes handicap\u00e9es<\/a>. Ces chiffres ne traduisent toutefois pas n\u00e9cessairement une hausse des embauches. Nombre de personnes qui \u00e9taient d\u00e9j\u00e0 handicap\u00e9es mais n\u2019en avaient pas fait la d\u00e9claration officielle ont, gr\u00e2ce \u00e0 la communication qui a entour\u00e9 cette loi, demand\u00e9 et obtenu une reconnaissance de la qualit\u00e9 de travailleur handicap\u00e9 (RQTH).<\/p>\n<div>\n<h3>\u2026 mais aussi davantage au ch\u00f4mage<\/h3>\n<p>Fin 2014, pr\u00e8s de 430.000 travailleurs handicap\u00e9s \u00e9taient en recherche d\u2019emploi, un chiffre qui a plus que doubl\u00e9 depuis 2007. Le taux de ch\u00f4mage des personnes handicap\u00e9es atteint les 22%, plus de deux fois celui de la population active. Et un ch\u00f4meur handicap\u00e9 sur deux l\u2019est depuis plus d\u2019un an. \u00ab\u00a0<em>Avec les 10 ans de la loi de 2005, on va peut-\u00eatre f\u00eater les 500.000 demandeurs d\u2019emploi en situation de handicap<\/em>\u00ab\u00a0, s\u2019inqui\u00e8te V\u00e9ronique Bustreel, conseill\u00e8re nationale emploi formation \u00e0 l\u2019APF.<\/p>\n<p>\u00ab\u00a0<em>Avec la loi de 1987, il y avait un int\u00e9r\u00eat pour le sujet, mais limit\u00e9. Avec celle de 2005, c\u2019est devenu un enjeu de management et d\u2019organisation<\/em>\u00ab\u00a0, se f\u00e9licite V\u00e9ronique Bustreel.\u00a0<a href=\"http:\/\/www.youphil.com\/fr\/article\/07844-charge-de-mission-handicap-metier-de-conviction\" target=\"_blank\">Des missions handicap ont \u00e9t\u00e9 cr\u00e9\u00e9es<\/a>\u00a0dans les grandes soci\u00e9t\u00e9s et des managers de diff\u00e9rents services, tels les RH ou les achats, se sont saisi de la question. Une dynamique qui permet de sensibiliser davantage les salari\u00e9s et de mieux am\u00e9nager les postes de ceux qui en ont besoin.<\/p>\n<p>&nbsp;<\/p>\n<p>Pour lire la suite\u00a0<a href=\"http:\/\/www.youphil.com\/fr\/article\/07863-handicap-dix-ans-apres-la-loi-emploi-ne-decolle-pas?utm_source=newsletter&amp;amp;utm_medium=email&amp;amp;utm_campaign=yp-essentiel&amp;amp;utm_content=Volontariat,%20philanthropie,%20d\u00e9forestation\u2026%20L&amp;#039;actu_qu=&amp;#039;il_ne_fallait_pas_rater=&amp;amp;ypcli=ano\">http:\/\/www.youphil.com\/fr\/article\/07863-handicap-dix-ans-apres-la-loi-emploi-ne-decolle-pas?utm_source=newsletter&amp;amp;utm_medium=email&amp;amp;utm_campaign=yp-essentiel&amp;amp;utm_content=Volontariat,%20philanthropie,%20d\u00e9forestation\u2026%20L&amp;#039;actu_qu=&amp;#039;il_ne_fallait_pas_rater=&amp;amp;ypcli=ano<\/a><\/p>\n<\/div>\n<\/div>\n","protected":false},"excerpt":{"rendered":"<p>L\u2019int\u00e9gration des personnes handicap\u00e9es dans le monde du travail a progress\u00e9, mais pas autant qu&rsquo;esp\u00e9r\u00e9. La loi du 11 f\u00e9vrier 2005\u00a0avait \u00e9t\u00e9 salu\u00e9e de toutes parts comme \u00e9tant une avanc\u00e9e majeure et un texte fondamental en faveur de la citoyennet\u00e9 des personnes handicap\u00e9es. \u00ab\u00a0Cela fait partie des grandes lois de la soci\u00e9t\u00e9 fran\u00e7aise, confirme Eric &hellip; <a href=\"https:\/\/prochoix.org\/?p=366\" class=\"more-link\">Continuer la lecture de <span class=\"screen-reader-text\">Handicap: dix ans apr\u00e8s la loi, l&#8217;emploi ne d\u00e9colle pas<\/span>  <span class=\"meta-nav\">&rarr;<\/span><\/a><\/p>\n","protected":false},"author":1,"featured_media":0,"comment_status":"open","ping_status":"open","sticky":false,"template":"","format":"standard","meta":{"footnotes":""},"categories":[8],"tags":[],"_links":{"self":[{"href":"https:\/\/prochoix.org\/index.php?rest_route=\/wp\/v2\/posts\/366"}],"collection":[{"href":"https:\/\/prochoix.org\/index.php?rest_route=\/wp\/v2\/posts"}],"about":[{"href":"https:\/\/prochoix.org\/index.php?rest_route=\/wp\/v2\/types\/post"}],"author":[{"embeddable":true,"href":"https:\/\/prochoix.org\/index.php?rest_route=\/wp\/v2\/users\/1"}],"replies":[{"embeddable":true,"href":"https:\/\/prochoix.org\/index.php?rest_route=%2Fwp%2Fv2%2Fcomments&post=366"}],"version-history":[{"count":1,"href":"https:\/\/prochoix.org\/index.php?rest_route=\/wp\/v2\/posts\/366\/revisions"}],"predecessor-version":[{"id":367,"href":"https:\/\/prochoix.org\/index.php?rest_route=\/wp\/v2\/posts\/366\/revisions\/367"}],"wp:attachment":[{"href":"https:\/\/prochoix.org\/index.php?rest_route=%2Fwp%2Fv2%2Fmedia&parent=366"}],"wp:term":[{"taxonomy":"category","embeddable":true,"href":"https:\/\/prochoix.org\/index.php?rest_route=%2Fwp%2Fv2%2Fcategories&post=366"},{"taxonomy":"post_tag","embeddable":true,"href":"https:\/\/prochoix.org\/index.php?rest_route=%2Fwp%2Fv2%2Ftags&post=366"}],"curies":[{"name":"wp","href":"https:\/\/api.w.org\/{rel}","templated":true}]}}