{"id":37,"date":"2014-10-29T18:37:55","date_gmt":"2014-10-29T17:37:55","guid":{"rendered":"http:\/\/www.prochoix.org\/wordpress\/?p=37"},"modified":"2014-11-16T18:39:10","modified_gmt":"2014-11-16T17:39:10","slug":"tunisie-defaite-historique-des-islamistes-caroline-fourest","status":"publish","type":"post","link":"https:\/\/prochoix.org\/?p=37","title":{"rendered":"Tunisie : d\u00e9faite historique des islamistes (Caroline Fourest)"},"content":{"rendered":"<p>Les islamistes ont reconnu leur d\u00e9faite. Si elle se confirme, elle est historique et vient d\u00e9mentir ceux qui, parmi les journalistes ou les diplomates, n\u2019ont cess\u00e9 de r\u00e9p\u00e9ter que les int\u00e9gristes repr\u00e9sentaient la Tunisie v\u00e9ritable. Ceux-l\u00e0 n\u2019ont pas voulu voir la col\u00e8re, profonde et populaire, contre Ennahdha et ses alli\u00e9s.<\/p>\n<p><strong>Une photographie plus juste qu\u2019apr\u00e8s la R\u00e9volution<\/strong><\/p>\n<p><a href=\"http:\/\/www.huffingtonpost.fr\/2014\/10\/27\/elections-tunisie-ennahda-deuxiemes-nidaa-tounes-victoire_n_6054026.html?utm_hp_ref=france\" target=\"_hplink\">Le r\u00e9sultat annonc\u00e9\u00a0<\/a>n\u2019est pas un revirement, mais le retour \u00e0 une photographie r\u00e9elle de la Tunisie. Le score des int\u00e9gristes au lendemain de la R\u00e9volution s\u2019expliquait essentiellement par le fait qu\u2019ils \u00e9taient \u00e0 la fois les martyrs les plus connus du r\u00e9gime de Ben Ali et les mieux organis\u00e9s pour tirer profit de son d\u00e9part. Les forces la\u00efques s\u2019\u00e9taient pr\u00e9sent\u00e9es en ordre tr\u00e8s dispers\u00e9. Pr\u00e8s d\u2019une centaine de listes, parfois inconnues du grand public. Trois ans plus tard, la Tunisie a m\u00fbri. Les listes sont toujours nombreuses mais les Tunisiens ont souhait\u00e9 voter utile pour placer Nidaa Tounes en t\u00eate et tirer les le\u00e7ons de cet \u00e9parpillement. Tout valait mieux que le retour au pouvoir des int\u00e9gristes, leur louvoiement face au terrorisme et leurs tentatives pour inscrire la charia dans la Constitution.<\/p>\n<blockquote><p>M\u00eame si elle a fini par \u00eatre vot\u00e9e et qu\u2019elle contient \u00e0 peu pr\u00e8s tout et son contraire -la libert\u00e9 de conscience et le refus de porter atteinte au sacr\u00e9-, cette Constitution a \u00e9t\u00e9 adopt\u00e9e dans un climat tr\u00e8s lourd.<\/p><\/blockquote>\n<p>Les Ligues dites de protection de la R\u00e9volution, longtemps encourag\u00e9es par la tro\u00efka au pouvoir, ont fait r\u00e9gner une terreur toute salafiste\u2026 Qui a culmin\u00e9 avec le meurtre de deux figures de la gauche tunisienne anti-islamiste, Chokri Bela\u00efd et Mohamed Brahmi. Leurs morts, aggrav\u00e9es par la menace terroriste grandissante, ont provoqu\u00e9 un \u00e9lectrochoc dans un pays plong\u00e9 dans une crise \u00e0 la fois morale, \u00e9conomique et politique. Une crise qui a contraint les islamistes \u00e0 quitter le gouvernement jusqu\u2019aux \u00e9lections, qu\u2019ils esp\u00e9raient gagner.<\/p>\n<p><strong>L\u2019\u00e9volution tactique d\u2019Ennahdha<\/strong><\/p>\n<p>Le fait que ce parti islamiste ait accept\u00e9 de quitter le pouvoir pour laisser un gouvernement provisoire organiser les \u00e9lections l\u00e9gislatives n\u2019est pas, contrairement \u00e0 ce que l\u2019on entend partout, la preuve qu\u2019il ait renonc\u00e9 \u00e0 tout objectif d\u2019islamiser la soci\u00e9t\u00e9, de la base jusqu\u2019au sommet. Conform\u00e9ment \u00e0 la doctrine des Fr\u00e8res musulmans, il s\u2019agit d\u2019un repli strat\u00e9gique. Ne pas \u00eatre au pouvoir quand cette \u00e9ch\u00e9ance l\u00e9gislative arriverait \u00e9tait le seul moyen de limiter la casse.<\/p>\n<p>Et encore\u2026 Il aura fallu leur tordre le bras, la peur du sc\u00e9nario \u00e9gyptien et d\u2019assumer la mise en faillite du pays, pour qu\u2019ils rendent les clefs d\u2019un gouvernement qui est all\u00e9 bien au-del\u00e0 du mandat pour lequel il avait \u00e9t\u00e9 nomm\u00e9. C\u2019est donc un gouvernement de transition qui a permis de mettre la Tunisie sur les rails de ces \u00e9lections. Elles donnent raison \u00e0 ceux qui ont cru \u00e0 l\u2019espoir soulev\u00e9 par le printemps arabe, malgr\u00e9 le chaos et les difficult\u00e9s.<\/p>\n<p><strong>Que penser de Nidaa Tounes\u00a0?<\/strong><\/p>\n<p>B\u00e9ji Ca\u00efd Essebsi est un vieux renard de la vie politique tunisienne. Ministre sous Bourguiba, simple \u00e9lu sous Ben Ali, retir\u00e9 de la vie politique dans les ann\u00e9es 90, il a gagn\u00e9 en popularit\u00e9 pour avoir bien g\u00e9r\u00e9, comme premier ministre, l\u2019un des gouvernements provisoires de l\u2019apr\u00e8s r\u00e9volution. Aid\u00e9 par la peur des islamistes, il a r\u00e9ussi le tour de force de rassembler autour de lui \u00e0 la fois des anciens du RCD et des gens bien plus \u00e0 gauche. De ceux qui ont fait la r\u00e9volution et veulent conserver ses acquis d\u00e9mocratiques, tout en craignant plus que tout les int\u00e9gristes.<\/p>\n<p>Le fait que Nidaa Tounes arrive en t\u00eate va permettre de sauver cette modernit\u00e9, tout en conservant les acquis d\u00e9mocratiques. Surtout si Nidaa Tounes doit faire alliance avec un parti plus \u00e0 gauche. Apr\u00e8s les d\u00e9bats pour la survie du pays et l\u2019affrontement entre la\u00efcs et int\u00e9gristes, le pays pourrait enfin conna\u00eetre des d\u00e9bats plus classiques.<\/p>\n<p>On esp\u00e8re d\u00e9j\u00e0 le jour o\u00f9 les Tunisiens pourront v\u00e9ritablement choisir entre un camp conservateur non dangereux, un centre et un v\u00e9ritable camp progressiste. En attendant, le \u00ab\u00a0vote utile\u00a0\u00bb a \u00e9vit\u00e9 le pire. En chemin, il y aura encore de nombreuses crises politiques, des claquages de porte, des alliances \u00e9tonnantes et des revirements\u2026 Mais c\u2019est la loi de la d\u00e9mocratie. Si Nidaa Tounes parvient \u00e0 les accepter sans c\u00e9der \u00e0 la tentation paternaliste, la Tunisie deviendra, apr\u00e8s bien des sacrifices, la d\u00e9mocratie s\u00fbre que son peuple et sa soci\u00e9t\u00e9 civile m\u00e9ritent.<\/p>\n<p><strong>Caroline Fourest<\/strong><\/p>\n","protected":false},"excerpt":{"rendered":"<p>Les islamistes ont reconnu leur d\u00e9faite. Si elle se confirme, elle est historique et vient d\u00e9mentir ceux qui, parmi les journalistes ou les diplomates, n\u2019ont cess\u00e9 de r\u00e9p\u00e9ter que les int\u00e9gristes repr\u00e9sentaient la Tunisie v\u00e9ritable. Ceux-l\u00e0 n\u2019ont pas voulu voir la col\u00e8re, profonde et populaire, contre Ennahdha et ses alli\u00e9s. Une photographie plus juste qu\u2019apr\u00e8s &hellip; <a href=\"https:\/\/prochoix.org\/?p=37\" class=\"more-link\">Continuer la lecture de <span class=\"screen-reader-text\">Tunisie : d\u00e9faite historique des islamistes (Caroline Fourest)<\/span>  <span class=\"meta-nav\">&rarr;<\/span><\/a><\/p>\n","protected":false},"author":1,"featured_media":0,"comment_status":"open","ping_status":"open","sticky":false,"template":"","format":"standard","meta":{"footnotes":""},"categories":[7],"tags":[],"_links":{"self":[{"href":"https:\/\/prochoix.org\/index.php?rest_route=\/wp\/v2\/posts\/37"}],"collection":[{"href":"https:\/\/prochoix.org\/index.php?rest_route=\/wp\/v2\/posts"}],"about":[{"href":"https:\/\/prochoix.org\/index.php?rest_route=\/wp\/v2\/types\/post"}],"author":[{"embeddable":true,"href":"https:\/\/prochoix.org\/index.php?rest_route=\/wp\/v2\/users\/1"}],"replies":[{"embeddable":true,"href":"https:\/\/prochoix.org\/index.php?rest_route=%2Fwp%2Fv2%2Fcomments&post=37"}],"version-history":[{"count":1,"href":"https:\/\/prochoix.org\/index.php?rest_route=\/wp\/v2\/posts\/37\/revisions"}],"predecessor-version":[{"id":38,"href":"https:\/\/prochoix.org\/index.php?rest_route=\/wp\/v2\/posts\/37\/revisions\/38"}],"wp:attachment":[{"href":"https:\/\/prochoix.org\/index.php?rest_route=%2Fwp%2Fv2%2Fmedia&parent=37"}],"wp:term":[{"taxonomy":"category","embeddable":true,"href":"https:\/\/prochoix.org\/index.php?rest_route=%2Fwp%2Fv2%2Fcategories&post=37"},{"taxonomy":"post_tag","embeddable":true,"href":"https:\/\/prochoix.org\/index.php?rest_route=%2Fwp%2Fv2%2Ftags&post=37"}],"curies":[{"name":"wp","href":"https:\/\/api.w.org\/{rel}","templated":true}]}}