{"id":372,"date":"2015-02-22T11:56:58","date_gmt":"2015-02-22T10:56:58","guid":{"rendered":"http:\/\/www.prochoix.org\/wordpress\/?p=372"},"modified":"2015-02-22T11:57:05","modified_gmt":"2015-02-22T10:57:05","slug":"notre-droit-au-blaspheme-est-sacre-prochoix-n64-janvier-2014","status":"publish","type":"post","link":"https:\/\/prochoix.org\/?p=372","title":{"rendered":"Notre droit au Blasph\u00e8me est sacr\u00e9. Prochoix n\u00b064 janvier 2015"},"content":{"rendered":"<p><a href=\"http:\/\/www.prochoix.org\/wordpress\/wp-content\/uploads\/2015\/02\/Capture-d\u2019\u00e9cran-2015-02-22-\u00e0-11.54.49.png\"><img loading=\"lazy\" decoding=\"async\" class=\"size-medium wp-image-375 aligncenter\" src=\"http:\/\/www.prochoix.org\/wordpress\/wp-content\/uploads\/2015\/02\/Capture-d\u2019\u00e9cran-2015-02-22-\u00e0-11.54.49-188x300.png\" alt=\"Capture d\u2019\u00e9cran 2015-02-22 \u00e0 11.54.49\" width=\"188\" height=\"300\" srcset=\"https:\/\/prochoix.org\/wp-content\/uploads\/2015\/02\/Capture-d\u2019\u00e9cran-2015-02-22-\u00e0-11.54.49-188x300.png 188w, https:\/\/prochoix.org\/wp-content\/uploads\/2015\/02\/Capture-d\u2019\u00e9cran-2015-02-22-\u00e0-11.54.49-642x1024.png 642w, https:\/\/prochoix.org\/wp-content\/uploads\/2015\/02\/Capture-d\u2019\u00e9cran-2015-02-22-\u00e0-11.54.49.png 1028w\" sizes=\"(max-width: 188px) 100vw, 188px\" \/><\/a><\/p>\n<p>&nbsp;<\/p>\n<p>&nbsp;<\/p>\n<p><b>ProChoix <\/b><b>n\u00b064<\/b><\/p>\n<p><b>JANVIER <\/b><b>2015 <\/b><b>(<\/b><b>hiver<\/b><b>)<\/b><\/p>\n<p><b>Blasph\u00e8me<\/b><\/p>\n<p>Charlie et les Charlots (C. Fourest)<\/p>\n<p>Les p\u00e8res du blasph\u00e8me (Fiammetta Venner)<\/p>\n<p>Le monde du blasph\u00e8me (Tania Vlitko)<\/p>\n<p>Dessine-moi Mahomet. La v\u00e9ritable histoire<\/p>\n<p>de ces caricatures (C. Fourest, F. Venner)<\/p>\n<p>Mahomet au beau visage (Nedim G\u00fcrsel)<\/p>\n<p>Transformer le blasph\u00e8me en racisme (C. Fourest, F. Venner)<\/p>\n<p>L\u2019islamisme ne sort pas de la cuisse de ma m\u00e8re (Djemila Benhabib)<\/p>\n<p>Le coup de poing du pape (Anne Hermanus)<\/p>\n<p>Le blasph\u00e8me, c\u2019est sacr\u00e9 (Sophia Aram)<\/p>\n<p>Les premiers nous tuent Les seconds pissent sur nos tombes (Ahmed Meguinil)<\/p>\n<p>L\u2019\u00e9thique de la soumission (Samuel Jequier)<\/p>\n<p>Ceux qui ne sont pas Charlie des promoteurs<\/p>\n<p>d\u2019essentialisation et de s\u00e9paration (Manuel Boucher)<\/p>\n<p>Les \u2018je ne suis pas Charlie\u2019 savent-ils qui ils sont ? (Mohamed Sifaoui)<\/p>\n<p>Restons Charlie (CLR, EGALE, UFAL)<\/p>\n<p><b>Enqu\u00eates et d\u00e9cryptages<\/b><\/p>\n<p>Le rapport Obin (Jean-Pierre Obin)<\/p>\n<p>Tintin entre les lignes verbaliser l\u2019imaginaire (Sara Grandt)<\/p>\n<p>Russie et extr\u00eames droites europ\u00e9ennes (Quentin Guillemain)<\/p>\n<p>La th\u00e9orie du complot se laver les mains en utilisant ses pieds (Kamel Daoud)<\/p>\n<p><b>On a lu. On a vu. On en parle<\/b><\/p>\n<p>Blasph\u00e9mateur ! &#8211; Les fatwas de Charb &#8211; Et si on aimait la France -Dans la peau d\u2019une Djihadiste &#8211; Iran: un grand quotidien r\u00e9formateur suspendu &#8211; Stop au ch\u00e2timent de Ra\u00eff Badawi &#8211; Farid Abdelkrim repenti? &#8211; Restructuration des maternit\u00e9s- Hausse des actes antis\u00e9mites- Maroc : protection des opposants \u00e0 l\u2019int\u00e9grisme- Lettre de Dalil Boubakeur &#8211; R\u00e9ponse de Sami Aldeeb \u00e0 Dalil Boubakeur<\/p>\n<p>&nbsp;<\/p>\n<p><b>Je souhaite m\u2019abonner (4 n\u00b0 par an) \u00e0 partir du num\u00e9ro\u00a0<\/b><\/p>\n<p><b>52 <\/b>\u20ac <b>pour les individu\/es (\u00e9tranger : 74 <\/b>\u20ac<b>)\u00a0<\/b><\/p>\n<p><b>70 <\/b>\u20ac <b>pour les groupes et institutions (\u00e9tranger : 90 <\/b>\u20ac<b>)\u00a0<\/b><\/p>\n<p><b>100 <\/b>\u20ac <b>ou + pour les abonnements de soutien<\/b><\/p>\n<p><b>Envoyer un ch\u00e8que \u00e0 l\u2019ordre de ProChoix\u00a0<\/b><\/p>\n<p><b>\u00e0 DIF&rsquo;POP&rsquo; 81 rue Romain Rolland 93260 LES LILAS<\/b><\/p>\n<p>&nbsp;<\/p>\n","protected":false},"excerpt":{"rendered":"<p>&nbsp; &nbsp; ProChoix n\u00b064 JANVIER 2015 (hiver) Blasph\u00e8me Charlie et les Charlots (C. Fourest) Les p\u00e8res du blasph\u00e8me (Fiammetta Venner) Le monde du blasph\u00e8me (Tania Vlitko) Dessine-moi Mahomet. La v\u00e9ritable histoire de ces caricatures (C. Fourest, F. Venner) Mahomet au beau visage (Nedim G\u00fcrsel) Transformer le blasph\u00e8me en racisme (C. Fourest, F. Venner) L\u2019islamisme ne &hellip; <a href=\"https:\/\/prochoix.org\/?p=372\" class=\"more-link\">Continuer la lecture de <span class=\"screen-reader-text\">Notre droit au Blasph\u00e8me est sacr\u00e9. Prochoix n\u00b064 janvier 2015<\/span>  <span class=\"meta-nav\">&rarr;<\/span><\/a><\/p>\n","protected":false},"author":1,"featured_media":0,"comment_status":"open","ping_status":"open","sticky":false,"template":"","format":"standard","meta":{"footnotes":""},"categories":[15],"tags":[],"_links":{"self":[{"href":"https:\/\/prochoix.org\/index.php?rest_route=\/wp\/v2\/posts\/372"}],"collection":[{"href":"https:\/\/prochoix.org\/index.php?rest_route=\/wp\/v2\/posts"}],"about":[{"href":"https:\/\/prochoix.org\/index.php?rest_route=\/wp\/v2\/types\/post"}],"author":[{"embeddable":true,"href":"https:\/\/prochoix.org\/index.php?rest_route=\/wp\/v2\/users\/1"}],"replies":[{"embeddable":true,"href":"https:\/\/prochoix.org\/index.php?rest_route=%2Fwp%2Fv2%2Fcomments&post=372"}],"version-history":[{"count":2,"href":"https:\/\/prochoix.org\/index.php?rest_route=\/wp\/v2\/posts\/372\/revisions"}],"predecessor-version":[{"id":377,"href":"https:\/\/prochoix.org\/index.php?rest_route=\/wp\/v2\/posts\/372\/revisions\/377"}],"wp:attachment":[{"href":"https:\/\/prochoix.org\/index.php?rest_route=%2Fwp%2Fv2%2Fmedia&parent=372"}],"wp:term":[{"taxonomy":"category","embeddable":true,"href":"https:\/\/prochoix.org\/index.php?rest_route=%2Fwp%2Fv2%2Fcategories&post=372"},{"taxonomy":"post_tag","embeddable":true,"href":"https:\/\/prochoix.org\/index.php?rest_route=%2Fwp%2Fv2%2Ftags&post=372"}],"curies":[{"name":"wp","href":"https:\/\/api.w.org\/{rel}","templated":true}]}}