{"id":378,"date":"2015-03-02T11:46:50","date_gmt":"2015-03-02T10:46:50","guid":{"rendered":"http:\/\/www.prochoix.org\/wordpress\/?p=378"},"modified":"2015-03-03T08:43:31","modified_gmt":"2015-03-03T07:43:31","slug":"un-8-mars-laique-et-universaliste-partout-dans-le-monde-meme-dans-le-20eme-tribune","status":"publish","type":"post","link":"https:\/\/prochoix.org\/?p=378","title":{"rendered":"Un 8 mars la\u00efque et universaliste, partout dans le monde, m\u00eame dans le 20\u00e8me !"},"content":{"rendered":"<p>La r\u00e9cup\u00e9ration de mouvements sociaux par des forces conservatrices ou obscurantistes est une constante. En mati\u00e8re de f\u00e9minisme, elle est parfois spectaculaire. Ce qui vient de se produire en mairie du 20eme arrondissement de Paris en est un exemple.<\/p>\n<p><strong>GARDEZ-MOI DE MES AMI-ES, MES ENNEMI-ES JE M\u2019EN CHARGE<\/strong><\/p>\n<p>La maire, Fr\u00e9d\u00e9rique Calandra, avait confi\u00e9 \u00e0 son adjointe en charge de l\u2019\u00e9galit\u00e9 Femmes\/Hommes la programmation d\u2019\u00e9v\u00e9nements autour du 8 mars, Journ\u00e9e Internationale des Femmes.<\/p>\n<p>Bien mal lui en a pris !<\/p>\n<p>Cette \u00e9lue EELV n\u2019a pas h\u00e9sit\u00e9 \u00e0 flirter avec des id\u00e9ologies \u00e9loign\u00e9es de l\u2019\u00e9mancipation des femmes dont le relativisme culturel et le \u00ab\u00a0f\u00e9minisme dit- pro-sexe\u00a0\u00bb.<\/p>\n<p>Oubliant qu\u2019elle repr\u00e9sentait la mairie, l\u2019\u00e9lue EELV a choisi de transformer la semaine du 8 mars en semaine de promotion exclusive de th\u00e8ses et personnalit\u00e9s particuli\u00e8rement pol\u00e9miques, pour la plupart engag\u00e9es depuis longtemps aux c\u00f4t\u00e9s des\u00a0<em>Indig\u00e8nes de la R\u00e9publique (PIR)<\/em>, du site\u00a0<em>Les mots sont importants<\/em>\u00a0et dans la lutte contre la loi 2004 sur le port des signes religieux \u00e0 l\u2019\u00e9cole :<\/p>\n<p>\u2013 Christine Delphy\u00a0et Sylvie Tissot, sociologues, sont toutes deux initiatrices du premier Manifeste (2005) des\u00a0<em>Indig\u00e8nes de la R\u00e9publique<\/em>\u00a0; elles sont en outre signataires du manifeste de soutien aux\u00a0<em>Y\u2019a bon Awards<\/em>\u00a0d\u00e9cern\u00e9s (pour \u00ab racisme \u00bb) \u00e0 Caroline Fourest en 2012.<\/p>\n<p>\u2013 Rokhaya\u00a0Diallo est animatrice des\u00a0<em>Indivisibles<\/em>, groupe \u00e0 l\u2019origine de ce prix.<\/p>\n<p>\u2013 Ndella\u00a0Paye est porte-parole d\u2019un collectif de m\u00e8res voil\u00e9es militant pour l\u2019abrogation de la circulaire Chatel.<\/p>\n<p><strong>BONJOUR LE 8 MARS !<\/strong><\/p>\n<p>Quelques semaines apr\u00e8s les assassinats des journalistes de Charlie\u00a0Hebdo, on peut s\u2019\u00e9tonner qu\u2019une \u00e9lue choisisse d\u2019offrir un plateau totalement monochrome \u00e0 des personnes qui ont sign\u00e9 un texte \u00ab\u00a0<a title=\"P\u00e9tition contre le soutien \u00e0 Charlie Hebdo sign\u00e9e par  Sa\u00efd Bouamama, Youssef Boussoumah, Houria Bouteldja, Henri Braun, Abdelaziz Chaambi, Ismahane Chouder, Olivier Cyran, Christine Delphy, Thomas Deltombe, Rokhaya Diallo, S\u00e9bastien Fontenelle, Nawel Gafsia, Laurent L\u00e9vy, Hassina Mecha\u00ef, Ndella Paye, Faysal Riad, Arielle Saint Lazare, Karim Tbaili, Pierre Tevanian, Sylvie Tissot, et Najate Zouggari\" href=\"http:\/\/lmsi.net\/Pour-la-defense-de-la-liberte-d\">contre le soutien \u00e0 Charlie\u00a0Hebdo<\/a>\u00a0\u00bb apr\u00e8s le premier attentat de 2011.<\/p>\n<p>Partout dans le monde, la Journ\u00e9e Internationale pour le Droit des Femmes est un moment privil\u00e9gi\u00e9 o\u00f9 les f\u00e9ministes \u00e9changent sur leurs revendications, pratiques et strat\u00e9gies d\u2019\u00e9mancipation. Militantes, chercheuses, politiques impliqu\u00e9-es contre les violences sexistes et pour l\u2019\u00e9galit\u00e9 entre les sexes, sont invit\u00e9-es \u00e0 faire le point et lancer de nouveaux programmes pour battre en br\u00e8che la domination masculine et le patriarcat.<\/p>\n<p>C\u2019est l\u2019occasion d\u2019une solidarit\u00e9 internationale avec les femmes qui se battent contre l\u2019oppression des religions d\u2019\u00e9tat ou des groupes fondamentalistes.<\/p>\n<p>Aussi, d\u00e9tourner le 8 mars pour promouvoir des personnalit\u00e9s controvers\u00e9es parce qu\u2019elles ne trouvent rien \u00e0 redire ni aux pressions de l\u2019arbitraire religieux impos\u00e9es aux femmes, ni aux violences du syst\u00e8me prostitutionnel, est pour le moins manipulatoire.<\/p>\n<p><strong>M\u00caME PAS PEUR !<\/strong><\/p>\n<p>Nous saluons l\u2019annulation de cette programmation, acte lucide et courageux de la Maire du 20e arrondissement de Paris.<\/p>\n<p>Nous connaissons la propension de certains groupes \u00e0 confisquer la parole des f\u00e9ministes et des partisanes de la la\u00efcit\u00e9; et leur aptitude \u00e0 se victimiser \u00e0 la moindre occasion.<\/p>\n<p>Nous savons la violence avec laquelle Caroline Fourest fut interdite de parole lors d\u2019un d\u00e9bat sur le danger du Front National \u00e0 la <a title=\"Agression de Caroline Fourest \u00e0 la f\u00eate de l'huma, par les Indig\u00e8nes de la r\u00e9publique, Oumma.com et les Indivisibles\" href=\"http:\/\/www.dailymotion.com\/video\/xtmysh_sabotage-a-la-fete-de-l-huma-agression-contre-caroline-fourest_news\">f\u00eate de l\u2019Humanit\u00e9<\/a>.<\/p>\n<p>Nous avons d\u00e9j\u00e0 support\u00e9 insultes et intimidations prof\u00e9r\u00e9es par les ami-es de Rokhaya\u00a0Diallo, issu-es d\u2019un pseudo \u00ab\u00a0syndicat de travailleurs du sexe\u00a0\u00bb pro-syst\u00e8me prostitutionnel.<\/p>\n<p>Face \u00e0 cette nouvelle tentative de r\u00e9cup\u00e9ration et de d\u00e9voiement de la Journ\u00e9e Internationale de lutte pour les droits des femmes, nous, f\u00e9ministes universalistes, la\u00efques, engag\u00e9es pour l\u2019\u00e9galit\u00e9 femmes\/hommes, contre le racisme et l\u2019antis\u00e9mitisme, nous apportons tout notre soutien \u00e0 Fr\u00e9d\u00e9rique Calandra, maire du 20eme arrondissement de Paris.<\/p>\n<p><em>La mise au point de la Maire du 20<sup>\u00e8me<\/sup>\u00a0Fr\u00e9d\u00e9rique Calandra :<\/em><\/p>\n<p><a title=\"La mise au point de la Maire du 20\u00e8me Fr\u00e9d\u00e9rique Calandra\" href=\"https:\/\/www.facebook.com\/frederique.calandra\/posts\/10153165530037948?fref=nf&amp;pnref=story\"><em>https:\/\/www.facebook.com\/frederique.calandra\/posts\/10153165530037948?fref=nf&amp;pnref=story#<\/em><\/a><\/p>\n<p><a href=\"http:\/\/arlette20.blogspot.fr\">Arlette\u00a0Zilberg<\/a>, <a href=\"https:\/\/christineld75.wordpress.com\/2015\/03\/02\/un-8-mars-laique-et-universaliste-partout-dans-le-monde-meme-dans-le-20eme\/\">Christine Le Doar\u00e9<\/a><\/p>\n<p>Les premi\u00e8res signataires, issues du Mouvement des Femmes :<\/p>\n<p>Annie\u00a0Sugier, <a href=\"http:\/\/www.djemilabenhabib.com\">Djemila\u00a0Benhabib<\/a>, Mich\u00e8le Loup, Fran\u00e7oise Morvan, Monique Dental, Nadia\u00a0Benmissi, Bernice\u00a0Dubois, Marie-Joseph Bonnet, Jacqueline Feldman, Martine Cerf, Marieme\u00a0Helie\u00a0Lucas, Laure Caille, Isabelle Steyer, Nadine\u00a0Bouteilly, Ana Pak, Agn\u00e8s Setton, Josiane\u00a0Doan, Ana\u00efs\u00a0Decans, Ir\u00e8ne Corradin, Mair\u00a0Verthuy, Sporenda\u2026<\/p>\n<p>&nbsp;<\/p>\n<p>&nbsp;<\/p>\n<p>&nbsp;<\/p>\n","protected":false},"excerpt":{"rendered":"<p>La r\u00e9cup\u00e9ration de mouvements sociaux par des forces conservatrices ou obscurantistes est une constante. En mati\u00e8re de f\u00e9minisme, elle est parfois spectaculaire. Ce qui vient de se produire en mairie du 20eme arrondissement de Paris en est un exemple. GARDEZ-MOI DE MES AMI-ES, MES ENNEMI-ES JE M\u2019EN CHARGE La maire, Fr\u00e9d\u00e9rique Calandra, avait confi\u00e9 \u00e0 &hellip; <a href=\"https:\/\/prochoix.org\/?p=378\" class=\"more-link\">Continuer la lecture de <span class=\"screen-reader-text\">Un 8 mars la\u00efque et universaliste, partout dans le monde, m\u00eame dans le 20\u00e8me !<\/span>  <span class=\"meta-nav\">&rarr;<\/span><\/a><\/p>\n","protected":false},"author":1,"featured_media":0,"comment_status":"open","ping_status":"open","sticky":false,"template":"","format":"standard","meta":{"footnotes":""},"categories":[3,7],"tags":[59,60,98,97,100,85,61,90,36,63,64,32,65,62,66,87,67,68,69,101,95,92,70,99,71,72,73,74,94,102,75,91,6,93,86,88,89,96,76,77,78,79,80,81,82,83,103,84],"_links":{"self":[{"href":"https:\/\/prochoix.org\/index.php?rest_route=\/wp\/v2\/posts\/378"}],"collection":[{"href":"https:\/\/prochoix.org\/index.php?rest_route=\/wp\/v2\/posts"}],"about":[{"href":"https:\/\/prochoix.org\/index.php?rest_route=\/wp\/v2\/types\/post"}],"author":[{"embeddable":true,"href":"https:\/\/prochoix.org\/index.php?rest_route=\/wp\/v2\/users\/1"}],"replies":[{"embeddable":true,"href":"https:\/\/prochoix.org\/index.php?rest_route=%2Fwp%2Fv2%2Fcomments&post=378"}],"version-history":[{"count":5,"href":"https:\/\/prochoix.org\/index.php?rest_route=\/wp\/v2\/posts\/378\/revisions"}],"predecessor-version":[{"id":403,"href":"https:\/\/prochoix.org\/index.php?rest_route=\/wp\/v2\/posts\/378\/revisions\/403"}],"wp:attachment":[{"href":"https:\/\/prochoix.org\/index.php?rest_route=%2Fwp%2Fv2%2Fmedia&parent=378"}],"wp:term":[{"taxonomy":"category","embeddable":true,"href":"https:\/\/prochoix.org\/index.php?rest_route=%2Fwp%2Fv2%2Fcategories&post=378"},{"taxonomy":"post_tag","embeddable":true,"href":"https:\/\/prochoix.org\/index.php?rest_route=%2Fwp%2Fv2%2Ftags&post=378"}],"curies":[{"name":"wp","href":"https:\/\/api.w.org\/{rel}","templated":true}]}}