{"id":384,"date":"2015-03-02T16:00:57","date_gmt":"2015-03-02T15:00:57","guid":{"rendered":"http:\/\/www.prochoix.org\/wordpress\/?p=384"},"modified":"2015-03-03T08:43:14","modified_gmt":"2015-03-03T07:43:14","slug":"la-recuperation-de-trop-tribune","status":"publish","type":"post","link":"https:\/\/prochoix.org\/?p=384","title":{"rendered":"La r\u00e9cup\u00e9ration de trop !"},"content":{"rendered":"<p>On ne peut que s\u2019indigner d\u2019apprendre que des associations militant activement contre la la\u00efcit\u00e9 et contre l\u2019\u00e9mancipation des femmes pr\u00e9tendent manifester leur solidarit\u00e9 avec les morts de Charlie Hebdo, de l\u2019Hyper-Cacher et des policiers qui les d\u00e9fendaient, en d\u00e9non\u00e7ant \u00ab l\u2019islamophobie \u00bb et le \u201cclimat de guerre s\u00e9curitaire\u00a0\u00bb.<\/p>\n<p>Parmi ces associations nombre d\u2019entre elles ont d\u00e9voy\u00e9 la notion de libert\u00e9 en exigeant sous des pr\u00e9textes religieux , le \u00ab\u00a0 droit \u00bb pour les femmes et m\u00eame les petites filles de respecter des prescriptions vestimentaires qui stigmatisent leur corps et d\u00e9veloppent une v\u00e9ritable s\u00e9gr\u00e9gation sexuelle en opposition avec la loi commune r\u00e9publicaine.<\/p>\n<p>Choisir la semaine du 8 mars pour organiser un tel meeting, alors que se d\u00e9roulent dans le monde et en France de multiples manifestations en faveur du droit des femmes est une v\u00e9ritable provocation lorsque l\u2019on sait que c\u2019est au nom des religions, toutes les religions, et des traditions que les droits des femmes sont le plus souvent\u00a0 bafou\u00e9s dans le monde.<\/p>\n<p>Premi\u00e8res associations signataires\u00a0:<\/p>\n<p>&nbsp;<\/p>\n<p>Atlante vid\u00e9os f\u00e9ministes ;<\/p>\n<p>Collectif F\u00e9ministe \u00ab\u00a0Ruptures\u00a0\u00bb<\/p>\n<p>Du C\u00f4t\u00e9 des Femmes\u00a0;<\/p>\n<p>EGALE,<\/p>\n<p>Femmes pour le Dire, Femmes pour Agir\u00a0;<\/p>\n<p>Femmes Solidaires\u00a0;<\/p>\n<p>Forum Femmes m\u00e9diterran\u00e9e\u00a0;<\/p>\n<p>LA\u00cfCIT\u00c9 LIBERT\u00c9\u00a0;<\/p>\n<p>Le collectif des Femmes sans voile d\u2019Aubervilliers\u00a0;<\/p>\n<p>Les efFRONT\u00e9-e-s,<\/p>\n<p>Libres Mariannes\u00a0;<\/p>\n<p>Ligue du Droit International des Femmes\u00a0;<\/p>\n<p>Regards de Femmes\u00a0;<\/p>\n<p>R\u00e9ussir l\u2019Egalit\u00e9 Femmes- Hommes\u00a0;<\/p>\n<p>SOS Sexisme.<\/p>\n","protected":false},"excerpt":{"rendered":"<p>On ne peut que s\u2019indigner d\u2019apprendre que des associations militant activement contre la la\u00efcit\u00e9 et contre l\u2019\u00e9mancipation des femmes pr\u00e9tendent manifester leur solidarit\u00e9 avec les morts de Charlie Hebdo, de l\u2019Hyper-Cacher et des policiers qui les d\u00e9fendaient, en d\u00e9non\u00e7ant \u00ab l\u2019islamophobie \u00bb et le \u201cclimat de guerre s\u00e9curitaire\u00a0\u00bb. Parmi ces associations nombre d\u2019entre elles ont &hellip; <a href=\"https:\/\/prochoix.org\/?p=384\" class=\"more-link\">Continuer la lecture de <span class=\"screen-reader-text\">La r\u00e9cup\u00e9ration de trop !<\/span>  <span class=\"meta-nav\">&rarr;<\/span><\/a><\/p>\n","protected":false},"author":1,"featured_media":0,"comment_status":"open","ping_status":"open","sticky":false,"template":"","format":"standard","meta":{"footnotes":""},"categories":[7],"tags":[],"_links":{"self":[{"href":"https:\/\/prochoix.org\/index.php?rest_route=\/wp\/v2\/posts\/384"}],"collection":[{"href":"https:\/\/prochoix.org\/index.php?rest_route=\/wp\/v2\/posts"}],"about":[{"href":"https:\/\/prochoix.org\/index.php?rest_route=\/wp\/v2\/types\/post"}],"author":[{"embeddable":true,"href":"https:\/\/prochoix.org\/index.php?rest_route=\/wp\/v2\/users\/1"}],"replies":[{"embeddable":true,"href":"https:\/\/prochoix.org\/index.php?rest_route=%2Fwp%2Fv2%2Fcomments&post=384"}],"version-history":[{"count":3,"href":"https:\/\/prochoix.org\/index.php?rest_route=\/wp\/v2\/posts\/384\/revisions"}],"predecessor-version":[{"id":402,"href":"https:\/\/prochoix.org\/index.php?rest_route=\/wp\/v2\/posts\/384\/revisions\/402"}],"wp:attachment":[{"href":"https:\/\/prochoix.org\/index.php?rest_route=%2Fwp%2Fv2%2Fmedia&parent=384"}],"wp:term":[{"taxonomy":"category","embeddable":true,"href":"https:\/\/prochoix.org\/index.php?rest_route=%2Fwp%2Fv2%2Fcategories&post=384"},{"taxonomy":"post_tag","embeddable":true,"href":"https:\/\/prochoix.org\/index.php?rest_route=%2Fwp%2Fv2%2Ftags&post=384"}],"curies":[{"name":"wp","href":"https:\/\/api.w.org\/{rel}","templated":true}]}}