{"id":423,"date":"2015-03-04T17:33:38","date_gmt":"2015-03-04T16:33:38","guid":{"rendered":"http:\/\/www.prochoix.org\/wordpress\/?p=423"},"modified":"2015-03-04T17:33:38","modified_gmt":"2015-03-04T16:33:38","slug":"soutien-feministe-a-frederique-calandra-maire-du-20e-arrondissement","status":"publish","type":"post","link":"https:\/\/prochoix.org\/?p=423","title":{"rendered":"Soutien f\u00e9ministe \u00e0 Frederique Calandra, maire du 20e arrondissement"},"content":{"rendered":"<p>Nous soutenons la d\u00e9cision prise par Mme Fr\u00e9d\u00e9rique Calandra, maire du 20<sup>e<\/sup> arrondissement de Paris, d&rsquo;annuler les d\u00e9bats pr\u00e9vus pour le 8 mars<a href=\"#_ftn1\" name=\"_ftnref1\">[1]<\/a><\/p>\n<p>&nbsp;<\/p>\n<p>Ces d\u00e9bats avaient en effet \u00e9t\u00e9 organis\u00e9s de mani\u00e8re \u00e0 ne laisser la parole qu&rsquo;\u00e0 une seule vision politique, un f\u00e9minisme controvers\u00e9 qui partage les id\u00e9es du Parti des Indig\u00e8nes de la R\u00e9publique. Cette vision disqualifie les valeurs de la citoyennet\u00e9 d\u00e9mocratique et le f\u00e9minisme universaliste \u00a0au pr\u00e9texte qu&rsquo;ils seraient port\u00e9s par des \u00ab\u00a0blancs occidentaux\u00a0\u00bb. Il d\u00e9valorise du m\u00eame coup les luttes f\u00e9ministes pour l&rsquo;acc\u00e8s aux droits humains, \u00e0 l&rsquo;\u00e9galit\u00e9 et \u00e0 la libert\u00e9, qui se d\u00e9veloppent dans d&rsquo;autres pays (hors Occident)<\/p>\n<p>&nbsp;<\/p>\n<p>Une telle position enferme les individus dans des assignations identitaires et va \u00e0 l&rsquo;encontre de l&rsquo;id\u00e9al d&rsquo;autonomie qui fonde le f\u00e9minisme.<\/p>\n<p>&nbsp;<\/p>\n<p>Des d\u00e9bats de cette nature ne seraient propices ni \u00e0 la r\u00e9flexion critique ni \u00e0 la cr\u00e9ation d&rsquo;une intelligence collective des questions br\u00fblantes qui se posent \u00e0 tous, femmes et hommes, fran\u00e7ais ou non, \u00ab\u00a0blancs\u00a0\u00bb ou non.<\/p>\n<p>&nbsp;<\/p>\n<p>Suite aux attentats des 7, 8 et 9 janvier, il n&rsquo;\u00e9tait pas concevable pour une institution publique, de donner la parole sans d\u00e9bat contradictoire, et donc de soutenir des positions politiques dont les repr\u00e9sentantes sont au mieux rest\u00e9es silencieuses face \u00e0 l&rsquo;assassinat des journalistes et dessinateurs de Charlie Hebdo, des policiers et des juifs, au pire ont pris la parole pour relativiser ces crimes.<\/p>\n<p>&nbsp;<\/p>\n<p>Nous avons toutes particip\u00e9 au Mouvement de lib\u00e9ration des femmes, certaines depuis le d\u00e9but des ann\u00e9es 70. Ensemble, nous saluons aujourd&rsquo;hui, en mars 2015, le courage de Fr\u00e9d\u00e9rique Calandra, une \u00e9lue qui a fait preuve de coh\u00e9rence par rapport aux valeurs qui nous sont communes: libert\u00e9, \u00e9galit\u00e9, solidarit\u00e9, la\u00efcit\u00e9. \u00a0Et nous esp\u00e9rons que beaucoup d\u2019autres mairies t\u00e9moigneront de la m\u00eame d\u00e9termination dans leur d\u00e9fense.<\/p>\n<p>&nbsp;<\/p>\n<p>&nbsp;<\/p>\n<p><strong>Premi\u00e8res signataires\u00a0:<\/strong><\/p>\n<p>&nbsp;<\/p>\n<p>Catherine Deudon, photographe auteur de <em>Un mouvement \u00e0 soi : Images du mouvement des femmes, 1970-2001, <\/em>2002, Syllepse\u00a0;<\/p>\n<p>Liliane Kandel, co-auteur des chroniques du \u00ab\u00a0Sexisme ordinaire\u00a0\u00bb (\u00e0 l\u2019initiative de Simone de Beauvoir), <em>les Temps modernes<\/em>, 1973-1983\u00a0;<\/p>\n<p>Christine Le Doar\u00e9, pr\u00e9sidente de Sos-Homophobie de 1998 \u00e0 2002 et du Centre LGBT Paris-IdF\u00a0de 2005 \u00e0 2012\u00a0;<\/p>\n<p>Claudie Lessellier, responsable du Rajfire (Collectif f\u00e9ministe d\u2019action et de solidarit\u00e9 avec les femmes migrantes et exil\u00e9es) et co-pr\u00e9sidente de la Maison des femmes de Paris\u00a0;<\/p>\n<p>Fran\u00e7oise Picq, auteur de <em>Lib\u00e9ration des femmes, quarante ans de mouvement<\/em>, 2011, Dialogues\u00a0;<\/p>\n<p>Nadja Ringart, co-auteur de <em>Mouvement de Lib\u00e9ration des Femmes : Textes premiers, <\/em>2009, Stock\u00a0;<\/p>\n<p>Annie Sugier, Pr\u00e9sidente de la Ligue internationale du Droit des Femmes, (fond\u00e9e par Simone de Beauvoir ), et Vice-Pr\u00e9sidente de la Coordination Fran\u00e7aise du Lobby Europ\u00e9en des Femmes (CLEF)\u00a0;<\/p>\n<p>Ioana Wieder-Atherton, co-fondatrice en 1982 avec Carole Roussopoulos et Delphine Seyrig du Centre audio-visuel Simone de Beauvoir\u00a0;<\/p>\n<p>Arlette Zilberg,\u00a0pr\u00e9sidente de la Commission F\u00e9minisme des Verts puis EELV (2004-2009); maire-adjointe du 20\u00e8me ardt de Paris (2001-2008)<\/p>\n<p>&nbsp;<\/p>\n<p>Paris, le 2 mars 2015<\/p>\n<p>&nbsp;<\/p>\n<p>&nbsp;<\/p>\n<p><a href=\"#_ftnref1\" name=\"_ftn1\">[1]<\/a> Voir son communiqu\u00e9\u00a0: <a href=\"https:\/\/www.facebook.com\/frederique.calandra\/posts\/10153165530037948\">https:\/\/www.facebook.com\/frederique.calandra\/posts\/10153165530037948<\/a><\/p>\n<p>&nbsp;<\/p>\n","protected":false},"excerpt":{"rendered":"<p>Nous soutenons la d\u00e9cision prise par Mme Fr\u00e9d\u00e9rique Calandra, maire du 20e arrondissement de Paris, d&rsquo;annuler les d\u00e9bats pr\u00e9vus pour le 8 mars[1] &nbsp; Ces d\u00e9bats avaient en effet \u00e9t\u00e9 organis\u00e9s de mani\u00e8re \u00e0 ne laisser la parole qu&rsquo;\u00e0 une seule vision politique, un f\u00e9minisme controvers\u00e9 qui partage les id\u00e9es du Parti des Indig\u00e8nes de &hellip; <a href=\"https:\/\/prochoix.org\/?p=423\" class=\"more-link\">Continuer la lecture de <span class=\"screen-reader-text\">Soutien f\u00e9ministe \u00e0 Frederique Calandra, maire du 20e arrondissement<\/span>  <span class=\"meta-nav\">&rarr;<\/span><\/a><\/p>\n","protected":false},"author":1,"featured_media":0,"comment_status":"open","ping_status":"open","sticky":false,"template":"","format":"standard","meta":{"footnotes":""},"categories":[7],"tags":[],"_links":{"self":[{"href":"https:\/\/prochoix.org\/index.php?rest_route=\/wp\/v2\/posts\/423"}],"collection":[{"href":"https:\/\/prochoix.org\/index.php?rest_route=\/wp\/v2\/posts"}],"about":[{"href":"https:\/\/prochoix.org\/index.php?rest_route=\/wp\/v2\/types\/post"}],"author":[{"embeddable":true,"href":"https:\/\/prochoix.org\/index.php?rest_route=\/wp\/v2\/users\/1"}],"replies":[{"embeddable":true,"href":"https:\/\/prochoix.org\/index.php?rest_route=%2Fwp%2Fv2%2Fcomments&post=423"}],"version-history":[{"count":1,"href":"https:\/\/prochoix.org\/index.php?rest_route=\/wp\/v2\/posts\/423\/revisions"}],"predecessor-version":[{"id":424,"href":"https:\/\/prochoix.org\/index.php?rest_route=\/wp\/v2\/posts\/423\/revisions\/424"}],"wp:attachment":[{"href":"https:\/\/prochoix.org\/index.php?rest_route=%2Fwp%2Fv2%2Fmedia&parent=423"}],"wp:term":[{"taxonomy":"category","embeddable":true,"href":"https:\/\/prochoix.org\/index.php?rest_route=%2Fwp%2Fv2%2Fcategories&post=423"},{"taxonomy":"post_tag","embeddable":true,"href":"https:\/\/prochoix.org\/index.php?rest_route=%2Fwp%2Fv2%2Ftags&post=423"}],"curies":[{"name":"wp","href":"https:\/\/api.w.org\/{rel}","templated":true}]}}