{"id":425,"date":"2015-03-05T12:52:27","date_gmt":"2015-03-05T11:52:27","guid":{"rendered":"http:\/\/www.prochoix.org\/wordpress\/?p=425"},"modified":"2015-03-05T12:52:27","modified_gmt":"2015-03-05T11:52:27","slug":"ces-progressistes-qui-crachent-sur-les-morts-du-7-janvier","status":"publish","type":"post","link":"https:\/\/prochoix.org\/?p=425","title":{"rendered":"Ces progressistes qui crachent sur les morts du 7 janvier"},"content":{"rendered":"<p>Nous sommes le 5 mars et \u00e0 ma connaissance, contrairement \u00e0 EELV, le Parti communiste Fran\u00e7ais n\u2019a toujours pas retir\u00e9 sa signature d\u2019un appel \u00e0 une manifestation \u00ab contre l\u2019islamophobie et le climat de guerre s\u00e9curitaire \u00bb en compagnie d\u2019organisation int\u00e9gristes ou proches des Fr\u00e8res musulmans comme l\u2019UOIF, Pr\u00e9sence musulmane, le CCIF (qui classe tout propos la\u00efque comme \u00ab islamophobes \u00bb), le Parti des Indig\u00e8nes de la R\u00e9publique, les Indivisibles, Oumma.com, Junta islamica (indiqu\u00e9e seulement sur le tract)\u2026<\/p>\n<p><a href=\"https:\/\/carolinefourest.files.wordpress.com\/2015\/03\/capture-d_c3a9cran-2015-03-05-c3a0-08-04-09.png\"><img loading=\"lazy\" decoding=\"async\" class=\" size-full wp-image-6348 aligncenter\" src=\"https:\/\/carolinefourest.files.wordpress.com\/2015\/03\/capture-d_c3a9cran-2015-03-05-c3a0-08-04-09.png?w=1280&amp;h=520\" alt=\"Capture d\u2019\u00e9cran 2015-03-05 \u00e0 08.04.09\" width=\"640\" height=\"260\" \/><\/a><\/p>\n<p>&nbsp;<\/p>\n<p>Que le NPA et ATTAC maintiennent leur signature, cela ne surprendra personne. Il y a longtemps que ces deux organisations ont c\u00e9d\u00e9 aux alliances douteuses sous pr\u00e9texte de s\u00e9duire \u00ab les quartiers populaires \u00bb (r\u00e9duits \u00e0 leur seule expression religieuse et r\u00e9actionnaire). L\u2019alliance nou\u00e9e avec Tariq Ramadan lors de diff\u00e9rents Forum Sociaux n\u2019a fait que transformer certains ateliers altermondialistes en tribunes int\u00e9gristes, tout en faisant fuir les plus progressistes\u2026 Ce n\u2019est pas un hasard si ces deux organisations sont en perte d\u2019adh\u00e9rents et de dynamique, totalement d\u00e9cr\u00e9dibilis\u00e9es, dans une p\u00e9riode o\u00f9 la critique du capitalisme financier est pourtant plus partag\u00e9e et a besoin d\u2019eux.<\/p>\n<p>Mais que fait le PCF ? Quand j\u2019ai vu sa signature au bas de cet appel, j\u2019ai cru au d\u00e9rapage d\u2019une section. Quelques jours plus t\u00f4t, nous \u00e9tions entour\u00e9s de militants du PCF pour enterrer Charb. Dans les trav\u00e9es, il n\u2019y avait pas assez d\u2019agents pour nous prot\u00e9ger. Il n\u2019y en a toujours pas assez. Les \u00e9quipes de protection sont d\u00e9bord\u00e9es par le nombre de cibles \u00e0 abattre, d\u2019amis menac\u00e9s, en pleine explosion\u2026 C\u2019est pourtant \u00ab le s\u00e9curitaire \u00bb que le PCF rend responsable de ce \u00ab climat de guerre \u00bb, pas le terrorisme, en compagne d\u2019organisation islamistes.<\/p>\n<p>L\u2019UOIF, avec qui ils signent, a milit\u00e9 contre le mariage pour tous, port\u00e9 plainte contre Charlie Hebdo lors de l\u2019affaire des caricatures et son th\u00e9ologien de r\u00e9f\u00e9rence, Youssef al Qaradawi, propose de br\u00fbler les homosexuels et autorise les attentats kamikazes contre les Juifs\u2026<\/p>\n<p>C\u2019est avec eux qu\u2019ils veulent donc combattre l\u2019\u00ab islamophobie \u00bb : ce concept fumeux confondant racisme et blasph\u00e8me, transformant tout la\u00efque en cible, que Charb d\u00e9nonce dans son dernier livre (<a href=\"https:\/\/carolinefourest.wordpress.com\/%20%C2%AB%20Lettres%20aux%20escrocs%20de%20l'islamophobie%20qui%20font%20le%20jeu%20des%20communautaristes%20et%20des%20racistes%20%C2%BB,%20Charb,%20Les%20Echapp%C3%A9s.\">1<\/a>). Faut-il rappeler qu\u2019il para\u00eetra \u00e0 titre posthume ?<\/p>\n<p>&nbsp;<\/p>\n<p><a href=\"http:\/\/livre.fnac.com\/a7828440\/Charb-Lettres-aux-escrocs-de-l-islamophobie-qui-font-le-jeu-des-communautaristes-et-des-racistes\"><img loading=\"lazy\" decoding=\"async\" class=\"  wp-image-6350 aligncenter\" src=\"https:\/\/carolinefourest.files.wordpress.com\/2015\/03\/capture-d_c3a9cran-2015-03-05-c3a0-12-18-25.png?w=180&amp;h=242\" alt=\"Capture d\u2019\u00e9cran 2015-03-05 \u00e0 12.18.25\" width=\"90\" height=\"121\" \/><\/a><\/p>\n<p>&nbsp;<\/p>\n<p>En signant cet appel, le PCF crache sur sa tombe et celle des victimes de l\u2019attentat du 7 janvier. Odieux. Comme l\u2019est la signature d\u2019un collectif se revendiquant du Front de gauche (le Parti de Gauche n\u2019a pas sign\u00e9 en tant que parti) : \u00ab Ensemble \u00bb.<\/p>\n<p>\u00ab Ensemble \u00bb contre le fait de nous prot\u00e9ger ? \u00ab Ensemble \u00bb pour nous traiter d\u2019 \u00ab islamophobes \u00bb ? \u00ab Ensemble \u00bb pour refuser le droit au blasph\u00e8me ? \u00ab Ensemble \u00bb pour l\u00e9gitimer l\u2019int\u00e9grisme et l\u2019extr\u00eame droite musulmane ? \u00ab Ensemble \u00bb pour refuser de soutenir Charlie Hebdo comme l\u2019a fait le Parti des Indig\u00e8nes de la R\u00e9publique au lendemain de l\u2019incendie du journal en 2011 ? \u00ab Ensemble \u00bb pour\u00a0demander au Qatar de racheter Charlie Hebdo\u00a0pour \u00e9viter les caricatures blasph\u00e9matrices envers Mahomet comme l\u2019a fait Les Indivisibles \u00e0 la m\u00eame p\u00e9riode ?<\/p>\n<p>En tout cas, les Indig\u00e8nes de la R\u00e9publique et les Indivisibles ont eu bien raison d\u2019attaquer physiquement la conf\u00e9rence que le PCF m\u2019avait demand\u00e9 de donner \u00e0 la \u00ab\u00a0<a href=\"http:\/\/www.dailymotion.com\/video\/xtmysh_sabotage-a-la-fete-de-l-huma-agression-contre-caroline-fourest_news&amp;hspart=iry&amp;hsimp=yhs-fullyhosted_011\">F\u00eate de l\u2019humanit\u00e9\u00a0<\/a>\u00bb sur l\u2019extr\u00eame droite il y a trois ans. Le SO a eu si peur qu\u2019on m\u2019a escort\u00e9 vers la sortie. Depuis, je n\u2019ai plus \u00e9t\u00e9 invit\u00e9e \u00e0 la f\u00eate de l\u2019Huma mais le PCF signe avec ces adversaires de Charlie, juste apr\u00e8s l\u2019attentat, contre \u00ab l\u2019islamophobie et le climat de guerre s\u00e9curitaire \u00bb.<\/p>\n<p>La prochaine \u00e9tape, c\u2019est quoi, nous traiter de \u00ab sales p\u00e9d\u00e9s \u00bb et nous jeter du haut d\u2019un mur ? Tenir la kalachnikov ?<\/p>\n<p><strong>Caroline Fourest<\/strong><\/p>\n<p><strong><em>(1)\u00a0<a href=\"http:\/\/livre.fnac.com\/a7828440\/Charb-Lettres-aux-escrocs-de-l-islamophobie-qui-font-le-jeu-des-communautaristes-et-des-racistes\">\u00ab Lettres aux escrocs de l\u2019islamophobie qui font le jeu des communautaristes et des racistes \u00bb, Charb, Les Echapp\u00e9s.<\/a><\/em><\/strong><\/p>\n<p>&nbsp;<\/p>\n<p><a href=\"https:\/\/carolinefourest.files.wordpress.com\/2015\/03\/capture-d_c3a9cran-2015-03-05-c3a0-11-43-55.png\"><img loading=\"lazy\" decoding=\"async\" class=\"  wp-image-6352 aligncenter\" src=\"https:\/\/carolinefourest.files.wordpress.com\/2015\/03\/capture-d_c3a9cran-2015-03-05-c3a0-11-43-55.png?w=458&amp;h=558\" alt=\"Capture d\u2019\u00e9cran 2015-03-05 \u00e0 11.43.55\" width=\"229\" height=\"279\" \/><\/a><\/p>\n<p>&nbsp;<\/p>\n","protected":false},"excerpt":{"rendered":"<p>Nous sommes le 5 mars et \u00e0 ma connaissance, contrairement \u00e0 EELV, le Parti communiste Fran\u00e7ais n\u2019a toujours pas retir\u00e9 sa signature d\u2019un appel \u00e0 une manifestation \u00ab contre l\u2019islamophobie et le climat de guerre s\u00e9curitaire \u00bb en compagnie d\u2019organisation int\u00e9gristes ou proches des Fr\u00e8res musulmans comme l\u2019UOIF, Pr\u00e9sence musulmane, le CCIF (qui classe tout &hellip; <a href=\"https:\/\/prochoix.org\/?p=425\" class=\"more-link\">Continuer la lecture de <span class=\"screen-reader-text\">Ces progressistes qui crachent sur les morts du 7 janvier<\/span>  <span class=\"meta-nav\">&rarr;<\/span><\/a><\/p>\n","protected":false},"author":1,"featured_media":0,"comment_status":"open","ping_status":"open","sticky":false,"template":"","format":"standard","meta":{"footnotes":""},"categories":[7],"tags":[],"_links":{"self":[{"href":"https:\/\/prochoix.org\/index.php?rest_route=\/wp\/v2\/posts\/425"}],"collection":[{"href":"https:\/\/prochoix.org\/index.php?rest_route=\/wp\/v2\/posts"}],"about":[{"href":"https:\/\/prochoix.org\/index.php?rest_route=\/wp\/v2\/types\/post"}],"author":[{"embeddable":true,"href":"https:\/\/prochoix.org\/index.php?rest_route=\/wp\/v2\/users\/1"}],"replies":[{"embeddable":true,"href":"https:\/\/prochoix.org\/index.php?rest_route=%2Fwp%2Fv2%2Fcomments&post=425"}],"version-history":[{"count":1,"href":"https:\/\/prochoix.org\/index.php?rest_route=\/wp\/v2\/posts\/425\/revisions"}],"predecessor-version":[{"id":426,"href":"https:\/\/prochoix.org\/index.php?rest_route=\/wp\/v2\/posts\/425\/revisions\/426"}],"wp:attachment":[{"href":"https:\/\/prochoix.org\/index.php?rest_route=%2Fwp%2Fv2%2Fmedia&parent=425"}],"wp:term":[{"taxonomy":"category","embeddable":true,"href":"https:\/\/prochoix.org\/index.php?rest_route=%2Fwp%2Fv2%2Fcategories&post=425"},{"taxonomy":"post_tag","embeddable":true,"href":"https:\/\/prochoix.org\/index.php?rest_route=%2Fwp%2Fv2%2Ftags&post=425"}],"curies":[{"name":"wp","href":"https:\/\/api.w.org\/{rel}","templated":true}]}}