{"id":427,"date":"2013-12-05T13:23:23","date_gmt":"2013-12-05T12:23:23","guid":{"rendered":"http:\/\/www.prochoix.org\/wordpress\/?p=427"},"modified":"2015-03-05T13:23:54","modified_gmt":"2015-03-05T12:23:54","slug":"prochoix-n-60-decembre-2013-la-circoncision-une-mutilation","status":"publish","type":"post","link":"https:\/\/prochoix.org\/?p=427","title":{"rendered":"PROCHOIX n\u00b0 60 D\u00e9cembre 2013 La circoncision une mutilation ?"},"content":{"rendered":"<div class=\"post-content\">\n<p><strong>Enjeux de l\u2019antiracisme<\/strong><br \/>\nLa bataille des deux antiracismes (Caroline Fourest)<br \/>\nLa contremarche (Brigitte Stora)<br \/>\nComment lutter contre le racisme (Samuel Thomas)<br \/>\nCharlie Hebdo accus\u00e9 de blasph\u00e8me. Entretien (Charb)<\/p>\n<p><strong>La circoncision, une mutilation ?<\/strong><br \/>\nLes d\u00e9fenseurs de la circoncision (Fiammetta Venner)<br \/>\nCastration symbolique (Serge Hefez)<br \/>\nLe mouvement intactiviste (Nicolas Maubert)<br \/>\nLes recommandations du Conseil de l\u2019Europe<br \/>\nEntretien (Christian Castagnola)<\/p>\n<p><strong>Enqu\u00eates et d\u00e9cryptages<\/strong><br \/>\nUn mot&#8230; (Djemila Benhabib)<br \/>\nAlain Soral\u00a0: itin\u00e9raire d\u2019un gigolo s\u00e9mantique (Fiammetta Venner)<br \/>\nTariq Ramadan, les Coptes et le complot m\u00e9diatique contre les Fr\u00e8res musulmans (Rudy Reichstadt)<br \/>\nBaby Loup et la protection europ\u00e9enne des droits fondamentaux (Anne Demetz)<br \/>\nAu coeur du d\u00e9bat avec Charles Taylor (Louise Mailloux)<\/p>\n<p><strong>On a lu. On a vu. On en parle.<\/strong><br \/>\nYounes Masih enfin libre &#8211; Mauritanie\u00a0: Le parti des esclaves interdit d\u2019\u00e9lections &#8211; Arabie Saoudite\u00a0: femmes et conduite &#8211; Fat shaming week &#8211; Grande Bretagne\u00a0: S\u00e9gr\u00e9gation sexuelle \u00e0 l\u2019universit\u00e9 &#8211; Canada\u00a0: Lev Tahor &#8211; Mauvais signal en Egypte &#8211; Weld el 15 condamn\u00e9 &#8230;.<\/p>\n<\/div>\n<p>dimanche 1 d\u00e9cembre 2013<\/p>\n","protected":false},"excerpt":{"rendered":"<p>Enjeux de l\u2019antiracisme La bataille des deux antiracismes (Caroline Fourest) La contremarche (Brigitte Stora) Comment lutter contre le racisme (Samuel Thomas) Charlie Hebdo accus\u00e9 de blasph\u00e8me. Entretien (Charb) La circoncision, une mutilation ? Les d\u00e9fenseurs de la circoncision (Fiammetta Venner) Castration symbolique (Serge Hefez) Le mouvement intactiviste (Nicolas Maubert) Les recommandations du Conseil de l\u2019Europe &hellip; <a href=\"https:\/\/prochoix.org\/?p=427\" class=\"more-link\">Continuer la lecture de <span class=\"screen-reader-text\">PROCHOIX n\u00b0 60 D\u00e9cembre 2013 La circoncision une mutilation ?<\/span>  <span class=\"meta-nav\">&rarr;<\/span><\/a><\/p>\n","protected":false},"author":1,"featured_media":0,"comment_status":"open","ping_status":"open","sticky":false,"template":"","format":"standard","meta":{"footnotes":""},"categories":[15],"tags":[],"_links":{"self":[{"href":"https:\/\/prochoix.org\/index.php?rest_route=\/wp\/v2\/posts\/427"}],"collection":[{"href":"https:\/\/prochoix.org\/index.php?rest_route=\/wp\/v2\/posts"}],"about":[{"href":"https:\/\/prochoix.org\/index.php?rest_route=\/wp\/v2\/types\/post"}],"author":[{"embeddable":true,"href":"https:\/\/prochoix.org\/index.php?rest_route=\/wp\/v2\/users\/1"}],"replies":[{"embeddable":true,"href":"https:\/\/prochoix.org\/index.php?rest_route=%2Fwp%2Fv2%2Fcomments&post=427"}],"version-history":[{"count":1,"href":"https:\/\/prochoix.org\/index.php?rest_route=\/wp\/v2\/posts\/427\/revisions"}],"predecessor-version":[{"id":428,"href":"https:\/\/prochoix.org\/index.php?rest_route=\/wp\/v2\/posts\/427\/revisions\/428"}],"wp:attachment":[{"href":"https:\/\/prochoix.org\/index.php?rest_route=%2Fwp%2Fv2%2Fmedia&parent=427"}],"wp:term":[{"taxonomy":"category","embeddable":true,"href":"https:\/\/prochoix.org\/index.php?rest_route=%2Fwp%2Fv2%2Fcategories&post=427"},{"taxonomy":"post_tag","embeddable":true,"href":"https:\/\/prochoix.org\/index.php?rest_route=%2Fwp%2Fv2%2Ftags&post=427"}],"curies":[{"name":"wp","href":"https:\/\/api.w.org\/{rel}","templated":true}]}}