{"id":443,"date":"2015-05-08T11:34:05","date_gmt":"2015-05-08T10:34:05","guid":{"rendered":"http:\/\/www.prochoix.org\/wordpress\/?p=443"},"modified":"2015-05-08T11:34:05","modified_gmt":"2015-05-08T10:34:05","slug":"plus-de-la-moitie-des-francais-ne-se-reclament-daucune-religion","status":"publish","type":"post","link":"https:\/\/prochoix.org\/?p=443","title":{"rendered":"Plus de la moiti\u00e9 des Fran\u00e7ais ne se r\u00e9clament d&rsquo;aucune religion"},"content":{"rendered":"<p>Les attentats de janvier ont raviv\u00e9 la question de la place du religieux en France. Comment faire cohabiter diff\u00e9rentes croyances\u00a0? Comment vivre sa religion dans un pays la\u00efque\u00a0? L&rsquo;importance que prend ce d\u00e9bat est d&rsquo;autant plus paradoxale que la majorit\u00e9 des Fran\u00e7ais se sentent aujourd&rsquo;hui loin de toute appartenance religieuse.<\/p>\n<p><a href=\"http:\/\/www.lemonde.fr\/les-decodeurs\/article\/2015\/05\/06\/quatre-questions-sur-les-statistiques-ethniques_4628874_4355770.html\">Les statistiques ethniques ou sur l&rsquo;appartenance religieuse \u00e9tant tr\u00e8s encadr\u00e9es en France<\/a>, le nombre exact de personnes sans religion est inconnu. Mais plusieurs sondages effectu\u00e9s au niveau mondial et europ\u00e9en en donnent une bonne estimation.<\/p>\n<h2 class=\"tt5 mgt16\">Un tiers des Fran\u00e7ais \u00ab\u00a0non religieux\u00a0\u00bb<\/h2>\n<p>&nbsp;<br \/>\nEn savoir plus sur http:\/\/www.lemonde.fr\/les-decodeurs\/article\/2015\/05\/07\/une-grande-majorite-de-francais-ne-se-reclament-d-aucune-religion_4629612_4355770.html#rmDh3HTHYThmZk3L.99<\/p>\n","protected":false},"excerpt":{"rendered":"<p>Les attentats de janvier ont raviv\u00e9 la question de la place du religieux en France. Comment faire cohabiter diff\u00e9rentes croyances\u00a0? Comment vivre sa religion dans un pays la\u00efque\u00a0? L&rsquo;importance que prend ce d\u00e9bat est d&rsquo;autant plus paradoxale que la majorit\u00e9 des Fran\u00e7ais se sentent aujourd&rsquo;hui loin de toute appartenance religieuse. Les statistiques ethniques ou sur &hellip; <a href=\"https:\/\/prochoix.org\/?p=443\" class=\"more-link\">Continuer la lecture de <span class=\"screen-reader-text\">Plus de la moiti\u00e9 des Fran\u00e7ais ne se r\u00e9clament d&rsquo;aucune religion<\/span>  <span class=\"meta-nav\">&rarr;<\/span><\/a><\/p>\n","protected":false},"author":1,"featured_media":0,"comment_status":"open","ping_status":"open","sticky":false,"template":"","format":"standard","meta":{"footnotes":""},"categories":[8],"tags":[],"_links":{"self":[{"href":"https:\/\/prochoix.org\/index.php?rest_route=\/wp\/v2\/posts\/443"}],"collection":[{"href":"https:\/\/prochoix.org\/index.php?rest_route=\/wp\/v2\/posts"}],"about":[{"href":"https:\/\/prochoix.org\/index.php?rest_route=\/wp\/v2\/types\/post"}],"author":[{"embeddable":true,"href":"https:\/\/prochoix.org\/index.php?rest_route=\/wp\/v2\/users\/1"}],"replies":[{"embeddable":true,"href":"https:\/\/prochoix.org\/index.php?rest_route=%2Fwp%2Fv2%2Fcomments&post=443"}],"version-history":[{"count":1,"href":"https:\/\/prochoix.org\/index.php?rest_route=\/wp\/v2\/posts\/443\/revisions"}],"predecessor-version":[{"id":444,"href":"https:\/\/prochoix.org\/index.php?rest_route=\/wp\/v2\/posts\/443\/revisions\/444"}],"wp:attachment":[{"href":"https:\/\/prochoix.org\/index.php?rest_route=%2Fwp%2Fv2%2Fmedia&parent=443"}],"wp:term":[{"taxonomy":"category","embeddable":true,"href":"https:\/\/prochoix.org\/index.php?rest_route=%2Fwp%2Fv2%2Fcategories&post=443"},{"taxonomy":"post_tag","embeddable":true,"href":"https:\/\/prochoix.org\/index.php?rest_route=%2Fwp%2Fv2%2Ftags&post=443"}],"curies":[{"name":"wp","href":"https:\/\/api.w.org\/{rel}","templated":true}]}}