{"id":45,"date":"2014-10-25T18:48:51","date_gmt":"2014-10-25T17:48:51","guid":{"rendered":"http:\/\/www.prochoix.org\/wordpress\/?p=45"},"modified":"2014-11-16T18:50:01","modified_gmt":"2014-11-16T17:50:01","slug":"plainte-du-pere-dune-femme-voilee-caroline-fourest-fait-appel","status":"publish","type":"post","link":"https:\/\/prochoix.org\/?p=45","title":{"rendered":"Plainte du p\u00e8re d\u2019une femme voil\u00e9e : Caroline Fourest fait appel"},"content":{"rendered":"<p>Le p\u00e8re d\u2019une jeune femme voil\u00e9e a obtenu gain de cause contre l\u2019une de mes chroniques de France Culture. Alors que des sites victimaires sommaient \u00ab\u00a0les f\u00e9ministes\u00a0\u00bb de prendre positition contre l\u2019agression de femmes voil\u00e9es, j\u2019ai pris volontiers position contre ces agressions\u2026 Tout en expliquant qu\u2019il fallait les d\u00e9noncer en tant qu\u2019antiracistes plus qu\u2019en tant que f\u00e9ministes.<\/p>\n<p>J\u2019insistais aussi sur la n\u00e9cessit\u00e9 d\u2019attendre les r\u00e9sultats de certaines enqu\u00eates. Des \u00e9lus locaux doutant de la version d\u2019agressions mont\u00e9es en \u00e9pingle par des r\u00e9seaux int\u00e9gristes.<\/p>\n<p>Pour avoir \u00e9mis ce doute, le p\u00e8re d\u2019une jeune femme voil\u00e9e (qui nie influencer sa fille) a port\u00e9 plainte et me r\u00e9clame des dommages et int\u00e9r\u00eats. Radio France et moi-m\u00eame faisons appel. Nous sommes confiants sur l\u2019issue finale de cette proc\u00e9dure.<\/p>\n<p>Bien entendu, si nous gagnons, les sites qui guettent et m\u00e9diatisent la moindre plainte ou campagne de courriers contre moi (Oumma, Egalit\u00e9 et r\u00e9conciliation\u2026) auront \u00e0 c\u0153ur de rectifier.<\/p>\n<p><strong>Caroline Fourest<\/strong><\/p>\n<p>&nbsp;<\/p>\n<p>&nbsp;<\/p>\n<p>Dernier \u00e9dito video de Caroline Fourest :\u00a0<a href=\"https:\/\/www.youtube.com\/watch?v=-7i2geopVY4\">https:\/\/www.youtube.com\/watch?v=-7i2geopVY4<\/a><\/p>\n<p>Chronique \u00ab\u00a0<a href=\"http:\/\/www.franceculture.fr\/emission-le-monde-selon-caroline-fourest-faut-il-etre-feministe-pour-denoncer-l-agression-de-femmes-\">Faut-il \u00eatre f\u00e9ministe pour d\u00e9noncer l\u2019agression de femmes voil\u00e9es ?<\/a>\u00ab<\/p>\n","protected":false},"excerpt":{"rendered":"<p>Le p\u00e8re d\u2019une jeune femme voil\u00e9e a obtenu gain de cause contre l\u2019une de mes chroniques de France Culture. Alors que des sites victimaires sommaient \u00ab\u00a0les f\u00e9ministes\u00a0\u00bb de prendre positition contre l\u2019agression de femmes voil\u00e9es, j\u2019ai pris volontiers position contre ces agressions\u2026 Tout en expliquant qu\u2019il fallait les d\u00e9noncer en tant qu\u2019antiracistes plus qu\u2019en tant &hellip; <a href=\"https:\/\/prochoix.org\/?p=45\" class=\"more-link\">Continuer la lecture de <span class=\"screen-reader-text\">Plainte du p\u00e8re d\u2019une femme voil\u00e9e : Caroline Fourest fait appel<\/span>  <span class=\"meta-nav\">&rarr;<\/span><\/a><\/p>\n","protected":false},"author":1,"featured_media":0,"comment_status":"open","ping_status":"open","sticky":false,"template":"","format":"standard","meta":{"footnotes":""},"categories":[7],"tags":[9,10],"_links":{"self":[{"href":"https:\/\/prochoix.org\/index.php?rest_route=\/wp\/v2\/posts\/45"}],"collection":[{"href":"https:\/\/prochoix.org\/index.php?rest_route=\/wp\/v2\/posts"}],"about":[{"href":"https:\/\/prochoix.org\/index.php?rest_route=\/wp\/v2\/types\/post"}],"author":[{"embeddable":true,"href":"https:\/\/prochoix.org\/index.php?rest_route=\/wp\/v2\/users\/1"}],"replies":[{"embeddable":true,"href":"https:\/\/prochoix.org\/index.php?rest_route=%2Fwp%2Fv2%2Fcomments&post=45"}],"version-history":[{"count":1,"href":"https:\/\/prochoix.org\/index.php?rest_route=\/wp\/v2\/posts\/45\/revisions"}],"predecessor-version":[{"id":46,"href":"https:\/\/prochoix.org\/index.php?rest_route=\/wp\/v2\/posts\/45\/revisions\/46"}],"wp:attachment":[{"href":"https:\/\/prochoix.org\/index.php?rest_route=%2Fwp%2Fv2%2Fmedia&parent=45"}],"wp:term":[{"taxonomy":"category","embeddable":true,"href":"https:\/\/prochoix.org\/index.php?rest_route=%2Fwp%2Fv2%2Fcategories&post=45"},{"taxonomy":"post_tag","embeddable":true,"href":"https:\/\/prochoix.org\/index.php?rest_route=%2Fwp%2Fv2%2Ftags&post=45"}],"curies":[{"name":"wp","href":"https:\/\/api.w.org\/{rel}","templated":true}]}}