{"id":451,"date":"2015-05-05T23:51:53","date_gmt":"2015-05-05T22:51:53","guid":{"rendered":"http:\/\/www.prochoix.org\/wordpress\/?p=451"},"modified":"2015-05-08T11:53:33","modified_gmt":"2015-05-08T10:53:33","slug":"dieudonne-le-fond-dutroux","status":"publish","type":"post","link":"https:\/\/prochoix.org\/?p=451","title":{"rendered":"Dieudonn\u00e9, le fond Dutroux"},"content":{"rendered":"<p>La d\u00e9fense de la libert\u00e9 d&rsquo;expression de Dieudonn\u00e9 a \u00e9t\u00e9 une cause unificatrice ces dix derni\u00e8res ann\u00e9es. L&rsquo;extr\u00eame-droite n&rsquo;a pas \u00e9t\u00e9 la seule \u00e0 affirmer qu&rsquo;on avait le droit de tout dire. Tout un pan de la gauche, tout en condamnant les saillies les plus caricaturales du politique n\u00e9o-nazi, a toujours r\u00e9p\u00e9t\u00e9 que la loi ne devrait pas sanctionner des paroles. D&rsquo;autres admettaient une condamnation judiciaire, mais pas les mesures permettant de faire cesser imm\u00e9diatement des appels r\u00e9it\u00e9r\u00e9s et pr\u00e9visibles \u00e0 la haine raciale.<\/p>\n<p>&nbsp;<\/p>\n<p>Depuis le lundi 4 mai , sur le site \u00ab\u00a0Quenel Plus\u00a0\u00bb de Dieudonn\u00e9, s&rsquo;affiche ce qui est pr\u00e9sent\u00e9 comme un entretien avec Patrice Al\u00e8gre, actuellement d\u00e9tenu \u00e0 la centrale de Poissy pour cinq meurtres, une tentative de meurtre et six viols qu&rsquo;il a reconnus. Dieudonn\u00e9 affirme depuis plusieurs ann\u00e9es animer un \u00ab\u00a0atelier\u00a0\u00bb dans cette centrale avec d&rsquo;autres personnes condamn\u00e9s pour meurtres et tortures , dont Germain Gaiffe, pr\u00e9sent\u00e9 comme le directeur de publication de Quenel Plus. Depuis quelques semaines, il annon\u00e7ait son rapprochement avec Patrice Al\u00e8gre.<\/p>\n<p>&nbsp;<\/p>\n<p>Apocryphe ou non, le contenu de cet \u00ab\u00a0entretien\u00a0\u00bb est difficilement soutenable \u00e0 la lecture. Dans un premier temps, le texte s&rsquo;attaque \u00e0 l&rsquo;enfant en situation de handicap de Laurent Louis, politicien antis\u00e9mite belge avec lequel Dieudonn\u00e9 s&rsquo;est r\u00e9cemment brouill\u00e9 pour une affaire de gros sous li\u00e9e au lancement d&rsquo;une entreprise baptis\u00e9e l&rsquo;Ananassurance. \u00ab\u00a0Morte n\u00e9e accroch\u00e9e au fion de sa m\u00e8re\u00a0\u00bb, \u00ab\u00a0cancrelat tout d\u00e9sarticul\u00e9\u00a0\u00bb, \u00ab\u00a0 baignant dans sa pisse et dans ses excr\u00e9ments\u00a0\u00bb sont quelques uns des qualificatifs utilis\u00e9s. Dans la suite du texte, l&rsquo;auteur appelle au meurtre \u00e0 coup de pelle de l&rsquo;enfant. Dans la suite de l&rsquo;article, c&rsquo;est l&rsquo;assassinat r\u00e9cent d&rsquo;une petite fille viol\u00e9e qui est \u00e9voqu\u00e9e dans des termes tout aussi insoutenables, accompagn\u00e9s du pr\u00e9nom de l&rsquo;enfant.<\/p>\n<p>&nbsp;<\/p>\n<p><a href=\"http:\/\/www.memorial98.org\/2015\/05\/dieudonne-le-fond-dutroux.html\">Pour lire la suite\u00a0<\/a><\/p>\n<p>&nbsp;<\/p>\n<p>&nbsp;<\/p>\n<p><em><strong>L&rsquo;association MEMORIAL98, qui combat contre le racisme, l&rsquo;antis\u00e9mitisme et le n\u00e9gationnisme a \u00e9t\u00e9 cr\u00e9\u00e9e en janvier 1998, lors du centenaire de l&rsquo;affaire Dreyfus.\u00a0\u00a0<\/strong><\/em><\/p>\n<p><em><strong>Son nom fait r\u00e9f\u00e9rence aux premi\u00e8res manifestations organis\u00e9es en janvier 1898, pendant l&rsquo;affaire Dreyfus, par des ouvriers socialistes et r\u00e9volutionnaires parisiens s&rsquo;opposant \u00e0 la propagande nationaliste et antis\u00e9mite.<\/strong><\/em><\/p>\n<p><em><strong>Ce site en est l&rsquo;expression dans le combat contre tous les n\u00e9gationnismes<\/strong><\/em><\/p>\n<p><em><strong>(Arm\u00e9nie, Rwanda, Shoah &#8230;)<\/strong><\/em><\/p>\n","protected":false},"excerpt":{"rendered":"<p>La d\u00e9fense de la libert\u00e9 d&rsquo;expression de Dieudonn\u00e9 a \u00e9t\u00e9 une cause unificatrice ces dix derni\u00e8res ann\u00e9es. L&rsquo;extr\u00eame-droite n&rsquo;a pas \u00e9t\u00e9 la seule \u00e0 affirmer qu&rsquo;on avait le droit de tout dire. Tout un pan de la gauche, tout en condamnant les saillies les plus caricaturales du politique n\u00e9o-nazi, a toujours r\u00e9p\u00e9t\u00e9 que la loi &hellip; <a href=\"https:\/\/prochoix.org\/?p=451\" class=\"more-link\">Continuer la lecture de <span class=\"screen-reader-text\">Dieudonn\u00e9, le fond Dutroux<\/span>  <span class=\"meta-nav\">&rarr;<\/span><\/a><\/p>\n","protected":false},"author":1,"featured_media":0,"comment_status":"open","ping_status":"open","sticky":false,"template":"","format":"standard","meta":{"footnotes":""},"categories":[8],"tags":[],"_links":{"self":[{"href":"https:\/\/prochoix.org\/index.php?rest_route=\/wp\/v2\/posts\/451"}],"collection":[{"href":"https:\/\/prochoix.org\/index.php?rest_route=\/wp\/v2\/posts"}],"about":[{"href":"https:\/\/prochoix.org\/index.php?rest_route=\/wp\/v2\/types\/post"}],"author":[{"embeddable":true,"href":"https:\/\/prochoix.org\/index.php?rest_route=\/wp\/v2\/users\/1"}],"replies":[{"embeddable":true,"href":"https:\/\/prochoix.org\/index.php?rest_route=%2Fwp%2Fv2%2Fcomments&post=451"}],"version-history":[{"count":1,"href":"https:\/\/prochoix.org\/index.php?rest_route=\/wp\/v2\/posts\/451\/revisions"}],"predecessor-version":[{"id":452,"href":"https:\/\/prochoix.org\/index.php?rest_route=\/wp\/v2\/posts\/451\/revisions\/452"}],"wp:attachment":[{"href":"https:\/\/prochoix.org\/index.php?rest_route=%2Fwp%2Fv2%2Fmedia&parent=451"}],"wp:term":[{"taxonomy":"category","embeddable":true,"href":"https:\/\/prochoix.org\/index.php?rest_route=%2Fwp%2Fv2%2Fcategories&post=451"},{"taxonomy":"post_tag","embeddable":true,"href":"https:\/\/prochoix.org\/index.php?rest_route=%2Fwp%2Fv2%2Ftags&post=451"}],"curies":[{"name":"wp","href":"https:\/\/api.w.org\/{rel}","templated":true}]}}