{"id":459,"date":"2015-06-29T10:42:31","date_gmt":"2015-06-29T09:42:31","guid":{"rendered":"http:\/\/www.prochoix.org\/wordpress\/?p=459"},"modified":"2015-06-29T14:45:14","modified_gmt":"2015-06-29T13:45:14","slug":"lextreme-droite-sattaque-a-une-enseignante-syndicaliste","status":"publish","type":"post","link":"https:\/\/prochoix.org\/?p=459","title":{"rendered":"L\u2019extr\u00eame droite s\u2019attaque \u00e0 une enseignante syndicaliste"},"content":{"rendered":"<p>Dans une vid\u00e9o d\u2019une dizaine de minutes publi\u00e9e le samedi 29 mars 2014 par le site internet de cette officine, notre coll\u00e8gue et camarade est publiquement accus\u00e9e d\u2019avoir proc\u00e9d\u00e9 \u00e0 des attouchements sexuels sur des enfants de sa classe de maternelle. Ce mensonge est d\u00e9taill\u00e9 jusqu\u2019\u00e0 la naus\u00e9e pendant plus de dix minutes. Des commentaires haineux, appelant au lynchage et mena\u00e7ant de mort notre coll\u00e8gue, accompagnent la vid\u00e9o diffus\u00e9e sur la plateforme You tube.<\/p>\n<p>L\u2019association de promotion de \u00ab\u00a0Journ\u00e9es de retrait de l\u2019\u00e9cole\u00a0\u00bb (proche du groupe \u00c9galit\u00e9 et r\u00e9conciliation d\u2019Alain Soral, qui se d\u00e9finit lui-m\u00eame comme \u00ab\u00a0national et socialiste\u00a0\u00bb) s\u2019est donn\u00e9e pour combat imaginaire la d\u00e9nonciation par tous les moyens d\u2019une pr\u00e9tendue \u00ab\u00a0th\u00e9orie du genre\u00a0\u00bb\u2026 s\u2019attaquant par contre pour de vrai \u00e0 l\u2019\u00e9ducation \u00e0 l\u2019\u00e9galit\u00e9 entre filles et gar\u00e7ons.<\/p>\n<p>Aujourd\u2019hui, alors qu\u2019une nouvelle journ\u00e9e de retrait des enfants des \u00e9coles est programm\u00e9e ce lundi 31 mars, c\u2019est dans la plus pure tradition des groupes fascistes que la JRE utilise la diffamation et le mensonge pour appuyer son combat r\u00e9trograde et abuser des parents d\u2019\u00e9l\u00e8ves.<\/p>\n<p>La f\u00e9d\u00e9ration SUD \u00e9ducation soutient l\u2019enseignante attaqu\u00e9e, ainsi que tous les coll\u00e8gues de l\u2019\u00e9cole et le syndicat SUD \u00e9ducation d\u2019Indre-et-Loire qui est \u00e0 leurs c\u00f4t\u00e9s. Nous soutiendrons les d\u00e9marches, y compris juridiques, que mettront en \u0153uvre nos coll\u00e8gues pour riposter \u00e0 cette attaque ignoble. L\u2019extr\u00eame droite est notre pire ennemie, nous ne la laisserons pas impun\u00e9ment agir, dans l\u2019\u00c9ducation nationale comme ailleurs.<\/p>\n<p>&nbsp;<\/p>\n<p>&#8211; F\u00e9d\u00e9ration SUD Education et du syndicat SUD \u00e9ducation 37<\/p>\n","protected":false},"excerpt":{"rendered":"<p>Dans une vid\u00e9o d\u2019une dizaine de minutes publi\u00e9e le samedi 29 mars 2014 par le site internet de cette officine, notre coll\u00e8gue et camarade est publiquement accus\u00e9e d\u2019avoir proc\u00e9d\u00e9 \u00e0 des attouchements sexuels sur des enfants de sa classe de maternelle. Ce mensonge est d\u00e9taill\u00e9 jusqu\u2019\u00e0 la naus\u00e9e pendant plus de dix minutes. Des commentaires &hellip; <a href=\"https:\/\/prochoix.org\/?p=459\" class=\"more-link\">Continuer la lecture de <span class=\"screen-reader-text\">L\u2019extr\u00eame droite s\u2019attaque \u00e0 une enseignante syndicaliste<\/span>  <span class=\"meta-nav\">&rarr;<\/span><\/a><\/p>\n","protected":false},"author":1,"featured_media":0,"comment_status":"open","ping_status":"open","sticky":false,"template":"","format":"standard","meta":{"footnotes":""},"categories":[17],"tags":[],"_links":{"self":[{"href":"https:\/\/prochoix.org\/index.php?rest_route=\/wp\/v2\/posts\/459"}],"collection":[{"href":"https:\/\/prochoix.org\/index.php?rest_route=\/wp\/v2\/posts"}],"about":[{"href":"https:\/\/prochoix.org\/index.php?rest_route=\/wp\/v2\/types\/post"}],"author":[{"embeddable":true,"href":"https:\/\/prochoix.org\/index.php?rest_route=\/wp\/v2\/users\/1"}],"replies":[{"embeddable":true,"href":"https:\/\/prochoix.org\/index.php?rest_route=%2Fwp%2Fv2%2Fcomments&post=459"}],"version-history":[{"count":2,"href":"https:\/\/prochoix.org\/index.php?rest_route=\/wp\/v2\/posts\/459\/revisions"}],"predecessor-version":[{"id":461,"href":"https:\/\/prochoix.org\/index.php?rest_route=\/wp\/v2\/posts\/459\/revisions\/461"}],"wp:attachment":[{"href":"https:\/\/prochoix.org\/index.php?rest_route=%2Fwp%2Fv2%2Fmedia&parent=459"}],"wp:term":[{"taxonomy":"category","embeddable":true,"href":"https:\/\/prochoix.org\/index.php?rest_route=%2Fwp%2Fv2%2Fcategories&post=459"},{"taxonomy":"post_tag","embeddable":true,"href":"https:\/\/prochoix.org\/index.php?rest_route=%2Fwp%2Fv2%2Ftags&post=459"}],"curies":[{"name":"wp","href":"https:\/\/api.w.org\/{rel}","templated":true}]}}