{"id":462,"date":"2015-06-30T14:32:39","date_gmt":"2015-06-30T13:32:39","guid":{"rendered":"http:\/\/www.prochoix.org\/wordpress\/?p=462"},"modified":"2015-06-30T14:32:39","modified_gmt":"2015-06-30T13:32:39","slug":"lettre-ouverte-aux-neo-communautaristes","status":"publish","type":"post","link":"https:\/\/prochoix.org\/?p=462","title":{"rendered":"Lettre ouverte aux n\u00e9o-communautaristes"},"content":{"rendered":"<h3 class=\"spip\"><strong>Marre de votre indiff\u00e9rence, de votre connivence, de votre condescendance\u00a0!!!<\/strong><\/h3>\n<p>Nous, Fran\u00e7aises de culture musulmane, f\u00e9ministes, sommes contre tous les fanatismes religieux, contre toute forme de discriminations racistes et sexistes. Nous refusons de dispara\u00eetre sous le voile, ce symbole patriarcal de si\u00e8cles r\u00e9volus, devenu le porte-drapeau de l\u2019islamisme radical. Pour toutes les femmes, nous revendiquons les m\u00eames droits \u00e0 l\u2019\u00e9galit\u00e9 qui nous lib\u00e8rent de l\u2019archa\u00efsme religieux et des coutumes contraignantes.<br class=\"autobr\" \/>Nous sommes solidaires de nos s\u0153urs en Terres d\u2019Islam qui, elles, n\u2019ont d\u2019autre choix que de s\u2019affubler de burqa ou de niqab\u2026 et nous gardons douloureusement en m\u00e9moire les jeunes filles, qui par leur refus de se voiler, l\u2019ont parfois pay\u00e9 de leur vie.<\/p>\n<p><strong>Marre de votre indiff\u00e9rence\u00a0!<\/strong><br class=\"autobr\" \/>Au nom de la libert\u00e9, vous nous livrez au patriarcat le plus implacable de notre temps. Vous faites abstraction de la dangerosit\u00e9 de l\u2019islam radical et refusez de voir la r\u00e9alit\u00e9 \u00e9conomique et sociale de leur propagande. Vous refusez d\u2019entendre leurs objectifs proclam\u00e9s pourtant haut et fort.<br class=\"autobr\" \/>Votre vision complice favorise le pros\u00e9lytisme de l\u2019id\u00e9ologie des extr\u00e9mistes religieux que nous et nos enfants endurons quotidiennement dans nos quartiers.<br class=\"autobr\" \/>Au nom de la tol\u00e9rance, vous nous condamnez \u00e0 \u00eatre des citoyennes de seconde zone, alors que nous sommes en droit d\u2019\u00eatre \u00e9gales dans une France dont les valeurs universelles -faut-il le rappeler\u00a0?- sont combattues par les islamistes.<br class=\"autobr\" \/>Vous nous confinez dans un communautarisme r\u00e9ducteur qui a \u00e9t\u00e9 import\u00e9 et dans lequel nous ne nous reconnaissons pas. Nous le vivons comme une forme de racisme.<\/p>\n<p><strong>Marre de votre connivence\u00a0!<\/strong><br class=\"autobr\" \/>Vous d\u00e9finissez notre identit\u00e9 dans son aspect le plus r\u00e9trograde et niez sciemment les acquis de nos luttes qui font partie de notre Histoire.<br class=\"autobr\" \/>Vous assimilez \u00e0 une minorit\u00e9 islamiste l\u2019ensemble des musulmans qui pratiquent paisiblement leur religion. Par cet amalgame, vous instrumentalisez cette majorit\u00e9 pour accr\u00e9diter le fanatisme.<br class=\"autobr\" \/>Vous offrez complaisamment vos m\u00e9dias aux femmes voil\u00e9es qui proclament leur \u00ab\u00a0choix\u00a0\u00bb. Vous n\u00e9gligez l\u2019embrigadement dont une majorit\u00e9 est victime, comme vous refusez de voir la complicit\u00e9 active d\u2019une minorit\u00e9 d\u2019entre elles. Pourtant, vous n\u2019ignorez pas que la premi\u00e8re action des \u00ab\u00a0djihadistes\u00a0\u00bb qui s\u2019emparent d\u2019un village de par le monde est de voiler les femmes, quelles que soient leurs croyances.<\/p>\n<p><strong>Marre de votre condescendance\u00a0!<\/strong><br class=\"autobr\" \/>Vous m\u00e9prisez le combat des femmes de culture musulmane de nombreux pays qui se sont affranchies du voile au nom de la libert\u00e9, de l\u2019\u00e9galit\u00e9 et de la dignit\u00e9 et par la m\u00eame celui des Fran\u00e7aises d\u2019origine maghr\u00e9bine qui, pour vous, ne peuvent acc\u00e9der aux m\u00eames droits que les autres citoyennes. D\u2019ailleurs vous les appelez les \u00ab\u00a0occidentalis\u00e9es\u00a0\u00bb pour mieux les marginaliser et disqualifier leur combat.<br class=\"autobr\" \/>Vous d\u00e9tournez l\u2019Histoire pour cautionner le voile qui n\u2019est r\u00e9apparu en nombre croissant qu\u2019avec l\u2019islamisme politique.<br class=\"autobr\" \/>Vous n\u00e9gligez les analyses des intellectuels de culture arabo-musulmane qui condamnent la vision d\u00e9voy\u00e9e de l\u2019Islam et \u00ab\u00a0agissent pour cr\u00e9er un esprit incitant \u00e0 la d\u00e9fense \u00e9l\u00e9mentaire des droits humains\u00a0\u00bb (Abdelwahab Meddeb).<\/p>\n<p><strong>Qui tire profit du retour en force du voile\u00a0?<\/strong><\/p>\n<p><a href=\"mailto:femmesansvoile@gmail.com\" target=\"_blank\">femmesansvoile<span class=\"cryptOK\">@<\/span>gmail.com\u00a0<\/a><\/p>\n<p>Ce collectif appelle \u00e0 un rassemblement le 10 juillet 2015, place de la R\u00e9publique \u00e0 Paris, \u00e0 partir de18h, \u00e0 l\u2019occasion de \u00ab\u00a0La Journ\u00e9e mondiale des femmes sans voiles\u00a0\u00bb<\/p>\n<p><a href=\"http:\/\/www.gaucherepublicaine.org\/combat-feministe\/lettre-ouverte-aux-neo-communautaristes\/7396405\">http:\/\/www.gaucherepublicaine.org\/combat-feministe\/lettre-ouverte-aux-neo-communautaristes\/7396405<\/a><\/p>\n","protected":false},"excerpt":{"rendered":"<p>Marre de votre indiff\u00e9rence, de votre connivence, de votre condescendance\u00a0!!! Nous, Fran\u00e7aises de culture musulmane, f\u00e9ministes, sommes contre tous les fanatismes religieux, contre toute forme de discriminations racistes et sexistes. Nous refusons de dispara\u00eetre sous le voile, ce symbole patriarcal de si\u00e8cles r\u00e9volus, devenu le porte-drapeau de l\u2019islamisme radical. Pour toutes les femmes, nous revendiquons &hellip; <a href=\"https:\/\/prochoix.org\/?p=462\" class=\"more-link\">Continuer la lecture de <span class=\"screen-reader-text\">Lettre ouverte aux n\u00e9o-communautaristes<\/span>  <span class=\"meta-nav\">&rarr;<\/span><\/a><\/p>\n","protected":false},"author":1,"featured_media":0,"comment_status":"open","ping_status":"open","sticky":false,"template":"","format":"standard","meta":{"footnotes":""},"categories":[14,7],"tags":[],"_links":{"self":[{"href":"https:\/\/prochoix.org\/index.php?rest_route=\/wp\/v2\/posts\/462"}],"collection":[{"href":"https:\/\/prochoix.org\/index.php?rest_route=\/wp\/v2\/posts"}],"about":[{"href":"https:\/\/prochoix.org\/index.php?rest_route=\/wp\/v2\/types\/post"}],"author":[{"embeddable":true,"href":"https:\/\/prochoix.org\/index.php?rest_route=\/wp\/v2\/users\/1"}],"replies":[{"embeddable":true,"href":"https:\/\/prochoix.org\/index.php?rest_route=%2Fwp%2Fv2%2Fcomments&post=462"}],"version-history":[{"count":1,"href":"https:\/\/prochoix.org\/index.php?rest_route=\/wp\/v2\/posts\/462\/revisions"}],"predecessor-version":[{"id":463,"href":"https:\/\/prochoix.org\/index.php?rest_route=\/wp\/v2\/posts\/462\/revisions\/463"}],"wp:attachment":[{"href":"https:\/\/prochoix.org\/index.php?rest_route=%2Fwp%2Fv2%2Fmedia&parent=462"}],"wp:term":[{"taxonomy":"category","embeddable":true,"href":"https:\/\/prochoix.org\/index.php?rest_route=%2Fwp%2Fv2%2Fcategories&post=462"},{"taxonomy":"post_tag","embeddable":true,"href":"https:\/\/prochoix.org\/index.php?rest_route=%2Fwp%2Fv2%2Ftags&post=462"}],"curies":[{"name":"wp","href":"https:\/\/api.w.org\/{rel}","templated":true}]}}