{"id":464,"date":"2015-05-19T21:08:25","date_gmt":"2015-05-19T20:08:25","guid":{"rendered":"http:\/\/www.prochoix.org\/wordpress\/?p=464"},"modified":"2015-07-05T08:11:08","modified_gmt":"2015-07-05T07:11:08","slug":"une-loi-qui-assure-la-liberte-de-conscience-pour-la-petite-enfance","status":"publish","type":"post","link":"https:\/\/prochoix.org\/?p=464","title":{"rendered":"\u00a0UNE LOI QUI ASSURE LA LIBERTE DE CONSCIENCE POUR LA PETITE ENFANCE\u00a0"},"content":{"rendered":"<p>L\u2019Assembl\u00e9e nationale vient d\u2019adopter en premi\u00e8re lecture et \u00e0 l\u2019unanimit\u00e9, une proposition de loi stipulant que les \u00e9tablissements et services accueillant des enfants de moins de six ans, peuvent apporter des restrictions \u00e0 la libert\u00e9 des salari\u00e9s de manifester leur religion, sous les conditions pr\u00e9vues par le code du travail. Cette loi si elle est adopt\u00e9e d\u00e9finitivement, reviendrait \u00e0 consolider le dernier arr\u00eat de la Cour de cassation sur Baby Loup qui pouvait \u00e0 tout moment \u00eatre remis en cause.<\/p>\n<p>Le Collectif la\u00efque n\u2019a cess\u00e9 d\u2019oeuvrer depuis cinq ans pour que les \u00e9tablissements priv\u00e9s et associatifs soient libres de faire le choix \u00e9ducatif de la neutralit\u00e9 religieuse en toute s\u00e9curit\u00e9 juridique. Il appr\u00e9cie que soit enfin consid\u00e9r\u00e9 en priorit\u00e9 l\u2019int\u00e9r\u00eat des enfants et de leur d\u00e9veloppement \u00e0 l\u2019abri des pros\u00e9lytismes de toute nature, conform\u00e9ment aux conventions internationales concernant les droits de l\u2019enfant.<\/p>\n<p>Il rend hommage \u00e0 l\u2019\u00e9quipe de Baby Loup et \u00e0 sa directrice, Natalia Baleato, dont l\u2019engagement la\u00efque a \u00e9t\u00e9 sans faille tout au long des \u00e9preuves et des incertitudes juridiques pass\u00e9es.<\/p>\n<p><b>Associations signataires :\u00a0<\/b>\u00a0COLLECTIF LAIQUE<\/p>\n<p><b>AEPL Ile de France\u00a0<\/b><\/p>\n<p><b>Association des Libres Penseurs de France (ADLPF),\u00a0<\/b><\/p>\n<p><b>CAEDEL, Mouvement Europe et La\u00efcit\u00e9,\u00a0<\/b><\/p>\n<p><b>Comit\u00e9 La\u00efcit\u00e9 R\u00e9publique (CLR),\u00a0<\/b><\/p>\n<p><b>Conseil National des Associations Familiales La\u00efques (CNAFAL),\u00a0<\/b><\/p>\n<p><b>EGALE, Egalit\u00e9-La\u00efcit\u00e9-Europe\u00a0<\/b><\/p>\n<p><b>F\u00e9d\u00e9ration Fran\u00e7aise \u00ab Le Droit Humain \u00bb\u00a0<\/b><\/p>\n<p><b>F\u00e9d\u00e9ration g\u00e9n\u00e9rale des PEP<\/b>,<\/p>\n<p><b>F\u00e9d\u00e9ration Nationale des D\u00e9l\u00e9gu\u00e9s D\u00e9partementaux de l&rsquo;\u00c9ducation Nationale,\u00a0<\/b><\/p>\n<p><b>Grande Loge F\u00e9minine de France,\u00a0<\/b><\/p>\n<p><b>Grande Loge Mixte de France<\/b>,<\/p>\n<p><b>Grande Loge Mixte Universelle,\u00a0<\/b><\/p>\n<p><b>La\u00efcit\u00e9-Libert\u00e9,\u00a0<\/b><\/p>\n<p><b>Le Chevalier de la Barre,\u00a0<\/b><\/p>\n<p><b>Les Comit\u00e9s 1905,\u00a0<\/b><\/p>\n<p><b>Libres MarianneS,\u00a0<\/b><\/p>\n<p><b>Ligue du Droit International des Femmes (LDIF),\u00a0<\/b><\/p>\n<p><b>Observatoire International de la la\u00efcit\u00e9,\u00a0<\/b><\/p>\n<p><b>Regards de Femmes<\/b>,<\/p>\n<p><b>Union des FAmilles La\u00efques (UFAL)<\/b><\/p>\n","protected":false},"excerpt":{"rendered":"<p>L\u2019Assembl\u00e9e nationale vient d\u2019adopter en premi\u00e8re lecture et \u00e0 l\u2019unanimit\u00e9, une proposition de loi stipulant que les \u00e9tablissements et services accueillant des enfants de moins de six ans, peuvent apporter des restrictions \u00e0 la libert\u00e9 des salari\u00e9s de manifester leur religion, sous les conditions pr\u00e9vues par le code du travail. Cette loi si elle est &hellip; <a href=\"https:\/\/prochoix.org\/?p=464\" class=\"more-link\">Continuer la lecture de <span class=\"screen-reader-text\">\u00a0UNE LOI QUI ASSURE LA LIBERTE DE CONSCIENCE POUR LA PETITE ENFANCE\u00a0<\/span>  <span class=\"meta-nav\">&rarr;<\/span><\/a><\/p>\n","protected":false},"author":1,"featured_media":0,"comment_status":"open","ping_status":"open","sticky":false,"template":"","format":"standard","meta":{"footnotes":""},"categories":[17],"tags":[],"_links":{"self":[{"href":"https:\/\/prochoix.org\/index.php?rest_route=\/wp\/v2\/posts\/464"}],"collection":[{"href":"https:\/\/prochoix.org\/index.php?rest_route=\/wp\/v2\/posts"}],"about":[{"href":"https:\/\/prochoix.org\/index.php?rest_route=\/wp\/v2\/types\/post"}],"author":[{"embeddable":true,"href":"https:\/\/prochoix.org\/index.php?rest_route=\/wp\/v2\/users\/1"}],"replies":[{"embeddable":true,"href":"https:\/\/prochoix.org\/index.php?rest_route=%2Fwp%2Fv2%2Fcomments&post=464"}],"version-history":[{"count":1,"href":"https:\/\/prochoix.org\/index.php?rest_route=\/wp\/v2\/posts\/464\/revisions"}],"predecessor-version":[{"id":465,"href":"https:\/\/prochoix.org\/index.php?rest_route=\/wp\/v2\/posts\/464\/revisions\/465"}],"wp:attachment":[{"href":"https:\/\/prochoix.org\/index.php?rest_route=%2Fwp%2Fv2%2Fmedia&parent=464"}],"wp:term":[{"taxonomy":"category","embeddable":true,"href":"https:\/\/prochoix.org\/index.php?rest_route=%2Fwp%2Fv2%2Fcategories&post=464"},{"taxonomy":"post_tag","embeddable":true,"href":"https:\/\/prochoix.org\/index.php?rest_route=%2Fwp%2Fv2%2Ftags&post=464"}],"curies":[{"name":"wp","href":"https:\/\/api.w.org\/{rel}","templated":true}]}}