{"id":470,"date":"2015-07-05T08:25:41","date_gmt":"2015-07-05T07:25:41","guid":{"rendered":"http:\/\/www.prochoix.org\/wordpress\/?p=470"},"modified":"2015-07-05T08:25:41","modified_gmt":"2015-07-05T07:25:41","slug":"45-associations-feministes-demandent-louverture-de-la-pma-pour-toutes-les-femmes","status":"publish","type":"post","link":"https:\/\/prochoix.org\/?p=470","title":{"rendered":"45 associations f\u00e9ministes demandent l&rsquo;ouverture de la PMA pour toutes les femmes"},"content":{"rendered":"<p dir=\"ltr\">Notre collectif, F\u00e9ministes en mouvement, accueille avec satisfaction l&rsquo;avis favorable du\u00a0<a href=\"http:\/\/osezlefeminisme.us2.list-manage.com\/track\/click?u=649a5fd94ddf5454a6864f394&amp;id=5d53d73a5c&amp;e=414c8f3c93\" target=\"_blank\">Haut Conseil \u00e0 l&rsquo;\u00e9galit\u00e9<\/a>\u00a0entre les femmes et les hommes pour la Procr\u00e9ation M\u00e9dicale Assist\u00e9e pour toutes les femmes.<\/p>\n<p dir=\"ltr\">Nos 45 associations ont toujours revendiqu\u00e9 ce droit pour les femmes qui s&rsquo;inscrit dans la continuit\u00e9 de nos luttes pour l&rsquo;\u00e9limination des discriminations.<\/p>\n<p dir=\"ltr\">\u00c0 pr\u00e9sent que les couples lesbiens peuvent se marier, adopter l&rsquo;enfant de leur conjointe,\u00a0<b>il est temps que le gouvernement ouvre le droit \u00e0 la PMA pour toutes et rompe avec l&rsquo;hypocrisie<\/b>\u00a0puisque les femmes qui souhaitent \u00eatre enceintes ont, soit des relations sexuelles non prot\u00e9g\u00e9es, soit, pour les plus ais\u00e9es d&rsquo;entre elles, partent vers des pays qui autorisent la PMA.<\/p>\n<p dir=\"ltr\">Bien \u00e9videmment, la GPA (Gestation pour Autrui), qui cautionne la marchandisation du corps des femmes, ne peut en aucun cas \u00eatre en discussion parall\u00e8le ni soutenue par notre collectif.<\/p>\n<p dir=\"ltr\">Nous sommes choqu\u00e9-e-s par les propos du porte-parole du Gouvernement St\u00e9phane Le Foll qui a d\u00e9clar\u00e9 \u00e0 la sortie du Conseil des ministres du 1er juillet qu'\u00a0\u00bbil n&rsquo;y aura pas de proposition sur la PMA\u00a0\u00bb de la part du Gouvernement. Nous esp\u00e9rons qu&rsquo;il ne s&rsquo;agit que d&rsquo;une erreur et appelons Manuel Valls et Fran\u00e7ois Hollande \u00e0 tenir leurs engagements. Pour notre part, nous resterons mobilis\u00e9.e.s jusqu&rsquo;\u00e0 l&rsquo;obtention de l&rsquo;acc\u00e8s \u00e0 la PMA pour toutes les femmes.<\/p>\n<p><span class=\"\">\u00a0<\/span><\/p>\n<h6 dir=\"ltr\"><b>FIT \u2013 Une femme, un toit, Ad\u00e9quations, ANEF, Assembl\u00e9e des femmes, Association 40 ans de mouvement, Association Entraide et Mouvement des Femmes, ATTAC \u2013 commission genre, Centre LGBT Ile de France, Chiennes de Garde, Collectif F\u00e9ministe Contre le Viol, Coordination fran\u00e7aise pour le Lobby Europ\u00e9en des Femmes, Du C\u00f4t\u00e9 des femmes, Elles aussi, Elles imaginent, L\u2019Escale, F\u00e9d\u00e9ration Nationale Solidarit\u00e9 Femmes, F\u00e9minisme et G\u00e9opolitique, Femix\u2019Sports, Femmes migrantes debout !, Femmes pour le dire, femmes pour agir, Femmes Solidaires, Forum Femmes M\u00e9diterran\u00e9e, GAMS, GRIF, Le Monde \u00e0 Travers un Regard, Ligue du Droit International des Femmes, M\u00e9moire traumatique et victimologie, Mouvement du Nid, Mouvement Jeunes Femmes, Osez le f\u00e9minisme !, Rajfire, Resistances de femmes, R\u00e9seau F\u00e9ministe International, R\u00e9ussir l\u2019\u00e9galit\u00e9 femmes-hommes, R\u00e9seau f\u00e9ministe \u00ab Ruptures \u00bb, SOS Homophobie, SOS Sexisme, Voix de femmes, CQFD Fiert\u00e9 Lesbienne, Maison des femmes de Montreuil, Prochoix, Voix d\u2019Elles Rebelles<\/b><\/h6>\n","protected":false},"excerpt":{"rendered":"<p>Notre collectif, F\u00e9ministes en mouvement, accueille avec satisfaction l&rsquo;avis favorable du\u00a0Haut Conseil \u00e0 l&rsquo;\u00e9galit\u00e9\u00a0entre les femmes et les hommes pour la Procr\u00e9ation M\u00e9dicale Assist\u00e9e pour toutes les femmes. Nos 45 associations ont toujours revendiqu\u00e9 ce droit pour les femmes qui s&rsquo;inscrit dans la continuit\u00e9 de nos luttes pour l&rsquo;\u00e9limination des discriminations. \u00c0 pr\u00e9sent que les &hellip; <a href=\"https:\/\/prochoix.org\/?p=470\" class=\"more-link\">Continuer la lecture de <span class=\"screen-reader-text\">45 associations f\u00e9ministes demandent l&rsquo;ouverture de la PMA pour toutes les femmes<\/span>  <span class=\"meta-nav\">&rarr;<\/span><\/a><\/p>\n","protected":false},"author":1,"featured_media":0,"comment_status":"open","ping_status":"open","sticky":false,"template":"","format":"standard","meta":{"footnotes":""},"categories":[17],"tags":[],"_links":{"self":[{"href":"https:\/\/prochoix.org\/index.php?rest_route=\/wp\/v2\/posts\/470"}],"collection":[{"href":"https:\/\/prochoix.org\/index.php?rest_route=\/wp\/v2\/posts"}],"about":[{"href":"https:\/\/prochoix.org\/index.php?rest_route=\/wp\/v2\/types\/post"}],"author":[{"embeddable":true,"href":"https:\/\/prochoix.org\/index.php?rest_route=\/wp\/v2\/users\/1"}],"replies":[{"embeddable":true,"href":"https:\/\/prochoix.org\/index.php?rest_route=%2Fwp%2Fv2%2Fcomments&post=470"}],"version-history":[{"count":1,"href":"https:\/\/prochoix.org\/index.php?rest_route=\/wp\/v2\/posts\/470\/revisions"}],"predecessor-version":[{"id":471,"href":"https:\/\/prochoix.org\/index.php?rest_route=\/wp\/v2\/posts\/470\/revisions\/471"}],"wp:attachment":[{"href":"https:\/\/prochoix.org\/index.php?rest_route=%2Fwp%2Fv2%2Fmedia&parent=470"}],"wp:term":[{"taxonomy":"category","embeddable":true,"href":"https:\/\/prochoix.org\/index.php?rest_route=%2Fwp%2Fv2%2Fcategories&post=470"},{"taxonomy":"post_tag","embeddable":true,"href":"https:\/\/prochoix.org\/index.php?rest_route=%2Fwp%2Fv2%2Ftags&post=470"}],"curies":[{"name":"wp","href":"https:\/\/api.w.org\/{rel}","templated":true}]}}