{"id":472,"date":"2015-07-05T14:16:26","date_gmt":"2015-07-05T13:16:26","guid":{"rendered":"http:\/\/www.prochoix.org\/wordpress\/?p=472"},"modified":"2015-07-05T14:16:26","modified_gmt":"2015-07-05T13:16:26","slug":"la-laicite-jusquou","status":"publish","type":"post","link":"https:\/\/prochoix.org\/?p=472","title":{"rendered":"LA LA\u00cfCIT\u00c9, JUSQU\u2019O\u00d9 ?"},"content":{"rendered":"<p>Dans ce\u00a0num\u00e9ro de Cahier de dol\u00e9ance, <a href=\"http:\/\/www.carolinefourest.com\">Caroline Fourest<\/a>\u00a0explique\u00a0le contournement de la 1905 pour accompagner la cr\u00e9ation de lieux de cultes, la reconfessionnalisation de villes comme celle deSaint-Denis, la question des menus s\u00e9par\u00e9s ou des accompagnantes scolaires. Elle parle aussi de\u00a0la question des \u00e9tablissements confessionnels sous influence int\u00e9griste, catholiques et musulmans, malgr\u00e9 leurs contrats avec l\u2019Etat.<\/p>\n<p><iframe loading=\"lazy\" frameborder=\"0\" width=\"474\" height=\"268\" src=\"http:\/\/www.dailymotion.com\/embed\/video\/x2p9ye6\" allowfullscreen><\/iframe><\/p>\n<p>Rendez-vous \u00e0 l\u2019Observatoire de la la\u00efcit\u00e9 avec son pr\u00e9sident Jean-Louis Bianco et l\u2019un de ses membres, Patrick Kessel. Avec Jacqueline Costa-Lascoux, directrice de recherche au CNRS. Avec le maire de Saint-Denis et des militants la\u00efques de la ville ayant fui l\u2019islamisme en Alg\u00e9rie. Avec une d\u00e9l\u00e9gu\u00e9e de la FCPE favorable \u00e0 ce que des m\u00e8res puissent accompagner les sorties scolaires avec leur voile. Puis nous croisons les regards de d\u00e9put\u00e9s\u00a0: Christophe Caresche du PS et Christian Kert de l\u2019UMP.<\/p>\n","protected":false},"excerpt":{"rendered":"<p>Dans ce\u00a0num\u00e9ro de Cahier de dol\u00e9ance, Caroline Fourest\u00a0explique\u00a0le contournement de la 1905 pour accompagner la cr\u00e9ation de lieux de cultes, la reconfessionnalisation de villes comme celle deSaint-Denis, la question des menus s\u00e9par\u00e9s ou des accompagnantes scolaires. Elle parle aussi de\u00a0la question des \u00e9tablissements confessionnels sous influence int\u00e9griste, catholiques et musulmans, malgr\u00e9 leurs contrats avec l\u2019Etat. &hellip; <a href=\"https:\/\/prochoix.org\/?p=472\" class=\"more-link\">Continuer la lecture de <span class=\"screen-reader-text\">LA LA\u00cfCIT\u00c9, JUSQU\u2019O\u00d9 ?<\/span>  <span class=\"meta-nav\">&rarr;<\/span><\/a><\/p>\n","protected":false},"author":1,"featured_media":0,"comment_status":"open","ping_status":"open","sticky":false,"template":"","format":"standard","meta":{"footnotes":""},"categories":[17],"tags":[36,106,105],"_links":{"self":[{"href":"https:\/\/prochoix.org\/index.php?rest_route=\/wp\/v2\/posts\/472"}],"collection":[{"href":"https:\/\/prochoix.org\/index.php?rest_route=\/wp\/v2\/posts"}],"about":[{"href":"https:\/\/prochoix.org\/index.php?rest_route=\/wp\/v2\/types\/post"}],"author":[{"embeddable":true,"href":"https:\/\/prochoix.org\/index.php?rest_route=\/wp\/v2\/users\/1"}],"replies":[{"embeddable":true,"href":"https:\/\/prochoix.org\/index.php?rest_route=%2Fwp%2Fv2%2Fcomments&post=472"}],"version-history":[{"count":1,"href":"https:\/\/prochoix.org\/index.php?rest_route=\/wp\/v2\/posts\/472\/revisions"}],"predecessor-version":[{"id":473,"href":"https:\/\/prochoix.org\/index.php?rest_route=\/wp\/v2\/posts\/472\/revisions\/473"}],"wp:attachment":[{"href":"https:\/\/prochoix.org\/index.php?rest_route=%2Fwp%2Fv2%2Fmedia&parent=472"}],"wp:term":[{"taxonomy":"category","embeddable":true,"href":"https:\/\/prochoix.org\/index.php?rest_route=%2Fwp%2Fv2%2Fcategories&post=472"},{"taxonomy":"post_tag","embeddable":true,"href":"https:\/\/prochoix.org\/index.php?rest_route=%2Fwp%2Fv2%2Ftags&post=472"}],"curies":[{"name":"wp","href":"https:\/\/api.w.org\/{rel}","templated":true}]}}