{"id":556,"date":"1997-11-12T14:49:45","date_gmt":"1997-11-12T13:49:45","guid":{"rendered":"http:\/\/www.prochoix.org\/wordpress\/?p=556"},"modified":"2015-10-16T14:50:25","modified_gmt":"2015-10-16T13:50:25","slug":"prochoix-n-1-decembre-1997","status":"publish","type":"post","link":"https:\/\/prochoix.org\/?p=556","title":{"rendered":"PROCHOIX n\u00b0 1 &#8211; d\u00e9cembre 1997"},"content":{"rendered":"<div class=\"post-content\">\n<h4>Le Premier EDITO de ProChoix\u00a0! par Caroline Fourest<\/h4>\n<p><em>\u00ab\u00a0Prochoix\u00a0! Le droit de choisir, le choix de tous les choix&#8230; Depuis dix ans que l&rsquo;arri\u00e8re-garde provie s&rsquo;est remis en t\u00eate de menacer nos droits, ce mot d\u00e9signe plus que la d\u00e9fense de l&rsquo;avortement et de contraception. Au del\u00e0 d&rsquo;un simple bras de fer avec des anti-IVG, nous d\u00e9fendons chaque jour (parfois sans le savoir), le droit de choisir sa vie, ses vies, face \u00e0 ceux qui ne r\u00eavent que de LA Vie au singulier&#8230;\u00a0\u00bb<\/em><\/p>\n<h5>Enqu\u00eate sur les provie (Fiammetta Venner)<\/h5>\n<p><em>Au cours d&rsquo;une enqu\u00eate men\u00e9e en janvier 1995, pr\u00e8s de 1000 questionnaires ont \u00e9t\u00e9 soumis au mouvement provie\u00a0: soit directement lors de commandos et sittings devant les cliniques, soit en \u00e9tant envoy\u00e9s \u00e0 des adh\u00e9rents provie via leurs associations. Fin janvier 1996, 220 questionnaires \u00e9taient r\u00e9ceptionn\u00e9s dont 203 utilisables. l&rsquo;article qui suit se propose d&rsquo;analyser pour la premi\u00e8re fois dans une publication les r\u00e9sultats de ce travail&#8230;<\/em><\/p>\n<h5>Etre pro-choix face aux pro-vie (Caroline Fourest)<\/h5>\n<p><em>En France, depuis dix ans que les commandos et les groupes anti-IVG ont lanc\u00e9 leur offensive contre l&rsquo;avortement, tout se passe comme si le bras de fer ne devait se d\u00e9rouler qu&rsquo;entre pro et anti-IVG. Mais sommes nous bien toujours en face d&rsquo;anti-IVG\u00a0? Et si nous \u00e9tions en face de provie, ne faudrait-il pas songer \u00e0 constituer un mouvement prochoix \u00e0 la hauteur ?&#8230;<\/em><\/p>\n<h5>ProChoix\u00a0: \u00e0 nous d&rsquo;inventer la vie qui va avec\u00a0!<\/h5>\n<p><em>Sans souci de repr\u00e9sentativit\u00e9, nous avons demand\u00e9 \u00e0 quelques prochoix d&rsquo;ouvrir avec nous le d\u00e9bat sur la diversit\u00e9, la richesse et l&rsquo;\u00e9lan \u00e0 donner \u00e0 ce mouvement en France.<\/em><\/p>\n<ul>\n<li><strong>Claudie Lesselier<\/strong>\u00a0: \u00ab\u00a0Un mouvement &lsquo;prochoix&rsquo;\u00a0: pourquoi\u00a0? Et sur quelles bases\u00a0?\u00a0\u00bb<\/li>\n<li><strong>Christian Terras<\/strong>\u00a0: \u00ab\u00a0Choix et morale\u00a0\u00bb<\/li>\n<li><strong>Nicole Sirejean<\/strong>\u00a0: \u00ab\u00a0Contre l&rsquo;ordre moral, tout l&rsquo;ordre moral\u00a0\u00bb<\/li>\n<li><strong>Odile Dhavernas<\/strong>\u00a0: \u00ab\u00a0Choisir&#8230; jusqu&rsquo;\u00e0 sa mort\u00a0!\u00a0\u00bb<\/li>\n<\/ul>\n<\/div>\n<p>mercredi 12 novembre 1997<\/p>\n","protected":false},"excerpt":{"rendered":"<p>Le Premier EDITO de ProChoix\u00a0! par Caroline Fourest \u00ab\u00a0Prochoix\u00a0! Le droit de choisir, le choix de tous les choix&#8230; Depuis dix ans que l&rsquo;arri\u00e8re-garde provie s&rsquo;est remis en t\u00eate de menacer nos droits, ce mot d\u00e9signe plus que la d\u00e9fense de l&rsquo;avortement et de contraception. Au del\u00e0 d&rsquo;un simple bras de fer avec des anti-IVG, &hellip; <a href=\"https:\/\/prochoix.org\/?p=556\" class=\"more-link\">Continuer la lecture de <span class=\"screen-reader-text\">PROCHOIX n\u00b0 1 &#8211; d\u00e9cembre 1997<\/span>  <span class=\"meta-nav\">&rarr;<\/span><\/a><\/p>\n","protected":false},"author":1,"featured_media":0,"comment_status":"open","ping_status":"open","sticky":false,"template":"","format":"standard","meta":{"footnotes":""},"categories":[17],"tags":[],"_links":{"self":[{"href":"https:\/\/prochoix.org\/index.php?rest_route=\/wp\/v2\/posts\/556"}],"collection":[{"href":"https:\/\/prochoix.org\/index.php?rest_route=\/wp\/v2\/posts"}],"about":[{"href":"https:\/\/prochoix.org\/index.php?rest_route=\/wp\/v2\/types\/post"}],"author":[{"embeddable":true,"href":"https:\/\/prochoix.org\/index.php?rest_route=\/wp\/v2\/users\/1"}],"replies":[{"embeddable":true,"href":"https:\/\/prochoix.org\/index.php?rest_route=%2Fwp%2Fv2%2Fcomments&post=556"}],"version-history":[{"count":1,"href":"https:\/\/prochoix.org\/index.php?rest_route=\/wp\/v2\/posts\/556\/revisions"}],"predecessor-version":[{"id":557,"href":"https:\/\/prochoix.org\/index.php?rest_route=\/wp\/v2\/posts\/556\/revisions\/557"}],"wp:attachment":[{"href":"https:\/\/prochoix.org\/index.php?rest_route=%2Fwp%2Fv2%2Fmedia&parent=556"}],"wp:term":[{"taxonomy":"category","embeddable":true,"href":"https:\/\/prochoix.org\/index.php?rest_route=%2Fwp%2Fv2%2Fcategories&post=556"},{"taxonomy":"post_tag","embeddable":true,"href":"https:\/\/prochoix.org\/index.php?rest_route=%2Fwp%2Fv2%2Ftags&post=556"}],"curies":[{"name":"wp","href":"https:\/\/api.w.org\/{rel}","templated":true}]}}